{"id":10015,"date":"2017-10-23T20:42:18","date_gmt":"2017-10-23T18:42:18","guid":{"rendered":"http:\/\/www.moravecteam.cz\/?p=10015"},"modified":"2017-10-23T23:55:33","modified_gmt":"2017-10-23T21:55:33","slug":"cyklokrosove-stredy-2","status":"publish","type":"post","link":"https:\/\/www.moravecteam.cz\/?p=10015","title":{"rendered":"Cyklokrosov\u00e9 st\u0159edy&#8230;"},"content":{"rendered":"<p style=\"text-align: justify;\"><span style=\"color: #800000;\"><strong>Favorit Brno i letos organizuje s\u00e9rii z\u00e1vod\u016f Brn\u011bnsk\u00e9 cyklokrosov\u00e9 st\u0159edy (ofici\u00e1ln\u011b Brn\u011bnsk\u00fd cyklokrosov\u00fd poh\u00e1r 2017) a hned na t\u00e9 prvn\u00ed n\u00e1s minul\u00fd t\u00fdden reprezentovalo p\u011bt rajdr\u016f, vesm\u011bs z na\u0161\u00ed\u00a0&#8222;do\u010dasn\u00e9 podzimn\u00ed ostr\u00e9 cyklokrosov\u00e9 roty&#8220;. Po sv\u00e9m zran\u011bn\u00ed \u00a0se op\u011bt objevil (po boskovick\u00e9 MTB &#8222;Vrchovin\u011b&#8220;) na trati Dominik Prudek a n\u00e1vrat \u017ee to byl v\u011bru vyda\u0159en\u00fd!<\/strong> <strong>Zd\u00e1 se, \u017ee u\u017e nic nebude br\u00e1nit jeho \u00fa\u010dasti na n\u00e1sleduj\u00edc\u00edm z\u00e1vod\u011b \u010cesk\u00e9ho poh\u00e1ru v t\u00e9to discipl\u00edn\u011b, kter\u00fd pohost\u00ed v sobotu Hol\u00e9 Vrchy u Mlad\u00e9 Boleslavi.<\/strong><\/span><\/p>\n<figure id=\"attachment_10033\" aria-describedby=\"caption-attachment-10033\" style=\"width: 1335px\" class=\"wp-caption alignnone\"><a href=\"http:\/\/www.moravecteam.cz\/?attachment_id=10033\" rel=\"attachment wp-att-10033\"><img decoding=\"async\" loading=\"lazy\" class=\" wp-image-10033 \" alt=\"DSC_4330\" src=\"http:\/\/www.moravecteam.cz\/wp-content\/uploads\/2017\/10\/DSC_4330.jpg\" width=\"1335\" height=\"1720\" srcset=\"https:\/\/www.moravecteam.cz\/wp-content\/uploads\/2017\/10\/DSC_4330.jpg 1335w, https:\/\/www.moravecteam.cz\/wp-content\/uploads\/2017\/10\/DSC_4330-232x300.jpg 232w, https:\/\/www.moravecteam.cz\/wp-content\/uploads\/2017\/10\/DSC_4330-794x1024.jpg 794w\" sizes=\"(max-width: 1335px) 100vw, 1335px\" \/><\/a><figcaption id=\"caption-attachment-10033\" class=\"wp-caption-text\">Dominik Prudek se po zran\u011bn\u00ed p\u0159edstavil na prvn\u00edm cyklokrosu v Brn\u011b v nd\u011bjn\u00e9m sv\u011btle!<\/figcaption><\/figure>\n<p style=\"text-align: justify;\">Byl to pr\u00e1v\u011b <span style=\"color: #800000;\"><strong>Dominik Prudek<\/strong><\/span>, kter\u00fd vyhr\u00e1l hlavn\u00ed z\u00e1vod v absolutn\u00edm po\u0159ad\u00ed. K na\u0161\u00ed velk\u00e9 radosti s n\u00edm dr\u017eel krok dosavdn\u00ed jednozna\u010dn\u00fd l\u00eddr leto\u0161n\u00ed &#8222;do\u010dasn\u00e9 podzimn\u00ed cyklokrosov\u00e9 roty&#8220; MORAVEC Teamu &#8211; <strong><span style=\"color: #800000;\">Honza &#8222;D\u017eony&#8220; \u0160indel\u00e1\u0159<\/span><\/strong>, kter\u00fd se sv\u00fdm star\u0161\u00edm t\u00fdmov\u00fdm par\u0165\u00e1kem dospurtoval a\u017e do c\u00edle tak \u0159\u00edkaj\u00edc, &#8222;kolo na kolo&#8220;&#8230; Jenom p\u0159ipom\u00edn\u00e1m, \u017ee Dom\u010da t\u00edm p\u00e1dem ovl\u00e1dl z\u00e1vod mu\u017e\u016f ELITE a Honza byl zase i nejlep\u0161\u00ed z kadet\u016f.<\/p>\n<figure id=\"attachment_10034\" aria-describedby=\"caption-attachment-10034\" style=\"width: 1191px\" class=\"wp-caption alignnone\"><a href=\"http:\/\/www.moravecteam.cz\/?attachment_id=10034\" rel=\"attachment wp-att-10034\"><img decoding=\"async\" loading=\"lazy\" class=\" wp-image-10034\" alt=\"DSC_4740\" src=\"http:\/\/www.moravecteam.cz\/wp-content\/uploads\/2017\/10\/DSC_4740.jpg\" width=\"1191\" height=\"1278\" srcset=\"https:\/\/www.moravecteam.cz\/wp-content\/uploads\/2017\/10\/DSC_4740.jpg 1191w, https:\/\/www.moravecteam.cz\/wp-content\/uploads\/2017\/10\/DSC_4740-279x300.jpg 279w, https:\/\/www.moravecteam.cz\/wp-content\/uploads\/2017\/10\/DSC_4740-954x1024.jpg 954w\" sizes=\"(max-width: 1191px) 100vw, 1191px\" \/><\/a><figcaption id=\"caption-attachment-10034\" class=\"wp-caption-text\">Honza &#8222;D\u017eony&#8220; \u0160indel\u00e1\u0159 se o veden\u00ed se sv\u00fdm t\u00fdmov\u00fdm par\u0165\u00e1kem p\u0159etahoval. I on v Brn\u011b prok\u00e1zal, \u017ee jeho cyklokrosov\u00e1 v\u00fdkonnost jde vzh\u016fru.<\/figcaption><\/figure>\n<p style=\"text-align: justify;\">V Brn\u011b startoval i <strong><span style=\"color: #800000;\">Roman \u0160indel\u00e1\u0159<\/span><\/strong> a\u00a0 byl nejrychlej\u0161\u00ed v kategorii star\u0161\u00edch \u017e\u00e1k\u016f! Kadet\u00a0<strong><span style=\"color: #800000;\">Jakub Tesa\u0159\u00a0<\/span><\/strong><span style=\"color: #000000;\">byl klasifikov\u00e1n jako \u010dtvrt\u00fd\u00a0<\/span>\u00a0a &#8222;mastr&#8220;\u00a0<strong><span style=\"color: #800000;\">Franti\u0161ek Pad\u011bra,<\/span><\/strong><span style=\"color: #800000;\">\u00a0<\/span><span style=\"color: #800000;\"><span style=\"color: #000000;\">kter\u00e9ho<\/span><\/span>\u00a0po\u0159adatel\u00e9 za\u0159adili mezi &#8222;eli\u0165\u00e1ky&#8220;, dojel na 10. m\u00edst\u011b.\u00a0 Zde by se ka\u017edop\u00e1dn\u011b <strong><a href=\"http:\/\/www.favoritbrno.cz\/sportovni-akce-a-vysledky.php\">v\u00fdsledky<\/a><\/strong> m\u011bly d\u0159\u00edve nebo pozd\u011bji objevit, my je u\u017e ale m\u00e1me od \u0159editele z\u00e1vodu p. Lazara (d\u00edky Frantovi Pad\u011brovi) s p\u0159edstihem v t\u00e9to podob\u011b: <strong><a href=\"http:\/\/www.moravecteam.cz\/?attachment_id=10068\" rel=\"attachment wp-att-10068\">BCP v\u00fdsledky<\/a>.\u00a0<\/strong>Je jen \u0161koda, \u017ee tento z\u00e1kladn\u00ed prvek ka\u017ed\u00e9ho cyklistick\u00e9ho z\u00e1vodu &#8211; \u010d\u00edm\u017e v\u00fdsledky beze sporu jsou &#8211;\u00a0 je ze starany po\u0159adatel\u016f tak trochu opom\u00edjen, resp.v\u010dasnost jejich uveden\u00ed&#8230; Z fotek nevypad\u00e1,\u00a0 \u017ee by zde po\u0159adatel\u016f bylo m\u00e1lo, tak\u017ee si mysl\u00edm, \u017ee by mohli rajdr\u016fm b\u00fdt k dispozici d\u0159\u00edve ne\u017e je tomu v sou\u010dasnosti&#8230; Jak zn\u00e1m &#8222;favori\u0165\u00e1y&#8220;, pevn\u011b v\u011b\u0159\u00edm, \u017ee k posunu v t\u00e9to v\u011bci ur\u010dit\u011b dojde&#8230;<\/p>\n<p><a href=\"http:\/\/www.moravecteam.cz\/?attachment_id=10037\" rel=\"attachment wp-att-10037\"><img decoding=\"async\" loading=\"lazy\" class=\"size-full wp-image-10037  alignnone\" title=\"Jakubovi Tesa\u0159ovi brn\u011bnsk\u00e9 cyklokrosov\u00e9 st\u0159edy ur\u010dit\u011b pom\u016f\u017eou.\" alt=\"DSC_4218\" src=\"http:\/\/www.moravecteam.cz\/wp-content\/uploads\/2017\/10\/DSC_4218.jpg\" width=\"159\" height=\"300\" \/><\/a><a href=\"http:\/\/www.moravecteam.cz\/?attachment_id=10036\" rel=\"attachment wp-att-10036\"><img decoding=\"async\" loading=\"lazy\" class=\"size-full wp-image-10036 alignnone\" title=\"Roman \u0160indel\u00e1\u0159 na trati prvn\u00edho Brn\u011bnsk\u00e9ho cyklokrosu.\" alt=\"DSC_4203\" src=\"http:\/\/www.moravecteam.cz\/wp-content\/uploads\/2017\/10\/DSC_4203.jpg\" width=\"153\" height=\"300\" \/><\/a><a style=\"text-align: justify;\" href=\"http:\/\/www.moravecteam.cz\/?attachment_id=10038\" rel=\"attachment wp-att-10038\"><img decoding=\"async\" loading=\"lazy\" class=\"alignnone size-full wp-image-10038\" title=\"Franta Pad\u011bra startoval v brn\u011b na biku a taky mu to jelo!\" alt=\"DSC_4222\" src=\"http:\/\/www.moravecteam.cz\/wp-content\/uploads\/2017\/10\/DSC_4222.jpg\" width=\"155\" height=\"300\" \/><\/a><\/p>\n<p style=\"text-align: justify;\">Dva na\u0161i kamar\u00e1di &#8211;\u00a0 fotografov\u00e9 se postarali o kvalitn\u00ed\u00a0 fotogalerie, kdy\u017e\u00a0 p\u0159edev\u0161\u00edm &#8222;Alan Jones 1&#8220; alias M\u00edra Rezek se minulou st\u0159edu v podzimn\u00edm brn\u011bnsk\u00e9m lesn\u00edm hvozdu p\u0159ekon\u00e1val&#8230;<\/p>\n<ul>\n<li><strong><a href=\"http:\/\/cefra.rajce.idnes.cz\/Brnensky_Cyklokrosovy_Pohar_c.1._18._10._2017\/\">Fotogalerie Franti\u0161ek \u010cefel\u00edn st.<\/a><\/strong><\/li>\n<li><strong><a href=\"http:\/\/jones1.rajce.idnes.cz\/Brnensky_cyklokrosovy_pohar_18.10.2017\/\">Fotogalerie Jarom\u00edr Rezek<\/a><\/strong><\/li>\n<\/ul>\n<figure id=\"attachment_10035\" aria-describedby=\"caption-attachment-10035\" style=\"width: 739px\" class=\"wp-caption alignnone\"><a href=\"http:\/\/www.moravecteam.cz\/?attachment_id=10035\" rel=\"attachment wp-att-10035\"><img decoding=\"async\" loading=\"lazy\" class=\" wp-image-10035\" alt=\"P1340925\" src=\"http:\/\/www.moravecteam.cz\/wp-content\/uploads\/2017\/10\/P1340925.jpg\" width=\"739\" height=\"469\" srcset=\"https:\/\/www.moravecteam.cz\/wp-content\/uploads\/2017\/10\/P1340925.jpg 739w, https:\/\/www.moravecteam.cz\/wp-content\/uploads\/2017\/10\/P1340925-300x190.jpg 300w\" sizes=\"(max-width: 739px) 100vw, 739px\" \/><\/a><figcaption id=\"caption-attachment-10035\" class=\"wp-caption-text\">Dramatick\u00fd fini\u0161 prvn\u00ed Brn\u011bnsk\u00e9 cyklokrosov\u00e9 st\u0159edy byl v re\u017eii borc\u016f MORAVEC Teamu!<\/figcaption><\/figure>\n<p style=\"text-align: justify;\">\n","protected":false},"excerpt":{"rendered":"<p>Favorit Brno i letos organizuje s\u00e9rii z\u00e1vod\u016f Brn\u011bnsk\u00e9 cyklokrosov\u00e9 st\u0159edy (ofici\u00e1ln\u011b Brn\u011bnsk\u00fd cyklokrosov\u00fd poh\u00e1r 2017) a hned na t\u00e9 prvn\u00ed n\u00e1s minul\u00fd t\u00fdden reprezentovalo p\u011bt rajdr\u016f, vesm\u011bs z na\u0161\u00ed\u00a0&#8222;do\u010dasn\u00e9 podzimn\u00ed ostr\u00e9 cyklokrosov\u00e9 roty&#8220;. Po sv\u00e9m zran\u011bn\u00ed \u00a0se op\u011bt objevil (po boskovick\u00e9 MTB &#8222;Vrchovin\u011b&#8220;) na trati Dominik Prudek a n\u00e1vrat \u017ee to byl v\u011bru vyda\u0159en\u00fd! Zd\u00e1 &hellip; <a href=\"https:\/\/www.moravecteam.cz\/?p=10015\" class=\"more-link\">Pokra\u010dov\u00e1n\u00ed textu <span class=\"screen-reader-text\">Cyklokrosov\u00e9 st\u0159edy&#8230;<\/span> <span class=\"meta-nav\">&rarr;<\/span><\/a><\/p>\n","protected":false},"author":3,"featured_media":10032,"comment_status":"open","ping_status":"closed","sticky":false,"template":"","format":"standard","meta":[],"categories":[1],"tags":[],"_links":{"self":[{"href":"https:\/\/www.moravecteam.cz\/index.php?rest_route=\/wp\/v2\/posts\/10015"}],"collection":[{"href":"https:\/\/www.moravecteam.cz\/index.php?rest_route=\/wp\/v2\/posts"}],"about":[{"href":"https:\/\/www.moravecteam.cz\/index.php?rest_route=\/wp\/v2\/types\/post"}],"author":[{"embeddable":true,"href":"https:\/\/www.moravecteam.cz\/index.php?rest_route=\/wp\/v2\/users\/3"}],"replies":[{"embeddable":true,"href":"https:\/\/www.moravecteam.cz\/index.php?rest_route=%2Fwp%2Fv2%2Fcomments&post=10015"}],"version-history":[{"count":13,"href":"https:\/\/www.moravecteam.cz\/index.php?rest_route=\/wp\/v2\/posts\/10015\/revisions"}],"predecessor-version":[{"id":10071,"href":"https:\/\/www.moravecteam.cz\/index.php?rest_route=\/wp\/v2\/posts\/10015\/revisions\/10071"}],"wp:featuredmedia":[{"embeddable":true,"href":"https:\/\/www.moravecteam.cz\/index.php?rest_route=\/wp\/v2\/media\/10032"}],"wp:attachment":[{"href":"https:\/\/www.moravecteam.cz\/index.php?rest_route=%2Fwp%2Fv2%2Fmedia&parent=10015"}],"wp:term":[{"taxonomy":"category","embeddable":true,"href":"https:\/\/www.moravecteam.cz\/index.php?rest_route=%2Fwp%2Fv2%2Fcategories&post=10015"},{"taxonomy":"post_tag","embeddable":true,"href":"https:\/\/www.moravecteam.cz\/index.php?rest_route=%2Fwp%2Fv2%2Ftags&post=10015"}],"curies":[{"name":"wp","href":"https:\/\/api.w.org\/{rel}","templated":true}]}}