{"id":10017,"date":"2017-10-23T23:06:28","date_gmt":"2017-10-23T21:06:28","guid":{"rendered":"http:\/\/www.moravecteam.cz\/?p=10017"},"modified":"2017-10-23T23:06:28","modified_gmt":"2017-10-23T21:06:28","slug":"pozlacene-viadukty","status":"publish","type":"post","link":"https:\/\/www.moravecteam.cz\/?p=10017","title":{"rendered":"Pozlacen\u00e9 &#8222;viadukty&#8220;!"},"content":{"rendered":"<p style=\"text-align: justify;\"><span style=\"color: #800000;\"><strong>(Nejen) mlad\u00ed rajd\u0159i MORAVEC Teamu dr\u017e\u00ed v\u00edt\u011bznou faz\u00f3nu i v sou\u010dasn\u00e9m pro bikery ji\u017e &#8222;velmi pozdn\u00edm odpoledni&#8220;&#8230; V obci Jezernice u P\u0159erova zorganizoval minulou sobotu t\u00fdm, po\u0159\u00e1daj\u00edc\u00ed popul\u00e1rn\u00ed \u0160elu MTB maraton<\/strong> <strong>dal\u0161\u00ed, tak\u00e9 ji\u017e tradi\u010dn\u00ed maratonskou race &#8211; Jezernick\u00e9 viadukty. A proto\u017ee stejn\u011b jako popul\u00e1rn\u00ed &#8222;\u0160ela&#8220; byly i &#8222;Viadukty&#8220; &#8222;open&#8220; tak\u00e9 pro \u017eactvo, nechyb\u011bly zde\u00a0 &#8211; samo, \u017ee &#8211; na\u0161e\u00a0 &#8222;mlad\u00e9 pu\u0161ky&#8220;, kter\u00e9 dok\u00e1zaly &#8222;vyst\u0159\u00edlet&#8220; pro MORAVEC Team hned t\u0159i cenn\u00e9 kovy! Ale v\u00fdsledkov\u011b se v bitv\u011b na &#8222;P\u0159erovsk\u00e9m poli&#8220;\u00a0 neztratily v siln\u00e9 konkurenci ani na\u0161e &#8222;postar\u0161\u00ed paln\u00e9 zbran\u011b&#8220;&#8230;<\/strong><\/span><\/p>\n<figure id=\"attachment_10051\" aria-describedby=\"caption-attachment-10051\" style=\"width: 523px\" class=\"wp-caption alignnone\"><a href=\"http:\/\/www.moravecteam.cz\/?attachment_id=10051\" rel=\"attachment wp-att-10051\"><img decoding=\"async\" loading=\"lazy\" class=\" wp-image-10051\" alt=\"029\" src=\"http:\/\/www.moravecteam.cz\/wp-content\/uploads\/2017\/10\/029.jpg\" width=\"523\" height=\"435\" srcset=\"https:\/\/www.moravecteam.cz\/wp-content\/uploads\/2017\/10\/029.jpg 523w, https:\/\/www.moravecteam.cz\/wp-content\/uploads\/2017\/10\/029-300x249.jpg 300w\" sizes=\"(max-width: 523px) 100vw, 523px\" \/><\/a><figcaption id=\"caption-attachment-10051\" class=\"wp-caption-text\">&#8222;St\u00edha\u010dky&#8220; na start!<\/figcaption><\/figure>\n<p style=\"text-align: justify;\">T\u0159\u00ed z\u00e1vodn\u00ed distance (11, 18 a 47 km) byly stanoveny po\u0159adatelem v propozic\u00edch a na v\u0161ech t\u0159ech trat\u00edch m\u011bl MORAVEC Team zastoupen\u00ed, kdy\u017e pot zde v p\u0159edposledn\u00ed \u0159\u00edjnovou sobotu prolilo celkem dev\u011bt na\u0161ich rajdr\u016f! Ti nejmlad\u0161\u00ed vyzvali &#8211; logicky &#8211; <a href=\"http:\/\/www.moravecteam.cz\/?attachment_id=10058\" rel=\"attachment wp-att-10058\"><img decoding=\"async\" loading=\"lazy\" class=\"size-full wp-image-10058 alignleft\" title=\"Bar\u010da Janovsk\u00e1 v Jezernici potvrdila, \u017ee se v z\u00e1v\u011bru sez\u00f3ny t\u011b\u0161\u00ed v\u00fdborn\u00e9 form\u011b!\" alt=\"041\" src=\"http:\/\/www.moravecteam.cz\/wp-content\/uploads\/2017\/10\/041.jpg\" width=\"199\" height=\"341\" srcset=\"https:\/\/www.moravecteam.cz\/wp-content\/uploads\/2017\/10\/041.jpg 199w, https:\/\/www.moravecteam.cz\/wp-content\/uploads\/2017\/10\/041-175x300.jpg 175w\" sizes=\"(max-width: 199px) 100vw, 199px\" \/><\/a>nejkrat\u0161\u00ed\u00a0 jeden\u00e1ctikil<span>ometrov\u00fd okruh.\u00a0 A u\u017e zde jsme se\u00a0mohli radovat z prvn\u00edho zl<\/span>ata! <strong><span style=\"color: #800000;\">Zitu\u0161ka \u017dern\u00ed\u010dkov\u00e1<\/span><\/strong> potvdila na Han\u00e9 svoje nesporn\u00e9 bikov\u00e9 vlohy a dok\u00e1zala zv\u00edt\u011bzit v kategorii d\u011bv\u010dat do 6-ti let! V\u00edt\u011bzstv\u00ed je o to cenn\u011bj\u0161\u00ed, \u017ee v p\u0159\u00edm\u00e9m souboji \u00b4porazila v\u00fdbornou Terezku Hrazdilovou z Brna (3. m\u00edsto), se kterou sv\u00e1d\u011bla tuh\u00e9 bitvy p\u0159edv\u0161\u00edm na leto\u0161n\u00ed MTB &#8222;Vrchovin\u011b&#8220;.<\/p>\n<p style=\"text-align: justify;\">Na stejn\u00e9m okruhu se ziskem st\u0159\u00edbra v kategorii 7-8 let bl\u00fdskla i dal\u0161\u00ed hv\u011bzdi\u010dka leto\u0161n\u00ed MTB &#8222;Vrchoviny&#8220;, taky na\u0161e <strong><span style=\"color: #800000;\">Just\u00fdnka Novotn\u00e1<\/span><\/strong>! A kdo v\u00ed? Kdyby nebylo technick\u00fdch pot\u00ed\u017e\u00ed, se kter\u00fdmi se Jus\u0165a musela v pr\u016fb\u011bhu z\u00e1vodu vyrovn\u00e1vat, asi by j\u00ed zlato neuniklo&#8230; Z\u00e1da j\u00ed ve spole\u010dn\u00e9m startu v\u00fdborn\u011b &#8222;p\u0159ikryla&#8220; v c\u00edli nakonec \u0161est\u00e1, <span style=\"color: #800000;\"><strong>Magdal\u00e9nka Barto\u0161ov\u00e1<\/strong><\/span>. I ta zajela v\u00fdborn\u011b, p\u0159es to, \u017ee se musela tentokr\u00e1t vyrovn\u00e1vat s faktem nep\u0159\u00edtomnosti sv\u00e9 sestry Maru\u0161ky, kter\u00e1 je toho \u010dasu bohu\u017eel na &#8222;odd\u00edlov\u00e9 marodce&#8220;&#8230;<\/p>\n<figure id=\"attachment_10050\" aria-describedby=\"caption-attachment-10050\" style=\"width: 656px\" class=\"wp-caption alignnone\"><a href=\"http:\/\/www.moravecteam.cz\/?attachment_id=10050\" rel=\"attachment wp-att-10050\"><img decoding=\"async\" loading=\"lazy\" class=\" wp-image-10050\" alt=\"022\" src=\"http:\/\/www.moravecteam.cz\/wp-content\/uploads\/2017\/10\/022.jpg\" width=\"656\" height=\"383\" srcset=\"https:\/\/www.moravecteam.cz\/wp-content\/uploads\/2017\/10\/022.jpg 656w, https:\/\/www.moravecteam.cz\/wp-content\/uploads\/2017\/10\/022-300x175.jpg 300w\" sizes=\"(max-width: 656px) 100vw, 656px\" \/><\/a><figcaption id=\"caption-attachment-10050\" class=\"wp-caption-text\">Sourozenci Koudelkovic bohat\u011b z\u00faro\u010dili v sobotu na Han\u00e9 leto\u0161n\u00ed cenn\u00e9 zku\u0161enosti z Kp\u017d!<\/figcaption><\/figure>\n<p style=\"text-align: justify;\">Jeden\u00e1ct &#8222;kil\u00e1k\u016f&#8220; dali v sobotu i dal\u0161\u00ed dv\u011b na\u0161e borky, v\u011bkem pat\u0159\u00edc\u00ed do kategorie 9-10 let. P\u00e1t\u00fd &#8222;fl\u00ed\u010dek&#8220; <span style=\"color: #800000;\"><strong>Lucinky Koudelkov\u00e9<\/strong><\/span>, jako\u017e i 7. m\u00edsto<strong><span style=\"color: #800000;\"> Barunky Janovsk\u00e9<\/span><\/strong> ur\u010dit\u011b svoji cenu maj\u00ed. Na trati 18 km jsme m\u011bli jedin\u00e9ho rajdra &#8211; <strong><span style=\"color: #800000;\">Maty\u00e1\u0161e Koudelku<\/span><\/strong>. A &#8222;Mates&#8220; zajel &#8222;Viadukty&#8220; excelentn\u011b! Potvrdil svoje vytrvalostn\u00ed vlohy a\u00a0 kategorii mlad\u0161\u00edch \u017e\u00e1k\u016f 11-12 let s p\u0159ehledem vyhr\u00e1l! V absolutn\u00edm po\u0159ad\u00ed se ve\u0161el na t\u00e9to trati v konkurenci bezm\u00e1la pades\u00e1ti, vesm\u011bs star\u0161\u00edch soupe\u0159\u016f, dokonce do TOP 20!<\/p>\n<figure id=\"attachment_10055\" aria-describedby=\"caption-attachment-10055\" style=\"width: 480px\" class=\"wp-caption alignnone\"><a href=\"http:\/\/www.moravecteam.cz\/?attachment_id=10055\" rel=\"attachment wp-att-10055\"><img decoding=\"async\" loading=\"lazy\" class=\" wp-image-10055\" alt=\"IMG_3296\" src=\"http:\/\/www.moravecteam.cz\/wp-content\/uploads\/2017\/10\/IMG_3296.jpg\" width=\"480\" height=\"460\" srcset=\"https:\/\/www.moravecteam.cz\/wp-content\/uploads\/2017\/10\/IMG_3296.jpg 480w, https:\/\/www.moravecteam.cz\/wp-content\/uploads\/2017\/10\/IMG_3296-25x25.jpg 25w, https:\/\/www.moravecteam.cz\/wp-content\/uploads\/2017\/10\/IMG_3296-300x287.jpg 300w\" sizes=\"(max-width: 480px) 100vw, 480px\" \/><\/a><figcaption id=\"caption-attachment-10055\" class=\"wp-caption-text\">P\u0159edstartovn\u00ed pohoda Zitu\u0161ky \u017dern\u00ed\u010dkov\u00e9 vy\u00fastila v cenn\u00e9 zlato!<\/figcaption><\/figure>\n<p style=\"direction: ltr; text-align: justify;\">Na\u0161e &#8222;mlad\u00e9 pu\u0161ky&#8220; ur\u010dit\u011b spr\u00e1vn\u011b inspirovaly t\u0159i na\u0161e &#8222;postar\u0161\u00ed paln\u00e9 zbran\u011b&#8220;, kter\u00e9 se v sychrav\u00e9 jezernick\u00e9 minul\u00e9 sobot\u011b postavily na start v hlavn\u00edm MTB maratonu na 47 km. V <a href=\"http:\/\/www.moravecteam.cz\/?attachment_id=10061\" rel=\"attachment wp-att-10061\"><img decoding=\"async\" loading=\"lazy\" class=\"size-full wp-image-10061 alignleft\" title=\"Spoehliv\u00fd reprezentant Franta Pad\u011bra nezklamal ani v Jezernici...l\" alt=\"053\" src=\"http:\/\/www.moravecteam.cz\/wp-content\/uploads\/2017\/10\/053.jpg\" width=\"219\" height=\"341\" srcset=\"https:\/\/www.moravecteam.cz\/wp-content\/uploads\/2017\/10\/053.jpg 219w, https:\/\/www.moravecteam.cz\/wp-content\/uploads\/2017\/10\/053-192x300.jpg 192w\" sizes=\"(max-width: 219px) 100vw, 219px\" \/><\/a>&#8222;eli\u0165\u00e1c\u00edch&#8220;\u00a0se <strong><span style=\"color: #800000;\">Jirka \u0160t\u011bpan\u00edk ml.<\/span><\/strong>, bl\u00fdsknul 20. m\u00edstem a nazna\u010dil, \u017ee v p\u0159\u00ed\u0161t\u00ed sez\u00f3n\u011b by mohl zam\u00ed\u0159it v\u00fdkonov\u011b i v\u00fdsledkov\u011b o dost v\u00fd\u0161, ne\u017e tomu bylo letos. Jeho t\u00e1ta, taky <strong><span style=\"color: #800000;\">Jirka \u0160t\u011bp\u00e1n\u00edk<\/span><\/strong> dos\u00e1hl v\u00fdsledku je\u0161t\u011b lep\u0161\u00edho: v kategorii Masters III dojel 12., kdy\u017e na v\u00edt\u011bze, na\u0161eho kamar\u00e1da Leo Sp\u00e1\u010dila (Novatop Lampiere) ztratil asi 25 minut. Jeden\u00e1ct\u00e1m m\u00edstem v &#8222;Mastrech dvojka\u0159\u00edch&#8220; zavr\u0161il na\u0161i jezernickou anab\u00e1zi spolehliv\u00fd sb\u011bratel kvalitn\u00edch v\u00fdsledk\u016f &#8211; <strong><span style=\"color: #800000;\">Franta Pad\u011bra<\/span><\/strong>. Ten\u00a0 mohl v z\u00e1vod\u011b pom\u00fd\u0161let i na lep\u0161\u00ed um\u00edst\u011bn\u00ed, neb\u00fdt technick\u00fdch pot\u00ed\u017e\u00ed, kter\u00e9 ho i na &#8222;Viaduktech&#8220; zu\u017eovaly (\u0159et\u011bz)&#8230;<\/p>\n<figure id=\"attachment_10049\" aria-describedby=\"caption-attachment-10049\" style=\"width: 786px\" class=\"wp-caption alignnone\"><a href=\"http:\/\/www.moravecteam.cz\/?attachment_id=10049\" rel=\"attachment wp-att-10049\"><img decoding=\"async\" loading=\"lazy\" class=\" wp-image-10049\" alt=\"021\" src=\"http:\/\/www.moravecteam.cz\/wp-content\/uploads\/2017\/10\/021.jpg\" width=\"786\" height=\"644\" srcset=\"https:\/\/www.moravecteam.cz\/wp-content\/uploads\/2017\/10\/021.jpg 786w, https:\/\/www.moravecteam.cz\/wp-content\/uploads\/2017\/10\/021-300x245.jpg 300w\" sizes=\"(max-width: 786px) 100vw, 786px\" \/><\/a><figcaption id=\"caption-attachment-10049\" class=\"wp-caption-text\">Na MTB &#8222;Vrchovin\u011b&#8220; jsme se s nimi letos p\u0159ekvapiv\u011b moc nevid\u011bli&#8230; V Jezernici o sob\u011b ale t\u00e1ta a syn \u0160\u011bpan\u00edc\u00ed dali hodn\u011b v\u011bd\u011bt!<\/figcaption><\/figure>\n<p style=\"text-align: justify;\">V\u0161em na\u0161im d\u00edky moc za vzorn\u00e9 repre MORAVCE p\u0159i leto\u0161n\u00ed bikov\u00e9 derni\u00e9\u0159e! A k medailist\u016fm &#8211; samoz\u0159ejm\u011b &#8211; m\u00ed\u0159\u00ed na\u0161e &#8222;Congratulation&#8220;! Zde si zkontrolujte <strong><a href=\"http:\/\/www.selasport.cz\/cz\/jezernicke-viadukty\/vysledky.html\">v\u00fdsledky<\/a><\/strong> a ani <strong><a href=\"http:\/\/moravecteam.rajce.idnes.cz\/2017.10.21_MTB_Jezernicke_viadukty\/\">fotogalerie<\/a><\/strong> z pod &#8222;Viadukt\u016f&#8220; nechyb\u00ed&#8230;<\/p>\n","protected":false},"excerpt":{"rendered":"<p>(Nejen) mlad\u00ed rajd\u0159i MORAVEC Teamu dr\u017e\u00ed v\u00edt\u011bznou faz\u00f3nu i v sou\u010dasn\u00e9m pro bikery ji\u017e &#8222;velmi pozdn\u00edm odpoledni&#8220;&#8230; V obci Jezernice u P\u0159erova zorganizoval minulou sobotu t\u00fdm, po\u0159\u00e1daj\u00edc\u00ed popul\u00e1rn\u00ed \u0160elu MTB maraton dal\u0161\u00ed, tak\u00e9 ji\u017e tradi\u010dn\u00ed maratonskou race &#8211; Jezernick\u00e9 viadukty. A proto\u017ee stejn\u011b jako popul\u00e1rn\u00ed &#8222;\u0160ela&#8220; byly i &#8222;Viadukty&#8220; &#8222;open&#8220; tak\u00e9 pro \u017eactvo, nechyb\u011bly zde\u00a0 &hellip; <a href=\"https:\/\/www.moravecteam.cz\/?p=10017\" class=\"more-link\">Pokra\u010dov\u00e1n\u00ed textu <span class=\"screen-reader-text\">Pozlacen\u00e9 &#8222;viadukty&#8220;!<\/span> <span class=\"meta-nav\">&rarr;<\/span><\/a><\/p>\n","protected":false},"author":3,"featured_media":10053,"comment_status":"open","ping_status":"closed","sticky":false,"template":"","format":"standard","meta":[],"categories":[1],"tags":[],"_links":{"self":[{"href":"https:\/\/www.moravecteam.cz\/index.php?rest_route=\/wp\/v2\/posts\/10017"}],"collection":[{"href":"https:\/\/www.moravecteam.cz\/index.php?rest_route=\/wp\/v2\/posts"}],"about":[{"href":"https:\/\/www.moravecteam.cz\/index.php?rest_route=\/wp\/v2\/types\/post"}],"author":[{"embeddable":true,"href":"https:\/\/www.moravecteam.cz\/index.php?rest_route=\/wp\/v2\/users\/3"}],"replies":[{"embeddable":true,"href":"https:\/\/www.moravecteam.cz\/index.php?rest_route=%2Fwp%2Fv2%2Fcomments&post=10017"}],"version-history":[{"count":10,"href":"https:\/\/www.moravecteam.cz\/index.php?rest_route=\/wp\/v2\/posts\/10017\/revisions"}],"predecessor-version":[{"id":10062,"href":"https:\/\/www.moravecteam.cz\/index.php?rest_route=\/wp\/v2\/posts\/10017\/revisions\/10062"}],"wp:featuredmedia":[{"embeddable":true,"href":"https:\/\/www.moravecteam.cz\/index.php?rest_route=\/wp\/v2\/media\/10053"}],"wp:attachment":[{"href":"https:\/\/www.moravecteam.cz\/index.php?rest_route=%2Fwp%2Fv2%2Fmedia&parent=10017"}],"wp:term":[{"taxonomy":"category","embeddable":true,"href":"https:\/\/www.moravecteam.cz\/index.php?rest_route=%2Fwp%2Fv2%2Fcategories&post=10017"},{"taxonomy":"post_tag","embeddable":true,"href":"https:\/\/www.moravecteam.cz\/index.php?rest_route=%2Fwp%2Fv2%2Ftags&post=10017"}],"curies":[{"name":"wp","href":"https:\/\/api.w.org\/{rel}","templated":true}]}}