{"id":10019,"date":"2017-10-25T22:51:00","date_gmt":"2017-10-25T20:51:00","guid":{"rendered":"http:\/\/www.moravecteam.cz\/?p=10019"},"modified":"2017-10-26T07:41:59","modified_gmt":"2017-10-26T05:41:59","slug":"na-kazdem-konci","status":"publish","type":"post","link":"https:\/\/www.moravecteam.cz\/?p=10019","title":{"rendered":"Na ka\u017ed\u00e9m konci&#8230;"},"content":{"rendered":"<p style=\"text-align: justify;\"><span style=\"color: #800000;\"><strong>&#8230; je v\u017edy dobr\u00e9 to, \u017ee n\u011bco nov\u00e9ho za\u010d\u00edn\u00e1&#8230; Tuto starou, zn\u00e1mou a hlubokou pravdu jsme si m\u011bli mo\u017enost p\u0159ipomenout p\u0159i ned\u011bln\u00edm odpoledn\u00edm zakon\u010den\u00ed sez\u00f3ny na kultovn\u00edm kopci Mal\u00fd Chlum hned dvakr\u00e1t: Jednak v souvislosti se skute\u010dnost\u00ed,\u00a0kv\u016fli kter\u00e9\u00a0jsme se na Chlum vlastn\u011b sjeli (ukon\u010den\u00ed sez\u00f3ny cyklistick\u00e9 2017 a pomysln\u00fd start do sez\u00f3ny 2018), jednak v souvislosti s ukon\u010den\u00edm pr\u00e1ce tren\u00e9ra MORAVEC Teamu V\u00edti\u00a0Prudka (po vz\u00e1jemn\u00e9 dohod\u011b) a za\u010d\u00e1tkem spolupr\u00e1ce s nov\u00fdm tren\u00e9rem, Jirkou O\u0161\u0165\u00e1dalem, kter\u00fd za n\u00e1mi na Mal\u00fd Chlum minulou\u00a0 ned\u011bli premi\u00e9rov\u011b dorazil!<\/strong><\/span><\/p>\n<figure id=\"attachment_10076\" aria-describedby=\"caption-attachment-10076\" style=\"width: 1205px\" class=\"wp-caption alignnone\"><a href=\"http:\/\/www.moravecteam.cz\/?attachment_id=10076\" rel=\"attachment wp-att-10076\"><img decoding=\"async\" loading=\"lazy\" class=\" wp-image-10076\" alt=\"IMG_2075\" src=\"http:\/\/www.moravecteam.cz\/wp-content\/uploads\/2017\/10\/IMG_2075.jpg\" width=\"1205\" height=\"1238\" srcset=\"https:\/\/www.moravecteam.cz\/wp-content\/uploads\/2017\/10\/IMG_2075.jpg 1205w, https:\/\/www.moravecteam.cz\/wp-content\/uploads\/2017\/10\/IMG_2075-25x25.jpg 25w, https:\/\/www.moravecteam.cz\/wp-content\/uploads\/2017\/10\/IMG_2075-292x300.jpg 292w, https:\/\/www.moravecteam.cz\/wp-content\/uploads\/2017\/10\/IMG_2075-996x1024.jpg 996w\" sizes=\"(max-width: 1205px) 100vw, 1205px\" \/><\/a><figcaption id=\"caption-attachment-10076\" class=\"wp-caption-text\">Na leto\u0161n\u00edm Chlumu byla historicky jmenov\u00e1na 1. motorizovan\u00e1 divize MORAVEC Teamu!<\/figcaption><\/figure>\n<p style=\"text-align: justify;\">Po\u010das\u00ed na akci bylo tentokr\u00e1t krajn\u011b nep\u0159\u00edzniv\u00e9&#8230; Chlad, sychravo\u00a0 a d\u00e9\u0161\u0165&#8230; T\u011bmito slovy by se ned\u011bln\u00ed klimatick\u00e9 podm\u00ednky v katastru obce Bo\u0159itova daly asi \u00a0nejv\u00fdsti\u017en\u011bji charakterizovat&#8230; Proto bylo upu\u0161t\u011bno od v\u00fdjezdu na horu automobilem, kter\u00fdm jsme &#8211; jako v lo\u0148sk\u00e9m roce &#8211; cht\u011bli na kopec dov\u00e9zt p\u0159edsedkyni na\u0161eho Fan Klubu, \u00a0<strong><span style=\"color: #800000;\">Maru\u0161ku Zouharovou<\/span><\/strong>. Za dan\u00e9ho vlhka a kluzka by byl tento v\u00fdjezd po nezpevn\u011bn\u00fdch, poln\u00edch cest\u00e1ch asi mo\u017en\u00e1 opravdu\u00a0trochu riskantn\u00ed&#8230; Tak\u00e9 n\u011bkolik omluvenek jsme &#8211; logicky &#8211; za dan\u00e9ho po\u010das\u00ed p\u0159ijali&#8230; P\u0159esto byla ned\u011bln\u00ed \u00fa\u010dast rajdr\u016f na Chlumu nad o\u010dek\u00e1v\u00e1n\u00ed a <strong><a href=\"http:\/\/moravec.benesov-u-boskovic.cz\/cz\/vylety\/2006\/maly-chlum-15-10-2006\/\">historick\u00e9 minimum z r. 2006<\/a><\/strong> p\u0159es\u00e1hla tak\u0159ka \u010dty\u0159n\u00e1sobn\u011b! A to tehdy bylo po\u010das\u00ed &#8211; oproti tomu leto\u0161n\u00edmu &#8211; v pravd\u011b luxusn\u00ed&#8230; Za leto\u0161ek tedy: Bravo MORAVEC! V\u0161ak <strong><a href=\"http:\/\/moravecteam.rajce.idnes.cz\/2017.10.22_Zakonceni_sezony_-_Maly_Chlum\/\">mrkn\u011bte na pr\u016fkaznou fotogalerii&#8230;<\/a><\/strong><\/p>\n<figure id=\"attachment_10077\" aria-describedby=\"caption-attachment-10077\" style=\"width: 1360px\" class=\"wp-caption alignnone\"><a href=\"http:\/\/www.moravecteam.cz\/?attachment_id=10077\" rel=\"attachment wp-att-10077\"><img decoding=\"async\" loading=\"lazy\" class=\" wp-image-10077\" alt=\"IMG_2126\" src=\"http:\/\/www.moravecteam.cz\/wp-content\/uploads\/2017\/10\/IMG_2126.jpg\" width=\"1360\" height=\"1390\" srcset=\"https:\/\/www.moravecteam.cz\/wp-content\/uploads\/2017\/10\/IMG_2126.jpg 1360w, https:\/\/www.moravecteam.cz\/wp-content\/uploads\/2017\/10\/IMG_2126-25x25.jpg 25w, https:\/\/www.moravecteam.cz\/wp-content\/uploads\/2017\/10\/IMG_2126-293x300.jpg 293w, https:\/\/www.moravecteam.cz\/wp-content\/uploads\/2017\/10\/IMG_2126-1001x1024.jpg 1001w\" sizes=\"(max-width: 1360px) 100vw, 1360px\" \/><\/a><figcaption id=\"caption-attachment-10077\" class=\"wp-caption-text\">I kdyby padaly traka\u0159e, na\u0161\u00edm holk\u00e1m &#8222;perli\u010dky&#8220; z \u00fast nezmiz\u00ed! A to je dob\u0159e&#8230;<\/figcaption><\/figure>\n<p style=\"text-align: justify;\">\u00dapln\u011b prvn\u00ed byl u paty rozhledny tak\u0159ka na \u010das, hodinu po poledni &#8211; sv\u011bte div se, na kole(!) &#8211; Petr! V t\u011bsn\u00e9m sledu dorazili i zbyl\u00ed dva &#8222;piloti&#8220; z Apolla 14 (z\u016fstalo zaparkovan\u00e9 pod kopcem v Huti Sv. Antonie), Lenka s Karlem, p\u0159i\u010dem\u017e &#8222;c\u00edlov\u00e1 fotka&#8220; nazna\u010duje, \u017ee pomysln\u00e9 st\u0159\u00edbro vybojoval p\u0159ekvapiv\u011b &#8222;o prsa&#8220;\u00a0 asi Karel. Pro jistotu ale vy\u010dk\u00e1me ofici\u00e1ln\u00edch v\u00fdsledkov\u00fdch listin renomovan\u00fdch tiskov\u00fdch agentur (Reuters, Tass, Al D\u017eaz\u00edra)&#8230; Ve vln\u00e1ch (nebo letos sp\u00ed\u0161e vlnk\u00e1ch) dor\u00e1\u017eeli za soustavn\u00e9ho, by\u0165 ne p\u0159\u00edli\u0161 siln\u00e9ho de\u0161t\u011b, dal\u0161\u00ed \u00fa\u010dastn\u00edci akce, kdy\u017e jak\u017e, tak\u017e such\u00e9 z\u00e1zem\u00ed n\u00e1m poskytnul nevelk\u00fd prostor pod rozhlednou.<\/p>\n<figure id=\"attachment_10079\" aria-describedby=\"caption-attachment-10079\" style=\"width: 2048px\" class=\"wp-caption alignnone\"><a href=\"http:\/\/www.moravecteam.cz\/?attachment_id=10079\" rel=\"attachment wp-att-10079\"><img decoding=\"async\" loading=\"lazy\" class=\" wp-image-10079\" alt=\"IMG_2140\" src=\"http:\/\/www.moravecteam.cz\/wp-content\/uploads\/2017\/10\/IMG_2140.jpg\" width=\"2048\" height=\"1536\" srcset=\"https:\/\/www.moravecteam.cz\/wp-content\/uploads\/2017\/10\/IMG_2140.jpg 2048w, https:\/\/www.moravecteam.cz\/wp-content\/uploads\/2017\/10\/IMG_2140-300x225.jpg 300w, https:\/\/www.moravecteam.cz\/wp-content\/uploads\/2017\/10\/IMG_2140-1024x768.jpg 1024w\" sizes=\"(max-width: 2048px) 100vw, 2048px\" \/><\/a><figcaption id=\"caption-attachment-10079\" class=\"wp-caption-text\">I letos zavl\u00e1l v nadmo\u0159sk\u00e9 v\u00fd\u0161ce 498 m prapor MORAVEC Teamu. Oproti lo\u0148sku u\u017e ale s \u00fapln\u011b jin\u00fdm statusem..!<\/figcaption><\/figure>\n<p style=\"text-align: justify;\">Jako posledn\u00edho do ned\u011bln\u00ed &#8222;party&#8220; jsme uv\u00edtali ji\u017e v\u00fd\u0161e zm\u00edn\u011bn\u00e9ho <strong><span style=\"color: #800000;\">Jirku O\u0161\u0165\u00e1dala<\/span><\/strong>, kter\u00fd za n\u00e1mi na Chlum p\u0159ijel a\u017e z Brna..! \u017de se jedn\u00e1 veskrze o kreativn\u00edho a n\u00e1padit\u00e9ho mlad\u00e9ho mu\u017ee, dosv\u011bd\u010duje fakt, \u017ee se u rozhledny objevil \u00fapln\u011b z jin\u00e9ho sm\u011bru, ne\u017e jsme ho vyhl\u00ed\u017eeli&#8230; Na ofici\u00e1ln\u00ed p\u0159edstaven\u00ed nov\u00e9ho tren\u00e9ra\u00a0 ur\u010dit\u011b je\u0161t\u011b\u00a0 bude prostor vhodnou formou, stejn\u011b tak, jako na d\u016fstojn\u00e9 rozlou\u010den\u00ed se s V\u00ed\u0165ou Prudkem. \u010cesk\u00e1 i zahrani\u010dn\u00ed tiskov\u00e1 periodika se dom\u00e1haj\u00ed tiskov\u00e9 konference&#8230; Uvid\u00edme&#8230; D\u016fle\u017eit\u011bj\u0161\u00ed, ne\u017e oficiality je ale pustit se do smyslupln\u00e9 pr\u00e1ce, jej\u00ed\u017e prvn\u00ed &#8222;NEW\u00a0HORIZONTY&#8220; jsme nast\u00ednili u\u017e pr\u00e1v\u011b na na\u0161em do\u010dasn\u00e9m ned\u011bln\u00edm depu pod chlumeckou rozhlednou. Vzhledem k vlhku a chladnu se depo v\u016fbec nezanedb\u00e1valo&#8230; Ani nemohlo. Bylo t\u0159eba se plynule vytrvale zah\u0159\u00edvat, aby jsme i v posledn\u00edm &#8222;qart\u00e1le&#8220; leto\u0161n\u00edho roku z\u016fstali zdrav\u00ed a maxim\u00e1ln\u011b &#8211; bojeschopn\u00ed!<\/p>\n<figure id=\"attachment_10080\" aria-describedby=\"caption-attachment-10080\" style=\"width: 1835px\" class=\"wp-caption alignnone\"><a href=\"http:\/\/www.moravecteam.cz\/?attachment_id=10080\" rel=\"attachment wp-att-10080\"><img decoding=\"async\" loading=\"lazy\" class=\" wp-image-10080\" alt=\"IMG_2153\" src=\"http:\/\/www.moravecteam.cz\/wp-content\/uploads\/2017\/10\/IMG_2153.jpg\" width=\"1835\" height=\"1124\" srcset=\"https:\/\/www.moravecteam.cz\/wp-content\/uploads\/2017\/10\/IMG_2153.jpg 1835w, https:\/\/www.moravecteam.cz\/wp-content\/uploads\/2017\/10\/IMG_2153-300x183.jpg 300w, https:\/\/www.moravecteam.cz\/wp-content\/uploads\/2017\/10\/IMG_2153-1024x627.jpg 1024w\" sizes=\"(max-width: 1835px) 100vw, 1835px\" \/><\/a><figcaption id=\"caption-attachment-10080\" class=\"wp-caption-text\">Kdy\u017e m\u00e1me jmenovanou motorizovanou divizi, 1. p\u011b\u0161\u00ed divize nem\u016f\u017ee chyb\u011bt!<\/figcaption><\/figure>\n<p style=\"text-align: justify;\">Druh\u00e9 depo, jsme si u\u017eili po sjezdu z Chlumu v z\u00e1zem\u00ed Apolla 14, a proto\u017ee p\u0159estalo pr\u0161et, skupinka cyklist\u016f vyrazila z Obory sm\u011br Boskovice, kde jsme, stejn\u011b jako loni, celou akci &#8222;zfini\u0161ovali &#8220; na na\u0161i boskovick\u00e9 &#8222;air force base&#8220;, nikoli ale na st\u0159elnici, ale v \u00fatuln\u00e9m prost\u0159ed\u00ed restaurace &#8222;Z\u00e1lo\u017ena&#8220;. Sem za n\u00e1mi dorazila i Maru\u0161ka Zouharov\u00e1, tak\u017ee akce m\u011bla vyda\u0159enou te\u010dku na depu \u010d.3 u\u017e za jej\u00ed mil\u00e9 p\u0159\u00edtomnosti!<\/p>\n<figure id=\"attachment_10081\" aria-describedby=\"caption-attachment-10081\" style=\"width: 2000px\" class=\"wp-caption alignnone\"><a href=\"http:\/\/www.moravecteam.cz\/?attachment_id=10081\" rel=\"attachment wp-att-10081\"><img decoding=\"async\" loading=\"lazy\" class=\" wp-image-10081\" alt=\"IMG_2166\" src=\"http:\/\/www.moravecteam.cz\/wp-content\/uploads\/2017\/10\/IMG_2166.jpg\" width=\"2000\" height=\"1500\" srcset=\"https:\/\/www.moravecteam.cz\/wp-content\/uploads\/2017\/10\/IMG_2166.jpg 2000w, https:\/\/www.moravecteam.cz\/wp-content\/uploads\/2017\/10\/IMG_2166-300x225.jpg 300w, https:\/\/www.moravecteam.cz\/wp-content\/uploads\/2017\/10\/IMG_2166-1024x768.jpg 1024w\" sizes=\"(max-width: 2000px) 100vw, 2000px\" \/><\/a><figcaption id=\"caption-attachment-10081\" class=\"wp-caption-text\">Pod Chlumem jako v Naganu! Bike\u0159i v\u0161ech zem\u00ed, spojte se!<\/figcaption><\/figure>\n<p style=\"text-align: justify;\">\n","protected":false},"excerpt":{"rendered":"<p>&#8230; je v\u017edy dobr\u00e9 to, \u017ee n\u011bco nov\u00e9ho za\u010d\u00edn\u00e1&#8230; Tuto starou, zn\u00e1mou a hlubokou pravdu jsme si m\u011bli mo\u017enost p\u0159ipomenout p\u0159i ned\u011bln\u00edm odpoledn\u00edm zakon\u010den\u00ed sez\u00f3ny na kultovn\u00edm kopci Mal\u00fd Chlum hned dvakr\u00e1t: Jednak v souvislosti se skute\u010dnost\u00ed,\u00a0kv\u016fli kter\u00e9\u00a0jsme se na Chlum vlastn\u011b sjeli (ukon\u010den\u00ed sez\u00f3ny cyklistick\u00e9 2017 a pomysln\u00fd start do sez\u00f3ny 2018), jednak v &hellip; <a href=\"https:\/\/www.moravecteam.cz\/?p=10019\" class=\"more-link\">Pokra\u010dov\u00e1n\u00ed textu <span class=\"screen-reader-text\">Na ka\u017ed\u00e9m konci&#8230;<\/span> <span class=\"meta-nav\">&rarr;<\/span><\/a><\/p>\n","protected":false},"author":3,"featured_media":10078,"comment_status":"open","ping_status":"closed","sticky":false,"template":"","format":"standard","meta":[],"categories":[13],"tags":[],"_links":{"self":[{"href":"https:\/\/www.moravecteam.cz\/index.php?rest_route=\/wp\/v2\/posts\/10019"}],"collection":[{"href":"https:\/\/www.moravecteam.cz\/index.php?rest_route=\/wp\/v2\/posts"}],"about":[{"href":"https:\/\/www.moravecteam.cz\/index.php?rest_route=\/wp\/v2\/types\/post"}],"author":[{"embeddable":true,"href":"https:\/\/www.moravecteam.cz\/index.php?rest_route=\/wp\/v2\/users\/3"}],"replies":[{"embeddable":true,"href":"https:\/\/www.moravecteam.cz\/index.php?rest_route=%2Fwp%2Fv2%2Fcomments&post=10019"}],"version-history":[{"count":11,"href":"https:\/\/www.moravecteam.cz\/index.php?rest_route=\/wp\/v2\/posts\/10019\/revisions"}],"predecessor-version":[{"id":10089,"href":"https:\/\/www.moravecteam.cz\/index.php?rest_route=\/wp\/v2\/posts\/10019\/revisions\/10089"}],"wp:featuredmedia":[{"embeddable":true,"href":"https:\/\/www.moravecteam.cz\/index.php?rest_route=\/wp\/v2\/media\/10078"}],"wp:attachment":[{"href":"https:\/\/www.moravecteam.cz\/index.php?rest_route=%2Fwp%2Fv2%2Fmedia&parent=10019"}],"wp:term":[{"taxonomy":"category","embeddable":true,"href":"https:\/\/www.moravecteam.cz\/index.php?rest_route=%2Fwp%2Fv2%2Fcategories&post=10019"},{"taxonomy":"post_tag","embeddable":true,"href":"https:\/\/www.moravecteam.cz\/index.php?rest_route=%2Fwp%2Fv2%2Ftags&post=10019"}],"curies":[{"name":"wp","href":"https:\/\/api.w.org\/{rel}","templated":true}]}}