{"id":10022,"date":"2017-10-23T23:22:45","date_gmt":"2017-10-23T21:22:45","guid":{"rendered":"http:\/\/www.moravecteam.cz\/?p=10022"},"modified":"2017-10-26T22:53:29","modified_gmt":"2017-10-26T20:53:29","slug":"co-se-bude-dit-st43-3","status":"publish","type":"post","link":"https:\/\/www.moravecteam.cz\/?p=10022","title":{"rendered":"Co se bude d\u00edt? (ST43)-2"},"content":{"rendered":"<h5><span style=\"color: #800000;\">St\u0159eda\u00a025.10. 2017<\/span><\/h5>\n<p style=\"text-align: justify;\">V Brn\u011b na trat\u00edch u Anthroposu\u00a0pokra\u010duj\u00ed Brn\u011bnsk\u00e9 cyklokrosov\u00e9 st\u0159edy. \u00da\u010dast a dopravu si ka\u017ed\u00fd zaji\u0161\u0165uje s\u00e1m, zde mrkn\u011bte na <a href=\"http:\/\/www.favoritbrno.cz\/media\/BCP%20rozpis%202017%20171003.pdf\"><strong>v\u00edce informac\u00ed<\/strong><\/a>.<\/p>\n<h5><strong><span style=\"color: #800000;\">P\u00e1tek 27.10. 2017<\/span><\/strong><\/h5>\n<p style=\"text-align: justify;\">Odjezd do\u010dasn\u00e9 cyklokrosov\u00e9 roty na dal\u0161\u00ed z\u00e1vod \u010cP na Hol\u00e9 Vrchy. Detaily invaze, s volac\u00edm znakem <span style=\"color: #800000;\"><strong>&#8222;PLE\u0160OUN&#8220;<\/strong><\/span>, dolad\u00edme do st\u0159edy, 25.10. 2017.<\/p>\n<h5><span style=\"color: #800000;\"><strong>Sobota 28.10.<\/strong> 2017<\/span><\/h5>\n<p style=\"text-align: justify;\">\u00da\u010dast do\u010dasn\u00e9 cyklokrosov\u00e9 roty MORAVEC Teamu na dal\u0161\u00edm z\u00e1vod\u011b \u010cP v cyklokrosu na Hol\u00fdch Vr\u0161\u00edch. Zde studujte <strong><a href=\"http:\/\/www.cyklokros.cz\/data\/web\/toitoicup\/2017\/hole_vrchy_propozice_2017.pdf\">propozice<\/a><\/strong>.<\/p>\n<h5><span style=\"color: #800000;\"><strong>Ned\u011ble 29.10. 2017\u00a0<\/strong><\/span><\/h5>\n<p style=\"text-align: justify;\">Tradi\u010dn\u00ed Draki\u00e1da Drakec &#8211; MORAVEC. V\u011btrem poh\u00e1n\u011bn\u00e9 l\u00e9tavce budeme startovat od 14.00 hodin &#8211; taky tradi\u010dn\u011b &#8211; na louce pobl\u00ed\u017e Pavlovsk\u00e9 kaple. Dobrou n\u00e1lada a hlavn\u011b ty draky &#8211; vezm\u011bte s sebou! V\u0161ichni &#8222;drakovodi&#8220;\u00a0 \u00a0budou &#8211; jako v\u017edy &#8211; odm\u011bn\u011bni! Zde mrkn\u011bte, <strong><a href=\"http:\/\/moravecteam.rajce.idnes.cz\/2016.10.30._Drakiada_Drakec_MORAVEC\/\">jak jsme &#8222;v tom l\u00edtali&#8220; loni<\/a><\/strong>&#8230; A zde je ofici\u00e1ln\u00ed pozv\u00e1nka:\u00a0<strong><a href=\"http:\/\/www.moravecteam.cz\/?attachment_id=10091\" rel=\"attachment wp-att-10091\">Draki\u00e1da 2017<\/a><\/strong><\/p>\n<h5><span style=\"color: #800000;\">\u00a0Akce t\u011bsn\u011b za horizontem<\/span><\/h5>\n<ul>\n<li style=\"text-align: justify;\">Prvn\u00ed \u010d\u00e1st zimn\u00ed p\u0159\u00edpravy v t\u011blocvi\u010dn\u011b Bene\u0161ov: od 8.11. do 22.12. 2017 v\u00a0cyklu st\u0159eda (od 16.30 do 18.30) \/ p\u00e1tek (od 18.00 do 20.00, p\u0159\u00edp. 19.30)<\/li>\n<li>N\u00e1v\u0161t\u011bva hrobu Vlastimila MORAVCE &#8211; 16.12. 2017 (sobota)<\/li>\n<li>V\u00fdro\u010dn\u00ed ro(c)kov\u00e1n\u00ed &#8211; 28.12. 2017 (\u010dtvrtek)<\/li>\n<li>Silvestrovsk\u00fd z\u00e1vod &#8211; 30.12. 2017 (sobota)<\/li>\n<li>Novoro\u010dn\u00ed vyj\u00ed\u017e\u010fka &#8211; 1.1. 2018 (pond\u011bl\u00ed)<\/li>\n<li>Druh\u00e1 \u010d\u00e1st zimn\u00ed p\u0159\u00edpravy v t\u011blocvi\u010dn\u011b Bene\u0161ov\u00a0 od 3.1. 2018 do cca 16.3. ve stejn\u00e9m denn\u00edm \u00a0cyklu a ve stejn\u00fdch\u00a0\u010dasech<\/li>\n<li>Ples cyklist\u016f 20.1. 2018 (sobota) &#8211; kulturn\u00ed d\u016fm Such\u00fd<\/li>\n<\/ul>\n","protected":false},"excerpt":{"rendered":"<p>St\u0159eda\u00a025.10. 2017 V Brn\u011b na trat\u00edch u Anthroposu\u00a0pokra\u010duj\u00ed Brn\u011bnsk\u00e9 cyklokrosov\u00e9 st\u0159edy. \u00da\u010dast a dopravu si ka\u017ed\u00fd zaji\u0161\u0165uje s\u00e1m, zde mrkn\u011bte na v\u00edce informac\u00ed. P\u00e1tek 27.10. 2017 Odjezd do\u010dasn\u00e9 cyklokrosov\u00e9 roty na dal\u0161\u00ed z\u00e1vod \u010cP na Hol\u00e9 Vrchy. Detaily invaze, s volac\u00edm znakem &#8222;PLE\u0160OUN&#8220;, dolad\u00edme do st\u0159edy, 25.10. 2017. Sobota 28.10. 2017 \u00da\u010dast do\u010dasn\u00e9 cyklokrosov\u00e9 roty &hellip; <a href=\"https:\/\/www.moravecteam.cz\/?p=10022\" class=\"more-link\">Pokra\u010dov\u00e1n\u00ed textu <span class=\"screen-reader-text\">Co se bude d\u00edt? (ST43)-2<\/span> <span class=\"meta-nav\">&rarr;<\/span><\/a><\/p>\n","protected":false},"author":3,"featured_media":10063,"comment_status":"open","ping_status":"closed","sticky":false,"template":"","format":"standard","meta":[],"categories":[11],"tags":[],"_links":{"self":[{"href":"https:\/\/www.moravecteam.cz\/index.php?rest_route=\/wp\/v2\/posts\/10022"}],"collection":[{"href":"https:\/\/www.moravecteam.cz\/index.php?rest_route=\/wp\/v2\/posts"}],"about":[{"href":"https:\/\/www.moravecteam.cz\/index.php?rest_route=\/wp\/v2\/types\/post"}],"author":[{"embeddable":true,"href":"https:\/\/www.moravecteam.cz\/index.php?rest_route=\/wp\/v2\/users\/3"}],"replies":[{"embeddable":true,"href":"https:\/\/www.moravecteam.cz\/index.php?rest_route=%2Fwp%2Fv2%2Fcomments&post=10022"}],"version-history":[{"count":8,"href":"https:\/\/www.moravecteam.cz\/index.php?rest_route=\/wp\/v2\/posts\/10022\/revisions"}],"predecessor-version":[{"id":10092,"href":"https:\/\/www.moravecteam.cz\/index.php?rest_route=\/wp\/v2\/posts\/10022\/revisions\/10092"}],"wp:featuredmedia":[{"embeddable":true,"href":"https:\/\/www.moravecteam.cz\/index.php?rest_route=\/wp\/v2\/media\/10063"}],"wp:attachment":[{"href":"https:\/\/www.moravecteam.cz\/index.php?rest_route=%2Fwp%2Fv2%2Fmedia&parent=10022"}],"wp:term":[{"taxonomy":"category","embeddable":true,"href":"https:\/\/www.moravecteam.cz\/index.php?rest_route=%2Fwp%2Fv2%2Fcategories&post=10022"},{"taxonomy":"post_tag","embeddable":true,"href":"https:\/\/www.moravecteam.cz\/index.php?rest_route=%2Fwp%2Fv2%2Ftags&post=10022"}],"curies":[{"name":"wp","href":"https:\/\/api.w.org\/{rel}","templated":true}]}}