{"id":1008,"date":"2015-07-11T12:58:32","date_gmt":"2015-07-11T10:58:32","guid":{"rendered":"http:\/\/www.moravecteam.cz\/?p=1008"},"modified":"2015-07-14T01:38:17","modified_gmt":"2015-07-13T23:38:17","slug":"cp-mtb-brno","status":"publish","type":"post","link":"https:\/\/www.moravecteam.cz\/?p=1008","title":{"rendered":"\u010cP MTB Brno"},"content":{"rendered":"<p style=\"text-align: justify;\"><span style=\"color: #800000;\"><strong>Vysok\u00fd standard!<\/strong><\/span><\/p>\n<p style=\"text-align: justify;\"><span style=\"color: #800000;\"><strong>V\u00fdsledkov\u00e9 info z na\u0161eho \u00fa\u010dinkov\u00e1n\u00ed v p\u0159edposledn\u00edm z\u00e1vod\u011b \u010cesk\u00e9ho poh\u00e1ru horsk\u00fdch kol je p\u0159ed bl\u00ed\u017e\u00edc\u00edm se M\u010cR v Kutn\u00e9 Ho\u0159e nad\u011bjn\u00e9 a povzbudiv\u00e9 z\u00e1rove\u0148. Bronzovou &#8222;bednu&#8220; vybojovala pro MORAVEC v kategorii star\u0161\u00edch \u017e\u00e1ky\u0148 Tereza Obo\u0159ilov\u00e1, kter\u00e1 plat\u00ed ur\u010dit\u011b za jednou z favoritek i pro kutnohorsk\u00fd mistr\u00e1k. Ale i ostatn\u00ed na\u0161i se p\u0159i obnoven\u00e9 brn\u011bnsk\u00e9 premi\u00e9\u0159e p\u0159edvedli ve velmi dobr\u00e9m sv\u011btle a v\u00fdkonov\u011b i v\u00fdsledkov\u011b zajeli vysok\u00fd standard.\u00a0<\/strong><\/span><\/p>\n<p style=\"text-align: justify;\">Co\u017e o to, z\u00e1vodn\u00edci, (v\u010detn\u011b \u00a0bohat\u00e9 zahrani\u010dn\u00ed enkl\u00e1vy) se na pra\u0161n\u00fdch trat\u00edch u brn\u011bnsk\u00e9ho Antroposu p\u0159edvedli ve velmi dobr\u00e9m sv\u011btle. Na rozd\u00edl od po\u0159adatel\u016f&#8230; Z\u00e1zem\u00ed podniku p\u0159ipom\u00ednalo v\u011bru jen vzd\u00e1len\u011b skute\u010dnost, \u017ee se zde m\u00e1 jet v r.2017 MTB mistrovstv\u00ed Evropy a organiza\u010dn\u00ed p\u00e1te\u0159 z\u00e1vodu &#8211; \u00a0po\u0159adatelsk\u00e1 slu\u017eba byla &#8211; m\u00edrn\u011b \u0159e\u010deno &#8211; chaotick\u00e1 a v mnoh\u00fdch p\u0159\u00edpadech veskrze neprofesion\u00e1ln\u00ed. Za dan\u00e9 situace \u010dek\u00e1 organiz\u00e1tory v \u010dele s Lubo\u0161em Vidl\u00e1kem v\u011bru je\u0161t\u011b velk\u00fd kus pr\u00e1ce, roto\u017ee ned\u011bln\u00ed n\u00e1rodn\u00ed MTB poh\u00e1r uk\u00e1zal v pln\u00e9 nahot\u011b pov\u00e1\u017eliv\u00e9 nedostatky. A o po\u0159adatelskou ostudu \u010ceska na p\u0159esrok ur\u010dit\u011b nikdo nestoj\u00ed&#8230;<\/p>\n<figure id=\"attachment_1018\" aria-describedby=\"caption-attachment-1018\" style=\"width: 1226px\" class=\"wp-caption alignnone\"><a href=\"http:\/\/www.moravecteam.cz\/?attachment_id=1018\" rel=\"attachment wp-att-1018\"><img decoding=\"async\" loading=\"lazy\" class=\" wp-image-1018 \" alt=\"07\" src=\"http:\/\/www.moravecteam.cz\/wp-content\/uploads\/2015\/07\/07.jpg\" width=\"1226\" height=\"1279\" srcset=\"https:\/\/www.moravecteam.cz\/wp-content\/uploads\/2015\/07\/07.jpg 1226w, https:\/\/www.moravecteam.cz\/wp-content\/uploads\/2015\/07\/07-25x25.jpg 25w, https:\/\/www.moravecteam.cz\/wp-content\/uploads\/2015\/07\/07-287x300.jpg 287w, https:\/\/www.moravecteam.cz\/wp-content\/uploads\/2015\/07\/07-981x1024.jpg 981w\" sizes=\"(max-width: 1226px) 100vw, 1226px\" \/><\/a><figcaption id=\"caption-attachment-1018\" class=\"wp-caption-text\">Tereza Obo\u0159ilov\u00e1 t\u0159et\u00edm m\u00edstem v Brn\u011b potvrdila p\u0159ed bl\u00ed\u017e\u00edc\u00edm se M\u010cR v Kutn\u00e9 Ho\u0159e v\u00fdbornou formu!<\/figcaption><\/figure>\n<p style=\"text-align: justify;\">Ale zp\u011bt k \u00fa\u010dinkov\u00e1n\u00ed na\u0161ich barev v z\u00e1vod\u011b. Velkou premi\u00e9ru si zde za\u017eili na\u0161e dv\u011b mlad\u0161\u00ed \u017e\u00e1kyn\u011b a nutno \u0159\u00edct, \u017ee ji zvl\u00e1dli v\u00edc ne\u017e se ct\u00ed. Jak <span style=\"color: #800000;\"><strong>Krist\u00fdnka Kol\u00e1\u0159ov\u00e1<\/strong><\/span>, tak <strong><span style=\"color: #800000;\">Ani\u010dka Smutn\u00e1<\/span><\/strong> v Brn\u011b p\u0159edvedli, \u017ee Ad\u00e9le \u0160af\u00e1\u0159ov\u00e9 \u010di Terce Obo\u0159ilov\u00e9 vyr\u016fstaj\u00ed zdatn\u00e9 n\u00e1sledovnice. Spolihliv\u00fd a bojovn\u00fd v\u00fdkon op\u011bt odvedl <span style=\"color: #800000;\"><strong>Jakub Tesa\u0159<\/strong><\/span>, kter\u00fd potvrdil svoji p\u0159\u00edslu\u0161nost k \u0161ir\u0161\u00ed \u010desk\u00e9 \u0161pi\u010dce ve sv\u00e9 kategorii. Ji\u017e jsme si letos zvykli na &#8222;bednov\u00e1&#8220; um\u00edst\u011bn\u00ed \u0161ikovn\u00e9 <strong><span style=\"color: #800000;\">Terky Obo\u0159ilov\u00e9<\/span> <\/strong>(od dob Andrey Pechov\u00e9, Terezy Hu\u0159\u00edkov\u00e9 a Ad\u00e9ly \u0160af\u00e1\u0159ov\u00e9 se jen\u00e1 asi o nejv\u011bt\u0161\u00ed \u017e\u00e1kovsk\u00fd talent MTB sdportu v \u010cech\u00e1ch) a v Brn\u011b tomu nebylo jinak. Bronz m\u00e1 odlesk st\u0159\u00edbra vezmeme-li v \u00favahu, \u017ee se p\u0159ed Terezu prosadila ma\u010farsk\u00e1 z\u00e1vodnice, kter\u00e1 \u010cP nejezd\u00ed pravideln\u011b. Ka\u017edop\u00e1dn\u011b mlad\u00e1 roda\u010dka z Brna potvrdila, \u017ee \u00faloha hork\u00e9 favoritky na nast\u00e1vaj\u00edc\u00edm M\u010cR j\u00ed p\u0159\u00edslu\u0161\u00ed pr\u00e1vem. Vysok\u00fd standard odvedla v kategorii star\u0161\u00edch \u017e\u00e1ky\u0148 t\u0159in\u00e1ct\u00fdm m\u00edstem i <strong><span style=\"color: #800000;\">Anna Zem\u00e1nkov\u00e1.<\/span><\/strong> Ani star\u0161\u00ed \u017e\u00e1ci nezklamali. <strong><span style=\"color: #800000;\">Tom\u00e1\u0161 Tlamka &#8222;Contador&#8220;<\/span><\/strong> fini\u0161oval jako patn\u00e1ct\u00fd a do elitn\u00ed dvac\u00edtky se ve\u0161el i <strong><span style=\"color: #800000;\">Michal \u0160m\u00edda<\/span><\/strong>.<\/p>\n<p style=\"text-align: justify;\">Vedle state\u010dn\u00e9ho v\u00fdkonu nlad\u0161\u00edch \u017e\u00e1ky\u0148 n\u00e1m asi ud\u011blal v Brn\u011b nejv\u011bt\u0161\u00ed radost v\u00fdkonnostn\u00ed i v\u00fdsledkov\u00fd posun pracovit\u00e9ho <strong><span style=\"color: #800000;\">Mat\u011bje Maz\u00e1nka,<\/span><\/strong> kter\u00e9ho d\u011blily od vysn\u011bn\u00e9ho mistovsk\u00e9ho bodu pouh\u00e9 vte\u0159inky&#8230; Oproti minul\u00fdm z\u00e1vod\u016fm si na\u0161i kadeti pozice vym\u011bnili a z\u00e1da tentokr\u00e1t Mat\u011bjovi pomysln\u011b kryl <strong><span style=\"color: #800000;\">Honza \u0160m\u00edda,<\/span> <\/strong>kter\u00fd byl v\u00fdsledkov\u011b zaznamen\u00e1n ve \u010dtvrt\u00e9 des\u00edtce startovn\u00edho pole. Gener\u00e1ln\u00ed \u00fatok na\u0161ich kadet\u016f na vysn\u011bn\u00e9 mistrovsk\u00e9 bod\u00edky bude &#8211; v\u011b\u0159me \u017ee \u00fasp\u011b\u0161n\u011b &#8211; snad zavr\u0161en v Kutn\u00e9 Ho\u0159e. V trochu jin\u00e9 pozici z hlediska v\u00fdsledkov\u00fdch listin jsou ov\u0161em na\u0161e kadetky. <strong><span style=\"color: #800000;\">Jana Tesa\u0159ov\u00e1<\/span><\/strong> dlouho m\u00edchala medailov\u00e9 karty a do elitn\u00ed dvac\u00edtky se s p\u0159ehledem ve\u0161la i &#8222;Tyg\u0159ice z Okroul\u00e9&#8220; &#8211; <strong><span style=\"color: #800000;\">Monika Kone\u010dn\u00e1.<\/span><\/strong><\/p>\n<p style=\"text-align: justify;\">Oku lahod\u00edc\u00ed pohled byl na z\u00e1vod junior\u016f, kdy n\u00e1\u0161 odchovanc <span style=\"color: #800000;\"><strong>Dominik Prudek<\/strong><\/span> (GT Opportunity) sv\u00fdm v\u00fdsledkem op\u011bt potvrdil p\u0159\u00edslu\u0161nost k u\u017e\u0161\u00ed \u0161pi\u010dce a pr\u00e1v\u011b on by mohl b\u00fdt na trat\u00edch v okol\u00ed Chr\u00e1mu Sv. Barbory p\u0159\u00ed\u0161t\u00ed v\u00edkend on\u00edm ov\u011bstn\u00fdm \u010dern\u00fdm kon\u011bm! Z\u00e1vod se vyda\u0159il i dal\u0161\u00edmu na\u0161emu odchovanci <strong><span style=\"color: #800000;\">Jirku \u0160t\u011bpan\u00edkovi<\/span> <\/strong>a rekorn\u00ed po\u010det bod\u016f si letos po kvalitn\u00edm v\u00fdkonu vyjel i <span style=\"color: #800000;\"><strong>Patrik Kol\u00e1\u0159.<\/strong><\/span> V\u00fdborn\u00e9mu v\u00fdkonu ocen\u011bn\u00e9mu zaslou\u017een\u00fdm st\u0159\u00edbrem jsme pak tleskali v pod\u00e1n\u00ed <strong><span style=\"color: #800000;\">Ad\u00e9ly \u0160af\u00e1\u0159ov\u00e9<\/span><\/strong>\u00a0(Nutrend Specialized) v z\u00e1vod\u011b juniorek, kter\u00e1 nesta\u010dila pouze na Janu Czecinkarovou. I Adys m\u00e1 p\u0159ed mistr\u00e1kem faz\u00f3nu&#8230;<\/p>\n<p style=\"text-align: justify;\">Obsazeny jsme m\u011bli i ob\u011b mu\u017esk\u00e9 kategorie. <strong><span style=\"color: #800000;\">Luk\u00e1\u0161 Gregor<\/span><\/strong> se v EXPERTECH op\u011bt p\u0159ibl\u00ed\u017eil elitn\u00ed des\u00edtce a pot\u011b\u0161iteln\u00e9 je p\u0159edev\u0161\u00edm to, \u017ee na nejvy\u0161\u0161\u00ed p\u0159\u00ed\u010dky ukrajuje z\u00e1vod od z\u00e1vodu minutku po minutce&#8230; <strong><span style=\"color: #800000;\">Radima Kov\u00e1\u0159e<\/span> <\/strong>o body p\u0159ipravil velmi nep\u0159\u00edjemn\u00fd a dost nebezpe\u010dn\u011b vypadaj\u00edc\u00ed p\u00e1d, nav\u00edc ve velk\u00e9 rychlosti. N\u00e1\u0161 borec ale osv\u011bd\u010dil pov\u011bst rv\u00e1\u010de a p\u0159es bolestiv\u00e9 nara\u017een\u00ed z\u00e1vod state\u010dn\u011b dokon\u010dil, by\u0165 na body tentokr\u00e1t nedos\u00e1hl&#8230; V\u0161em na\u0161im pat\u0159\u00ed d\u00edk za vzorn\u00e9 repre MORAVCE a v\u00fdkony na &#8222;doraz&#8220;. Speci\u00e1ln\u00ed d\u00edk pat\u0159\u00ed op\u011bt i bezchybn\u011b funguj\u00edc\u00edmu podp\u016frn\u00e9mu t\u00fdmu. V\u00fdledkov\u00fd sum\u00e1\u0159 na\u0161ich, kter\u00fd pro p\u0159\u00ed\u0161t\u00ed v\u00edkend sv\u00e1d\u00ed k opatrn\u00e9mu optimismu, je zde:<\/p>\n<ul>\n<li><span style=\"color: #000000;\">Mlad\u0161\u00ed \u017e\u00e1kyn\u011b &#8211; Krist\u00fdnka Kol\u00e1\u0159ov\u00e1 16. m\u00edsto, Ani\u010dka Smutn\u00e1 20. m\u00edsto.<\/span><\/li>\n<li>Mlad\u0161\u00ed \u017e\u00e1ci &#8211; Jakub Tesa\u0159 18. m\u00edsto.<\/li>\n<li>Star\u0161\u00ed \u017e\u00e1kyn\u011b &#8211; Tereza Obo\u0159ilov\u00e1 3. m\u00edsto, Anna Zem\u00e1nkov\u00e1 13. m\u00edsto.<\/li>\n<li>Star\u0161\u00ed \u017e\u00e1ci &#8211; Tom\u00e1\u0161 Tlamka &#8222;Contador&#8220; 15. m\u00edsto, Michal \u0160m\u00edda 19. m\u00edsto.<\/li>\n<li>Mu\u017ei EXPERT &#8211; Luk\u00e1\u0161 Gregor 14. m\u00edsto.<\/li>\n<li>Kadeti &#8211; Mat\u011bj Maz\u00e1nek 36. m\u00edsto, Jan \u0160m\u00edda 44. m\u00edsto<\/li>\n<li>Junio\u0159i &#8211; \u00a0Dominik Prudek 10. m\u00edsto, Patrik Kol\u00e1\u0159 22. m\u00edsto, Jirka \u0160t\u011bpan\u00edk 18. m\u00edsto.<\/li>\n<li>Kadetky &#8211; Jana Tesa\u0159ov\u00e1 6. m\u00edsto, Monika Kone\u010dn\u00e1 20. m\u00edsto.<\/li>\n<li>Juniorky &#8211; Ad\u00e9la \u0160af\u00e1\u0159ov\u00e1 2. m\u00edsto<\/li>\n<li>Mu\u017ei ELITE &#8211; Radim Kov\u00e1\u0159 39. m\u00edsto.<\/li>\n<\/ul>\n<p>Kompletn\u00ed v\u00fdsledky:\u00a0<strong><a href=\"http:\/\/sportsoft.cz\/cs\/zavod\/overview\/1537\">http:\/\/s\/z<\/a><a style=\"line-height: 1.5; color: #41a62a; outline: 0px;\" href=\"http:\/\/sportsoft.cz\/cs\/zavod\/overview\/1537\">sportsoft.cz\/c<\/a><a style=\"line-height: 1.5;\" href=\"http:\/\/sportsoft.cz\/cs\/zavod\/overview\/1537\">avod\/overview\/1537<\/a><\/strong><\/p>\n<p>Neuv\u011b\u0159iteln\u00fdch \u0161est mili\u00f3n\u016f fotek (raj\u010datov\u00fd rekord) pak trp\u011bliv\u011b prohl\u00ed\u017eejte tu\u0165:\u00a0<strong><a href=\"http:\/\/moravecteam.rajce.idnes.cz\/CESKY_POHAR_MTB_BRNO_11.7.2015\/\">http:\/\/moravecteam.rajce.idnes.cz\/CESKY_POHAR_MTB_BRNO_11.7.2015\/<\/a><\/strong><\/p>\n","protected":false},"excerpt":{"rendered":"<p>Vysok\u00fd standard! V\u00fdsledkov\u00e9 info z na\u0161eho \u00fa\u010dinkov\u00e1n\u00ed v p\u0159edposledn\u00edm z\u00e1vod\u011b \u010cesk\u00e9ho poh\u00e1ru horsk\u00fdch kol je p\u0159ed bl\u00ed\u017e\u00edc\u00edm se M\u010cR v Kutn\u00e9 Ho\u0159e nad\u011bjn\u00e9 a povzbudiv\u00e9 z\u00e1rove\u0148. Bronzovou &#8222;bednu&#8220; vybojovala pro MORAVEC v kategorii star\u0161\u00edch \u017e\u00e1ky\u0148 Tereza Obo\u0159ilov\u00e1, kter\u00e1 plat\u00ed ur\u010dit\u011b za jednou z favoritek i pro kutnohorsk\u00fd mistr\u00e1k. Ale i ostatn\u00ed na\u0161i se p\u0159i obnoven\u00e9 &hellip; <a href=\"https:\/\/www.moravecteam.cz\/?p=1008\" class=\"more-link\">Pokra\u010dov\u00e1n\u00ed textu <span class=\"screen-reader-text\">\u010cP MTB Brno<\/span> <span class=\"meta-nav\">&rarr;<\/span><\/a><\/p>\n","protected":false},"author":3,"featured_media":1017,"comment_status":"closed","ping_status":"closed","sticky":false,"template":"","format":"standard","meta":[],"categories":[1],"tags":[],"_links":{"self":[{"href":"https:\/\/www.moravecteam.cz\/index.php?rest_route=\/wp\/v2\/posts\/1008"}],"collection":[{"href":"https:\/\/www.moravecteam.cz\/index.php?rest_route=\/wp\/v2\/posts"}],"about":[{"href":"https:\/\/www.moravecteam.cz\/index.php?rest_route=\/wp\/v2\/types\/post"}],"author":[{"embeddable":true,"href":"https:\/\/www.moravecteam.cz\/index.php?rest_route=\/wp\/v2\/users\/3"}],"replies":[{"embeddable":true,"href":"https:\/\/www.moravecteam.cz\/index.php?rest_route=%2Fwp%2Fv2%2Fcomments&post=1008"}],"version-history":[{"count":11,"href":"https:\/\/www.moravecteam.cz\/index.php?rest_route=\/wp\/v2\/posts\/1008\/revisions"}],"predecessor-version":[{"id":1030,"href":"https:\/\/www.moravecteam.cz\/index.php?rest_route=\/wp\/v2\/posts\/1008\/revisions\/1030"}],"wp:featuredmedia":[{"embeddable":true,"href":"https:\/\/www.moravecteam.cz\/index.php?rest_route=\/wp\/v2\/media\/1017"}],"wp:attachment":[{"href":"https:\/\/www.moravecteam.cz\/index.php?rest_route=%2Fwp%2Fv2%2Fmedia&parent=1008"}],"wp:term":[{"taxonomy":"category","embeddable":true,"href":"https:\/\/www.moravecteam.cz\/index.php?rest_route=%2Fwp%2Fv2%2Fcategories&post=1008"},{"taxonomy":"post_tag","embeddable":true,"href":"https:\/\/www.moravecteam.cz\/index.php?rest_route=%2Fwp%2Fv2%2Ftags&post=1008"}],"curies":[{"name":"wp","href":"https:\/\/api.w.org\/{rel}","templated":true}]}}