{"id":10096,"date":"2017-10-27T21:49:26","date_gmt":"2017-10-27T19:49:26","guid":{"rendered":"http:\/\/www.moravecteam.cz\/?p=10096"},"modified":"2017-10-27T21:52:13","modified_gmt":"2017-10-27T19:52:13","slug":"zapomenuti-certi","status":"publish","type":"post","link":"https:\/\/www.moravecteam.cz\/?p=10096","title":{"rendered":"Zapomenut\u00ed \u010derti.!?"},"content":{"rendered":"<p style=\"text-align: justify;\"><span style=\"color: #800000;\"><strong>P\u0159esn\u00fd n\u00e1zev aktuality by m\u011bl vlastn\u011b b\u00fdt &#8222;Zapomenut\u00ed Zav\u0159elovic a ostatn\u00ed na\u0161i \u010derti&#8230;!&#8220; Ne v\u0161e se d\u00e1 st\u00edhat v o\u010dek\u00e1van\u00e9m term\u00ednu a to je pr\u00e1v\u011b p\u0159\u00edpad (nejen) Zav\u0159elovic multi-sportovn\u011b-ak\u010dn\u00edch sourozenc\u016f Jirky a Ad\u00e9lky, kter\u00fdm dlu\u017e\u00edm z \u010dervence, resp. z\u00e1\u0159\u00ed pochvalu za jejich vzorn\u00e9 repre MORAVEC Teamu. V prvn\u00edm p\u0159\u00edpad\u011b se jednalo o skv\u011bl\u00fd v\u00fdsledek na triatlonu ve \u017d\u010f\u00e1ru nad S\u00e1zavou, ve druh\u00e9m p\u0159\u00edpad\u011b to byl dal\u0161\u00ed\u00a0 TOP v\u00fdsledek, tentokr\u00e1t v na\u0161\u00ed hlavn\u00ed discipl\u00edn\u011b MTB p\u0159i z\u00e1vodech ve K\u0159tin\u00e1ch (v obou p\u0159\u00edpadech ale pochv\u00e1l\u00edme i dal\u0161\u00ed MORAVCE)\u00a0 &#8230; A jestli je V\u00e1m divn\u00e9, \u017ee jste &#8222;\u0161o\u0161\u016fvsk\u00e9 \u010de\u010detky&#8220; u\u017e n\u011bjak dlouho nevid\u011bli, dozv\u00edte se v z\u00e1v\u011bru t\u00e9to aktuality, pro\u010d vlastn\u011b..?<\/strong><\/span><\/p>\n<figure id=\"attachment_10102\" aria-describedby=\"caption-attachment-10102\" style=\"width: 2169px\" class=\"wp-caption alignnone\"><a href=\"http:\/\/www.moravecteam.cz\/?attachment_id=10102\" rel=\"attachment wp-att-10102\"><img decoding=\"async\" loading=\"lazy\" class=\" wp-image-10102\" alt=\"IMG_20170729_111912\" src=\"http:\/\/www.moravecteam.cz\/wp-content\/uploads\/2017\/10\/IMG_20170729_111912.jpg\" width=\"2169\" height=\"1781\" srcset=\"https:\/\/www.moravecteam.cz\/wp-content\/uploads\/2017\/10\/IMG_20170729_111912.jpg 2169w, https:\/\/www.moravecteam.cz\/wp-content\/uploads\/2017\/10\/IMG_20170729_111912-300x246.jpg 300w, https:\/\/www.moravecteam.cz\/wp-content\/uploads\/2017\/10\/IMG_20170729_111912-1024x840.jpg 1024w\" sizes=\"(max-width: 2169px) 100vw, 2169px\" \/><\/a><figcaption id=\"caption-attachment-10102\" class=\"wp-caption-text\">Jedno zlato, jedno st\u0159\u00edbro a dva bronzy vybojovaly na triatlonu ve \u017d\u010f\u00e1ru nad S\u00e1zavou koncem \u010dervence Ad\u00e9lka, Bar\u010da, Jirka a Just\u00fdnka. bravo MORAVEC!<\/figcaption><\/figure>\n<p style=\"text-align: justify;\">Posledn\u00ed \u010derencov\u00fd v\u00edkend se ve \u017d\u010f\u00e1ru nad S\u00e1zavou konal jeden ze z\u00e1vod\u016f Kep\u00e1k JM Triatlonov\u00e9 ligy &#8211; XTrail \u017d\u010f\u00e1r nad S\u00e1zavou 2017. Do boj\u016f v d\u011btsk\u00fdch kategori\u00edch zde zas\u00e1hnul hned &#8222;qartet&#8220; MORAVEC Teamu a jeho v\u00fdsledky n\u00e1s moc pot\u011b\u0161ily! V\u0161ichni se ve sv\u00fdch kategori\u00edch dok\u00e1zali prosadit na medailovou &#8222;bednu&#8220;! L\u00eddrem byla zlat\u00e1 <span style=\"color: #ff6600;\"><strong>Ad\u00e9lka Zav\u0159elov\u00e1<\/strong><\/span>, kter\u00e1 zdol\u00e1vala 100m jako plavec, 2km na sv\u00e9m obl\u00edben\u00e9m kole a ve fin\u00e1le dala je\u0161t\u011b 600m co by b\u011b\u017ekyn\u011b! Sv\u00fdm \u010dty\u0159em soupe\u0159k\u00e1m &#8211; pro zm\u011bnu &#8211; nedala \u0161anci a zv\u00edt\u011bzila n\u00e1skokem v\u00edce jak t\u0159i\u010dtvrt\u011b minuty! Jej\u00ed t\u00fdmov\u00ed par\u0165\u00e1ci, br\u00e1cha <strong><span style=\"color: #993300;\">Jirka Zav\u0159el<\/span><\/strong>, <strong><span style=\"color: #808080;\">Just\u00fdnka Novotn\u00e1<\/span><\/strong> a <strong><span style=\"color: #993300;\">Barunka Janovsk\u00e1<\/span><\/strong> nez\u00fastali o mnoho pozadu: Just\u00fdnka brala ve sv\u00e9 kategorii st\u0159\u00edbro, Jirka s Barunkou pak bronz! Bravo MORAVEC! Dodate\u010dn\u011b blahop\u0159ejeme a dodate\u010dn\u011b d\u00edky za vzorn\u00e9 repre odd\u00edlu! Zde mrkn\u011bte na <strong><a href=\"http:\/\/moravecteam.rajce.idnes.cz\/2017.07.29_Kepak_triatlonova_liga_Zdar_nad_Sazavou\/\">fotogalerii<\/a><\/strong>, naleznete v n\u00ed i v\u00fdsledkov\u00e9 listiny.<\/p>\n<figure id=\"attachment_10103\" aria-describedby=\"caption-attachment-10103\" style=\"width: 1673px\" class=\"wp-caption alignnone\"><a href=\"http:\/\/www.moravecteam.cz\/?attachment_id=10103\" rel=\"attachment wp-att-10103\"><img decoding=\"async\" loading=\"lazy\" class=\" wp-image-10103\" alt=\"IMG_20170910_170147\" src=\"http:\/\/www.moravecteam.cz\/wp-content\/uploads\/2017\/10\/IMG_20170910_170147.jpg\" width=\"1673\" height=\"1595\" srcset=\"https:\/\/www.moravecteam.cz\/wp-content\/uploads\/2017\/10\/IMG_20170910_170147.jpg 1673w, https:\/\/www.moravecteam.cz\/wp-content\/uploads\/2017\/10\/IMG_20170910_170147-25x25.jpg 25w, https:\/\/www.moravecteam.cz\/wp-content\/uploads\/2017\/10\/IMG_20170910_170147-300x286.jpg 300w, https:\/\/www.moravecteam.cz\/wp-content\/uploads\/2017\/10\/IMG_20170910_170147-1024x976.jpg 1024w\" sizes=\"(max-width: 1673px) 100vw, 1673px\" \/><\/a><figcaption id=\"caption-attachment-10103\" class=\"wp-caption-text\">Dv\u011b nejlep\u0161\u00ed &#8222;mlad\u0161\u00ed \u017e\u00e1kyn\u011b&#8220; ze z\u00e1\u0159iov\u00e9ho MTB ve K\u0159tin\u00e1ch. V\u00fdsledky na\u0161ich jsou o to pozoruhodn\u011bj\u0161\u00ed, p\u0159ipomeneme-li skute\u010dnost, \u017ee den p\u0159ed t\u00edm absolvovali t\u011b\u017ekou MTB &#8222;Vrchovinu&#8220; ve Velenov\u011b! Op\u011bt a je\u0161t\u011b jednou: bravo MORAVEC!<\/figcaption><\/figure>\n<p style=\"text-align: justify;\">Na konci prvn\u00ed z\u00e1\u0159iov\u00e9 dek\u00e1dy bojovaly na\u0161e mlad\u00e9 \u0161iky\u00a0 v\u010detn\u011b Jirka a Ad\u00e9lky Zav\u0159elov\u00fdch na MTB race ve K\u0159tin\u00e1ch, kterou zde pro d\u011bti m\u00edstn\u00ed pozorn\u00ed po\u0159adatel\u00e9 u\u017e pravideln\u011b po l\u00e9ta organizuj\u00ed. &#8222;Po \u010drtech&#8220; rychl\u00fd sourozeneck\u00fd p\u00e1r zde zdvojila dal\u0161\u00ed na\u0161e &#8222;pekeln\u011b&#8220; rychl\u00e1 sourozeneck\u00e1 dvojice: Maty\u00e1\u0161ek a Lucinka Koudelkovic. A op\u011bt n\u00e1\u0161 \u00fadern\u00fd &#8222;qartet&#8220; zde p\u0159edvedl par\u00e1dn\u00ed biersk\u00e9 \u010d\u00edslo&#8230; <strong><span style=\"color: #ff6600;\">Jirka Zav\u0159el<\/span><\/strong>, <strong><span style=\"color: #ff6600;\">Ad\u00e9lka Zav\u0159elov\u00e1<\/span><\/strong> a <span style=\"color: #ff6600;\"><strong>Maty\u00e1\u0161 Koudelka<\/strong><\/span> svoje kategorie s p\u0159ehledem vyhr\u00e1li, <strong><span style=\"color: #808080;\">Lucinka Koudelkov\u00e1<\/span><\/strong>\u00a0 fini\u0161ovala ve sv\u00e9m z\u00e1vod\u011b na st\u0159\u00edbrn\u00e9 pozici! A co v\u00edc: <strong><span style=\"color: #808080;\">Lucka Koudelkov\u00e1<\/span><\/strong> a <strong><span style=\"color: #ff6600;\">Ad\u00e9lkou Zav\u0159elovou<\/span><\/strong> si z pilnosti je\u0161t\u011b &#8222;st\u0159ihnuli&#8220; z\u00e1vod mlad\u0161\u00edch \u017e\u00e1ky\u0148 a proto\u017ee v t\u00e9to kategorii nebyl p\u0159\u00edli\u0161 velk\u00fd \u00fa\u010dastnick\u00fd p\u0159etlak, vyjeli si holky je\u0161t\u011b dal\u0161\u00ed zlato (Ad\u00e9lka) a st\u0159\u00edbro (Lucinka). Pozoruhodn\u00e9 ur\u010dit\u011b bylo, \u017ee dok\u00e1zali bez probl\u00e9m\u016f na trati dr\u017eet krok s o hodn\u011b star\u0161\u00edmi chlapci&#8230; A na z\u00e1v\u011br pozn\u00e1mka: p\u0159edjezdce d\u011blal d\u011btem n\u00e1\u0161 zku\u0161en\u00fd rajdr <strong><span style=\"color: #800000;\">Luk\u00e1\u0161 Gregor<\/span><\/strong> a musel si hodn\u011b d\u00e1vat na sv\u00e9 mlad\u00e9 t\u00fdmov\u00e9 kolegy pozor, aby svoji pozici zvl\u00e1dnul! Op\u011bt na\u0161im gratulace a velk\u00fd d\u00edk za vzorn\u00e9 repre MORAVEC Teamu! Zde mrkn\u011bte na <strong><a href=\"http:\/\/moravecteam.rajce.idnes.cz\/2017.09.10_MTB_Krtiny\/\">p\u011bknou fotogalerii.<\/a><\/strong><\/p>\n<figure id=\"attachment_10104\" aria-describedby=\"caption-attachment-10104\" style=\"width: 1653px\" class=\"wp-caption alignnone\"><a href=\"http:\/\/www.moravecteam.cz\/?attachment_id=10104\" rel=\"attachment wp-att-10104\"><img decoding=\"async\" loading=\"lazy\" class=\" wp-image-10104\" alt=\"IMG_20171024_105235\" src=\"http:\/\/www.moravecteam.cz\/wp-content\/uploads\/2017\/10\/IMG_20171024_105235.jpg\" width=\"1653\" height=\"1469\" srcset=\"https:\/\/www.moravecteam.cz\/wp-content\/uploads\/2017\/10\/IMG_20171024_105235.jpg 1653w, https:\/\/www.moravecteam.cz\/wp-content\/uploads\/2017\/10\/IMG_20171024_105235-300x266.jpg 300w, https:\/\/www.moravecteam.cz\/wp-content\/uploads\/2017\/10\/IMG_20171024_105235-1024x910.jpg 1024w\" sizes=\"(max-width: 1653px) 100vw, 1653px\" \/><\/a><figcaption id=\"caption-attachment-10104\" class=\"wp-caption-text\">Milan &#8222;Druh\u00fd&#8220;?\u00a0 Aktu\u00e1ln\u00ed australsk\u00fd tren\u00e9r Jirky a Ad\u00e9lky se jmenuje Peter a je z na\u0161ich sourozenc\u016f nad\u0161en\u00fd!<\/figcaption><\/figure>\n<p style=\"text-align: justify;\">A kam \u017ee n\u00e1m to Zav\u0159elovic &#8222;2. motorizovan\u00e1 divize MORAVEC Teamu&#8220;\u00a0 v sou\u010dasnosti zmizela? Budu stru\u010dn\u00fd: jsou v Austr\u00e1lii&#8230; Ano, sly\u0161\u00edte, resp. \u010dtete dob\u0159e&#8230; \u017de m\u00e1 tato rodina &#8222;boty s toulav\u00e9ho telete&#8220;, s t\u00edm u\u017e se budeme muset sm\u00ed\u0159it&#8230; Ale nenechte se m\u00fdlit: nejedn\u00e1 se o \u017e\u00e1dnou &#8222;plitkou&#8220; dov\u010du, str\u00e1venou povalov\u00e1n\u00edm se na n\u011bjak\u00e9 stupidn\u00ed pl\u00e1\u017ei v p\u0159\u00edtomnosti bachrat\u00fdch multimilion\u00e1\u0159\u016f \u010di petrolejov\u00fdch magn\u00e1t\u016f. Opak je pravdou. <strong><span style=\"color: #800000;\">Jirka Zav\u0159el<\/span><\/strong> s <strong><span style=\"color: #800000;\">Ad\u00e9lkou Zav\u0159elovou<\/span><\/strong> u\u017e maj\u00ed opat\u0159en\u00e1 silni\u010dn\u00ed kola a piln\u011b naj\u00ed\u017ed\u011bj\u00ed ve zdej\u0161\u00edm &#8211; aktu\u00e1ln\u011b jarn\u00edm klimatu &#8211; poctiv\u00e9 kilometry a v\u011b\u0159te &#8211; nev\u011b\u0159te &#8211; pod dohledem m\u00edstn\u00edho zku\u0161en\u00e9ho cyklistick\u00e9ho tren\u00e9ra! A ten je z jejich schopnost\u00ed a v\u00fdkonnosti nad\u0161en\u00fd! Od velitele \u00fadern\u00e9 2. motorizovan\u00e9 divize MORAVEC Teamu, Jirky Zav\u0159ela &#8211; tat\u00ednka m\u00e1m sl\u00edben\u00fd podrobn\u011bj\u0161\u00ed report z prvn\u00edch t\u00fddn\u016f jejich dalekos\u00e1hl\u00e9 invaze&#8230; Tak\u017ee bu\u010fte na na\u0161ich www st\u00e1le ve st\u0159ehu! Zde u\u017e mrkn\u011bte na prvn\u00ed <strong><a href=\"http:\/\/moravecteam.rajce.idnes.cz\/2017.10.27_MORAVEC_Team_v_Australii\/\">&#8222;fotkogalerii&#8220;<\/a><\/strong>&#8230;<\/p>\n<p>&nbsp;<\/p>\n","protected":false},"excerpt":{"rendered":"<p>P\u0159esn\u00fd n\u00e1zev aktuality by m\u011bl vlastn\u011b b\u00fdt &#8222;Zapomenut\u00ed Zav\u0159elovic a ostatn\u00ed na\u0161i \u010derti&#8230;!&#8220; Ne v\u0161e se d\u00e1 st\u00edhat v o\u010dek\u00e1van\u00e9m term\u00ednu a to je pr\u00e1v\u011b p\u0159\u00edpad (nejen) Zav\u0159elovic multi-sportovn\u011b-ak\u010dn\u00edch sourozenc\u016f Jirky a Ad\u00e9lky, kter\u00fdm dlu\u017e\u00edm z \u010dervence, resp. z\u00e1\u0159\u00ed pochvalu za jejich vzorn\u00e9 repre MORAVEC Teamu. V prvn\u00edm p\u0159\u00edpad\u011b se jednalo o skv\u011bl\u00fd v\u00fdsledek na &hellip; <a href=\"https:\/\/www.moravecteam.cz\/?p=10096\" class=\"more-link\">Pokra\u010dov\u00e1n\u00ed textu <span class=\"screen-reader-text\">Zapomenut\u00ed \u010derti.!?<\/span> <span class=\"meta-nav\">&rarr;<\/span><\/a><\/p>\n","protected":false},"author":3,"featured_media":10105,"comment_status":"open","ping_status":"closed","sticky":false,"template":"","format":"standard","meta":[],"categories":[1],"tags":[],"_links":{"self":[{"href":"https:\/\/www.moravecteam.cz\/index.php?rest_route=\/wp\/v2\/posts\/10096"}],"collection":[{"href":"https:\/\/www.moravecteam.cz\/index.php?rest_route=\/wp\/v2\/posts"}],"about":[{"href":"https:\/\/www.moravecteam.cz\/index.php?rest_route=\/wp\/v2\/types\/post"}],"author":[{"embeddable":true,"href":"https:\/\/www.moravecteam.cz\/index.php?rest_route=\/wp\/v2\/users\/3"}],"replies":[{"embeddable":true,"href":"https:\/\/www.moravecteam.cz\/index.php?rest_route=%2Fwp%2Fv2%2Fcomments&post=10096"}],"version-history":[{"count":10,"href":"https:\/\/www.moravecteam.cz\/index.php?rest_route=\/wp\/v2\/posts\/10096\/revisions"}],"predecessor-version":[{"id":10110,"href":"https:\/\/www.moravecteam.cz\/index.php?rest_route=\/wp\/v2\/posts\/10096\/revisions\/10110"}],"wp:featuredmedia":[{"embeddable":true,"href":"https:\/\/www.moravecteam.cz\/index.php?rest_route=\/wp\/v2\/media\/10105"}],"wp:attachment":[{"href":"https:\/\/www.moravecteam.cz\/index.php?rest_route=%2Fwp%2Fv2%2Fmedia&parent=10096"}],"wp:term":[{"taxonomy":"category","embeddable":true,"href":"https:\/\/www.moravecteam.cz\/index.php?rest_route=%2Fwp%2Fv2%2Fcategories&post=10096"},{"taxonomy":"post_tag","embeddable":true,"href":"https:\/\/www.moravecteam.cz\/index.php?rest_route=%2Fwp%2Fv2%2Ftags&post=10096"}],"curies":[{"name":"wp","href":"https:\/\/api.w.org\/{rel}","templated":true}]}}