{"id":10111,"date":"2017-10-30T18:33:12","date_gmt":"2017-10-30T17:33:12","guid":{"rendered":"http:\/\/www.moravecteam.cz\/?p=10111"},"modified":"2017-10-30T22:40:33","modified_gmt":"2017-10-30T21:40:33","slug":"kriticke-hole-vrchy","status":"publish","type":"post","link":"https:\/\/www.moravecteam.cz\/?p=10111","title":{"rendered":"Kritick\u00e9 Hol\u00e9 Vrchy&#8230;"},"content":{"rendered":"<p style=\"text-align: justify;\"><span style=\"color: #800000;\"><strong>P\u0159i \u00a0\u0161est\u00e9m z\u00e1vod\u011b cyklokrosov\u00e9ho TOI TOI Cupu, kter\u00fd o sv\u00e1te\u010dn\u00ed sobot\u011b pohosily Hol\u00e9 Vrchy u Mlad\u00e9 Boleslavi, \u00a0n\u00e1m zamrazilo v\u00a0z\u00e1dech, jako snad je\u0161t\u011b nikdy v\u00a0dlouh\u00e9, patn\u00e1ctilet\u00e9 historii MORAVEC Teamu\u2026\u00a0 Na\u0161i juniorku a leto\u0161n\u00ed \u201esprinterskou\u201c mistryni \u010cR v\u00a0t\u00e9to kategorii z\u00a0\u010dervencov\u00e9ho MTB XCO\u00a0\u0161ampion\u00e1tu v\u00a0Brn\u011b, Janu Tesa\u0159ovou, postihnul v\u00a0pr\u016fb\u011bhu z\u00e1vodu tak z\u00e1va\u017en\u00fd zdravotn\u00ed probl\u00e9m, \u017ee se talentovan\u00e1 bikerka ocitla v\u00a0ohro\u017een\u00ed \u017eivota!!!<\/strong><\/span><\/p>\n<p>Zde\u00a0je ke z\u00e1va\u017en\u00e9 kritick\u00e9 ud\u00e1losti <a href=\"http:\/\/www.cyklokros.cz\/cz\/cyklokros-cz\/aktuality\/794-drama-behem-zavodu-pri-zachrane-zivota-slo-o-vteriny\"><strong>podrobn\u00e1 report\u00e1\u017e<\/strong><\/a>:<\/p>\n<p style=\"text-align: justify;\">Duchap\u0159\u00edtomn\u00fdm <strong><span style=\"color: #800000;\">Lence Janovsk\u00e9<\/span> <\/strong>a\u00a0<span style=\"color: #800000;\"><strong>Jarom\u00edru Friedovi\u00a0<\/strong><\/span>pat\u0159\u00ed na\u0161e velk\u00e9 a up\u0159\u00edmn\u00e9 pod\u011bkov\u00e1n\u00ed za z\u00e1chranu \u017eivota Jany Tesa\u0159ov\u00e9, kter\u00e9 za dan\u00e9 situace snad ani nejde slovy vyj\u00e1d\u0159it\u2026 &#8222;D\u017eejn&#8220; p\u0159ejeme rychl\u00e9,\u00a0 ale hlavn\u011b definitivn\u00ed, \u00fapln\u00e9 a kone\u010dn\u00e9 uzdraven\u00ed, kter\u00e9 bude pro ni znamenat vrcholov\u00e9 sportovn\u00ed v\u00fdkony bez jak\u00fdchkoli obav, \u017ee by se n\u011bkdy je\u0161t\u011b n\u011bco podobn\u00e9ho &#8211; nedej Bo\u017ee &#8211; m\u011blo opakovat!<\/p>\n<ul>\n<li>Zde je <a href=\"http:\/\/www.cyklokros.cz\/data\/web\/toitoicup\/2017\/hole-vrchy\/min1.html\"><strong>v\u00fdsledkov\u00e1 listina z\u00e1vodu \u017e\u00e1k\u016f<\/strong><\/a>\u00a0z HV,<\/li>\n<li>zde je <a href=\"http:\/\/www.cyklokros.cz\/data\/web\/toitoicup\/2017\/hole-vrchy\/cad4.html\"><strong>v\u00fdsledkov\u00e1 listina z\u00e1vodu kadetek<\/strong><\/a>,<\/li>\n<li>zde je <a href=\"http:\/\/www.cyklokros.cz\/data\/web\/toitoicup\/2017\/hole-vrchy\/cad3.html\"><strong>v\u00fdsledkov\u00e1 listina z\u00e1vodu kadet\u016f<\/strong><\/a>,<\/li>\n<li>zde je <a href=\"http:\/\/www.cyklokros.cz\/data\/web\/toitoicup\/2017\/hole-vrchy\/elt9.html\"><strong><span style=\"color: #800000;\"><span style=\"color: #008000;\">v\u00fdsledkov\u00e1 listina z\u00e1vodu \u017een<\/span><\/span><\/strong><\/a>.<\/li>\n<\/ul>\n<p style=\"text-align: justify;\">Z\u00a0v\u00fdsledkov\u00e9ho sum\u00e1\u0159e je patrn\u00e9, \u017ee na n\u00e1ro\u010dn\u00e9 trati, kter\u00e1\u00a0 po de\u0161t\u00edch m\u011bla povahu typick\u00e9ho cyklokrosa\u0159sk\u00e9ho\u00a0 ter\u00e9nu, se nejl\u00e9pe da\u0159ilo <strong><span style=\"color: #800000;\">Eli\u0161ce Han\u00e1kov\u00e9 a Romanu \u0160indel\u00e1\u0159ovi<\/span><\/strong>\u00a0a zatleskali jsme i na\u0161im odchovanc\u016fm <strong><span style=\"color: #800000;\">Tom\u00e1\u0161i Tlamkovi \u201eContdorovi\u201c<\/span><\/strong> a <span style=\"color: #800000;\"><strong>Ad\u00e9lce \u0160af\u00e1\u0159ov\u00e9<\/strong> <\/span>(oba Nutrend Specialized). Adys \u00a0nav\u00edc kvalitn\u00ed v\u00fdsledek na Hol\u00fdch Vr\u0161\u00edch pojistil \u00a0<a href=\"http:\/\/www.cyklokros.cz\/cz\/toi-toi-cup\/aktuality\/795-v-tabore-nas-bude-reprezentovat-36-cyklokrosaru\"><strong>nominaci na ME<\/strong><\/a>, kter\u00e9 pohost\u00ed p\u0159\u00ed\u0161t\u00ed v\u00edkend jiho\u010desk\u00fd T\u00e1bor. Krom\u011b n\u00ed budou \u010cR je\u0161t\u011b v\u00a0T\u00e1bo\u0159e reprezentovat dal\u0161\u00ed t\u0159i n\u00e1m dob\u0159e zn\u00e1m\u00ed rajd\u0159i z\u00a0MTB \u201eVrchoviny\u201c: Jakub \u0158\u00edman (junior \u2013 vyhr\u00e1l letos Valchov \u2013 Monako), \u00a0Daniel Mayer\u00a0 (M23, da\u0159ilo se mu na MTB \u201eVrchovin\u011b\u201c p\u0159edev\u0161\u00edm v\u00a0roce 2015) a Emil Hekele (mu\u017ei ELITE \u2013 vyhr\u00e1l letos \u201eVrchovinu\u201c v\u00a0Bukov\u00e9 a v\u00a0Boskovic\u00edch). Na cyklokrosov\u00fdch kolbi\u0161t\u00edch se objevil po zran\u011bn\u00ed v\u00a0sobotu u\u017e i <strong><span style=\"color: #800000;\">Dominik Prudek<\/span><\/strong>, kter\u00fd u\u017e startoval minulou sobotu na z\u00e1vod\u011b mu\u017e\u016f ELITE v r\u00e1mci cyklokrosov\u00e9ho slovensk\u00e9ho poh\u00e1ru. TOI TOI Cup pokra\u010duje p\u0159es-p\u0159\u00ed\u0161t\u00ed v\u00edkend dvojz\u00e1vodem na Morav\u011b: cyklokrosa\u0159e bude hostit Uni\u010dov a Ostrava, zde mrkn\u011bte na <strong><a href=\"http:\/\/moravecteam.rajce.idnes.cz\/2017.10.28_TOI_TOI_Cup_Hole_Vrchy\/\">fotogalerii<\/a> <\/strong>a i zde jsou <strong><span style=\"color: #800000;\">dal\u0161\u00ed autentick\u00e9 fotky z Hol\u00fdch Vrch\u016f<\/span><\/strong>:<\/p>\n<div id='gallery-1' class='gallery galleryid-10111 gallery-columns-9 gallery-size-thumbnail'><figure class='gallery-item'>\n\t\t\t<div class='gallery-icon landscape'>\n\t\t\t\t<a href='https:\/\/www.moravecteam.cz\/?attachment_id=10135'><img width=\"25\" height=\"25\" src=\"https:\/\/www.moravecteam.cz\/wp-content\/uploads\/2017\/10\/DSC_0465-25x25.jpg\" class=\"attachment-thumbnail size-thumbnail\" alt=\"\" decoding=\"async\" loading=\"lazy\" \/><\/a>\n\t\t\t<\/div><\/figure><figure class='gallery-item'>\n\t\t\t<div class='gallery-icon landscape'>\n\t\t\t\t<a href='https:\/\/www.moravecteam.cz\/?attachment_id=10136'><img width=\"25\" height=\"25\" src=\"https:\/\/www.moravecteam.cz\/wp-content\/uploads\/2017\/10\/DSC_0469-25x25.jpg\" class=\"attachment-thumbnail size-thumbnail\" alt=\"\" decoding=\"async\" loading=\"lazy\" \/><\/a>\n\t\t\t<\/div><\/figure><figure class='gallery-item'>\n\t\t\t<div class='gallery-icon landscape'>\n\t\t\t\t<a href='https:\/\/www.moravecteam.cz\/?attachment_id=10137'><img width=\"25\" height=\"25\" src=\"https:\/\/www.moravecteam.cz\/wp-content\/uploads\/2017\/10\/DSC_04731-25x25.jpg\" class=\"attachment-thumbnail size-thumbnail\" alt=\"\" decoding=\"async\" loading=\"lazy\" \/><\/a>\n\t\t\t<\/div><\/figure><figure class='gallery-item'>\n\t\t\t<div class='gallery-icon landscape'>\n\t\t\t\t<a href='https:\/\/www.moravecteam.cz\/?attachment_id=10138'><img width=\"25\" height=\"25\" src=\"https:\/\/www.moravecteam.cz\/wp-content\/uploads\/2017\/10\/DSC_0476-25x25.jpg\" class=\"attachment-thumbnail size-thumbnail\" alt=\"\" decoding=\"async\" loading=\"lazy\" srcset=\"https:\/\/www.moravecteam.cz\/wp-content\/uploads\/2017\/10\/DSC_0476-25x25.jpg 25w, https:\/\/www.moravecteam.cz\/wp-content\/uploads\/2017\/10\/DSC_0476-300x294.jpg 300w, https:\/\/www.moravecteam.cz\/wp-content\/uploads\/2017\/10\/DSC_0476.jpg 879w\" sizes=\"(max-width: 25px) 100vw, 25px\" \/><\/a>\n\t\t\t<\/div><\/figure><figure class='gallery-item'>\n\t\t\t<div class='gallery-icon landscape'>\n\t\t\t\t<a href='https:\/\/www.moravecteam.cz\/?attachment_id=10139'><img width=\"25\" height=\"25\" src=\"https:\/\/www.moravecteam.cz\/wp-content\/uploads\/2017\/10\/DSC_0480-25x25.jpg\" class=\"attachment-thumbnail size-thumbnail\" alt=\"\" decoding=\"async\" loading=\"lazy\" srcset=\"https:\/\/www.moravecteam.cz\/wp-content\/uploads\/2017\/10\/DSC_0480-25x25.jpg 25w, https:\/\/www.moravecteam.cz\/wp-content\/uploads\/2017\/10\/DSC_0480-300x284.jpg 300w, https:\/\/www.moravecteam.cz\/wp-content\/uploads\/2017\/10\/DSC_0480-1024x972.jpg 1024w, https:\/\/www.moravecteam.cz\/wp-content\/uploads\/2017\/10\/DSC_0480.jpg 1130w\" sizes=\"(max-width: 25px) 100vw, 25px\" \/><\/a>\n\t\t\t<\/div><\/figure><figure class='gallery-item'>\n\t\t\t<div class='gallery-icon landscape'>\n\t\t\t\t<a href='https:\/\/www.moravecteam.cz\/?attachment_id=10140'><img width=\"25\" height=\"25\" src=\"https:\/\/www.moravecteam.cz\/wp-content\/uploads\/2017\/10\/DSC_0481-25x25.jpg\" class=\"attachment-thumbnail size-thumbnail\" alt=\"\" decoding=\"async\" loading=\"lazy\" \/><\/a>\n\t\t\t<\/div><\/figure><figure class='gallery-item'>\n\t\t\t<div class='gallery-icon landscape'>\n\t\t\t\t<a href='https:\/\/www.moravecteam.cz\/?attachment_id=10141'><img width=\"25\" height=\"25\" src=\"https:\/\/www.moravecteam.cz\/wp-content\/uploads\/2017\/10\/DSC_0484-25x25.jpg\" class=\"attachment-thumbnail size-thumbnail\" alt=\"\" decoding=\"async\" loading=\"lazy\" \/><\/a>\n\t\t\t<\/div><\/figure><figure class='gallery-item'>\n\t\t\t<div class='gallery-icon landscape'>\n\t\t\t\t<a href='https:\/\/www.moravecteam.cz\/?attachment_id=10142'><img width=\"25\" height=\"25\" src=\"https:\/\/www.moravecteam.cz\/wp-content\/uploads\/2017\/10\/DSC_04881-25x25.jpg\" class=\"attachment-thumbnail size-thumbnail\" alt=\"\" decoding=\"async\" loading=\"lazy\" \/><\/a>\n\t\t\t<\/div><\/figure><figure class='gallery-item'>\n\t\t\t<div class='gallery-icon landscape'>\n\t\t\t\t<a href='https:\/\/www.moravecteam.cz\/?attachment_id=10143'><img width=\"25\" height=\"25\" src=\"https:\/\/www.moravecteam.cz\/wp-content\/uploads\/2017\/10\/DSC_0490-25x25.jpg\" class=\"attachment-thumbnail size-thumbnail\" alt=\"\" decoding=\"async\" loading=\"lazy\" \/><\/a>\n\t\t\t<\/div><\/figure><figure class='gallery-item'>\n\t\t\t<div class='gallery-icon landscape'>\n\t\t\t\t<a href='https:\/\/www.moravecteam.cz\/?attachment_id=10144'><img width=\"25\" height=\"25\" src=\"https:\/\/www.moravecteam.cz\/wp-content\/uploads\/2017\/10\/DSC_0491-25x25.jpg\" class=\"attachment-thumbnail size-thumbnail\" alt=\"\" decoding=\"async\" loading=\"lazy\" \/><\/a>\n\t\t\t<\/div><\/figure><figure class='gallery-item'>\n\t\t\t<div class='gallery-icon landscape'>\n\t\t\t\t<a href='https:\/\/www.moravecteam.cz\/?attachment_id=10145'><img width=\"25\" height=\"25\" src=\"https:\/\/www.moravecteam.cz\/wp-content\/uploads\/2017\/10\/DSC_0493-25x25.jpg\" class=\"attachment-thumbnail size-thumbnail\" alt=\"\" decoding=\"async\" loading=\"lazy\" \/><\/a>\n\t\t\t<\/div><\/figure><figure class='gallery-item'>\n\t\t\t<div class='gallery-icon landscape'>\n\t\t\t\t<a href='https:\/\/www.moravecteam.cz\/?attachment_id=10146'><img width=\"25\" height=\"25\" src=\"https:\/\/www.moravecteam.cz\/wp-content\/uploads\/2017\/10\/DSC_0494-25x25.jpg\" class=\"attachment-thumbnail size-thumbnail\" alt=\"\" decoding=\"async\" loading=\"lazy\" \/><\/a>\n\t\t\t<\/div><\/figure><figure class='gallery-item'>\n\t\t\t<div class='gallery-icon landscape'>\n\t\t\t\t<a href='https:\/\/www.moravecteam.cz\/?attachment_id=10147'><img width=\"25\" height=\"25\" src=\"https:\/\/www.moravecteam.cz\/wp-content\/uploads\/2017\/10\/DSC_04961-25x25.jpg\" class=\"attachment-thumbnail size-thumbnail\" alt=\"\" decoding=\"async\" loading=\"lazy\" \/><\/a>\n\t\t\t<\/div><\/figure><figure class='gallery-item'>\n\t\t\t<div class='gallery-icon landscape'>\n\t\t\t\t<a href='https:\/\/www.moravecteam.cz\/?attachment_id=10148'><img width=\"25\" height=\"25\" src=\"https:\/\/www.moravecteam.cz\/wp-content\/uploads\/2017\/10\/DSC_0497-25x25.jpg\" class=\"attachment-thumbnail size-thumbnail\" alt=\"\" decoding=\"async\" loading=\"lazy\" \/><\/a>\n\t\t\t<\/div><\/figure><figure class='gallery-item'>\n\t\t\t<div class='gallery-icon landscape'>\n\t\t\t\t<a href='https:\/\/www.moravecteam.cz\/?attachment_id=10149'><img width=\"25\" height=\"25\" src=\"https:\/\/www.moravecteam.cz\/wp-content\/uploads\/2017\/10\/DSC_0499-25x25.jpg\" class=\"attachment-thumbnail size-thumbnail\" alt=\"\" decoding=\"async\" loading=\"lazy\" \/><\/a>\n\t\t\t<\/div><\/figure><figure class='gallery-item'>\n\t\t\t<div class='gallery-icon landscape'>\n\t\t\t\t<a href='https:\/\/www.moravecteam.cz\/?attachment_id=10150'><img width=\"25\" height=\"25\" src=\"https:\/\/www.moravecteam.cz\/wp-content\/uploads\/2017\/10\/DSC_0506-25x25.jpg\" class=\"attachment-thumbnail size-thumbnail\" alt=\"\" decoding=\"async\" loading=\"lazy\" \/><\/a>\n\t\t\t<\/div><\/figure><figure class='gallery-item'>\n\t\t\t<div class='gallery-icon landscape'>\n\t\t\t\t<a href='https:\/\/www.moravecteam.cz\/?attachment_id=10151'><img width=\"25\" height=\"25\" src=\"https:\/\/www.moravecteam.cz\/wp-content\/uploads\/2017\/10\/DSC_0506_1-25x25.jpg\" class=\"attachment-thumbnail size-thumbnail\" alt=\"\" decoding=\"async\" loading=\"lazy\" \/><\/a>\n\t\t\t<\/div><\/figure><figure class='gallery-item'>\n\t\t\t<div class='gallery-icon landscape'>\n\t\t\t\t<a href='https:\/\/www.moravecteam.cz\/?attachment_id=10152'><img width=\"25\" height=\"25\" src=\"https:\/\/www.moravecteam.cz\/wp-content\/uploads\/2017\/10\/DSC_0508-25x25.jpg\" class=\"attachment-thumbnail size-thumbnail\" alt=\"\" decoding=\"async\" loading=\"lazy\" \/><\/a>\n\t\t\t<\/div><\/figure><figure class='gallery-item'>\n\t\t\t<div class='gallery-icon landscape'>\n\t\t\t\t<a href='https:\/\/www.moravecteam.cz\/?attachment_id=10153'><img width=\"25\" height=\"25\" src=\"https:\/\/www.moravecteam.cz\/wp-content\/uploads\/2017\/10\/DSC_0509-25x25.jpg\" class=\"attachment-thumbnail size-thumbnail\" alt=\"\" decoding=\"async\" loading=\"lazy\" \/><\/a>\n\t\t\t<\/div><\/figure>\n\t\t<\/div>\n\n<p>&nbsp;<\/p>\n<p>&nbsp;<\/p>\n","protected":false},"excerpt":{"rendered":"<p>P\u0159i \u00a0\u0161est\u00e9m z\u00e1vod\u011b cyklokrosov\u00e9ho TOI TOI Cupu, kter\u00fd o sv\u00e1te\u010dn\u00ed sobot\u011b pohosily Hol\u00e9 Vrchy u Mlad\u00e9 Boleslavi, \u00a0n\u00e1m zamrazilo v\u00a0z\u00e1dech, jako snad je\u0161t\u011b nikdy v\u00a0dlouh\u00e9, patn\u00e1ctilet\u00e9 historii MORAVEC Teamu\u2026\u00a0 Na\u0161i juniorku a leto\u0161n\u00ed \u201esprinterskou\u201c mistryni \u010cR v\u00a0t\u00e9to kategorii z\u00a0\u010dervencov\u00e9ho MTB XCO\u00a0\u0161ampion\u00e1tu v\u00a0Brn\u011b, Janu Tesa\u0159ovou, postihnul v\u00a0pr\u016fb\u011bhu z\u00e1vodu tak z\u00e1va\u017en\u00fd zdravotn\u00ed probl\u00e9m, \u017ee se talentovan\u00e1 bikerka &hellip; <a href=\"https:\/\/www.moravecteam.cz\/?p=10111\" class=\"more-link\">Pokra\u010dov\u00e1n\u00ed textu <span class=\"screen-reader-text\">Kritick\u00e9 Hol\u00e9 Vrchy&#8230;<\/span> <span class=\"meta-nav\">&rarr;<\/span><\/a><\/p>\n","protected":false},"author":3,"featured_media":10132,"comment_status":"open","ping_status":"closed","sticky":false,"template":"","format":"standard","meta":[],"categories":[1],"tags":[],"_links":{"self":[{"href":"https:\/\/www.moravecteam.cz\/index.php?rest_route=\/wp\/v2\/posts\/10111"}],"collection":[{"href":"https:\/\/www.moravecteam.cz\/index.php?rest_route=\/wp\/v2\/posts"}],"about":[{"href":"https:\/\/www.moravecteam.cz\/index.php?rest_route=\/wp\/v2\/types\/post"}],"author":[{"embeddable":true,"href":"https:\/\/www.moravecteam.cz\/index.php?rest_route=\/wp\/v2\/users\/3"}],"replies":[{"embeddable":true,"href":"https:\/\/www.moravecteam.cz\/index.php?rest_route=%2Fwp%2Fv2%2Fcomments&post=10111"}],"version-history":[{"count":12,"href":"https:\/\/www.moravecteam.cz\/index.php?rest_route=\/wp\/v2\/posts\/10111\/revisions"}],"predecessor-version":[{"id":10200,"href":"https:\/\/www.moravecteam.cz\/index.php?rest_route=\/wp\/v2\/posts\/10111\/revisions\/10200"}],"wp:featuredmedia":[{"embeddable":true,"href":"https:\/\/www.moravecteam.cz\/index.php?rest_route=\/wp\/v2\/media\/10132"}],"wp:attachment":[{"href":"https:\/\/www.moravecteam.cz\/index.php?rest_route=%2Fwp%2Fv2%2Fmedia&parent=10111"}],"wp:term":[{"taxonomy":"category","embeddable":true,"href":"https:\/\/www.moravecteam.cz\/index.php?rest_route=%2Fwp%2Fv2%2Fcategories&post=10111"},{"taxonomy":"post_tag","embeddable":true,"href":"https:\/\/www.moravecteam.cz\/index.php?rest_route=%2Fwp%2Fv2%2Ftags&post=10111"}],"curies":[{"name":"wp","href":"https:\/\/api.w.org\/{rel}","templated":true}]}}