{"id":10117,"date":"2017-10-30T19:12:51","date_gmt":"2017-10-30T18:12:51","guid":{"rendered":"http:\/\/www.moravecteam.cz\/?p=10117"},"modified":"2017-10-30T19:12:51","modified_gmt":"2017-10-30T18:12:51","slug":"co-se-bude-dit-st44-3","status":"publish","type":"post","link":"https:\/\/www.moravecteam.cz\/?p=10117","title":{"rendered":"Co se bude d\u00edt? (ST44)"},"content":{"rendered":"<h5><span style=\"color: #800000;\">Ned\u011ble\u00a05.11. 2017\u00a0\u00a0<\/span><\/h5>\n<p style=\"text-align: justify;\"><strong><span style=\"color: #ff0000;\">POZOR!<\/span><\/strong> Bezva novota &#8211; cyklovyj\u00ed\u017e\u010fka s Hankou a Vlast\u00edkem Odehnalov\u00fdmi. Sraz v 9.30 ve Sportparku Boskovice &#8211; Doubravy, zde <strong><a href=\"http:\/\/www.moravecteam.cz\/?p=10120\">mrkn\u011bte na podrobnosti.<\/a><\/strong>..<\/p>\n<h5 style=\"text-align: justify;\"><span style=\"color: #800000;\">Akce t\u011bsn\u011b za horizontem<\/span><\/h5>\n<ul>\n<li style=\"text-align: justify;\"><strong><span style=\"color: #800000;\">8.11.2017<\/span> <\/strong>&#8211;\u00a0t\u0159et\u00ed Brn\u011bnsk\u00fd cyklokros &#8211; zde mrkn\u011bte na <strong><a href=\"http:\/\/www.favoritbrno.cz\/media\/BCP%20rozpis%202017%20171003.pdf\">propozice<\/a>, <\/strong>\u00fa\u010dast\u00a0 a dopravu si ka\u017ed\u00fd zaji\u0161\u0165uje s\u00e1m<\/li>\n<li style=\"text-align: justify;\"><strong><span style=\"color: #800000;\">8.11. 2017<\/span> <\/strong>&#8211; prvn\u00ed cvi\u010den\u00ed v bene\u0161ovsk\u00e9 t\u011blocvi\u010dn\u011b v\u00a0r\u00e1mci zimn\u00ed p\u0159\u00edpravy &#8211; zam\u011b\u0159eno na d\u011bti do 12-ti let v\u010detn\u011b (cvi\u010dit ale s n\u00e1mi m\u016f\u017eou i star\u0161\u00ed d\u011bti, rodi\u010de, prarodi\u010de&#8230;).\u00a0Cvi\u010den\u00ed povede Petr\u00a0a \u00a0budeme s sebou mrskat od 16.30 do 18.30 hodin. P\u0159ij\u010fte v maxim\u00e1ln\u00edm mo\u017en\u00e9m po\u010dtu, <span style=\"text-decoration: underline;\">soub\u011b\u017en\u011b s cvi\u010den\u00edm bude prob\u00edhat zkou\u0161en\u00ed dres\u016f na sez\u00f3nu 2018!<\/span><\/li>\n<li style=\"text-align: justify;\"><span style=\"color: #800000;\"><strong>10.11. 2017<\/strong> <\/span>&#8211; prvn\u00ed cvi\u010den\u00ed v bene\u0161ovsk\u00e9 t\u011blocvi\u010dn\u011b r\u00e1mci zimn\u00ed p\u0159\u00edpravy &#8211; zam\u011b\u0159eno na d\u011bti\u00a0od 13-ti let v\u010detn\u011b a star\u0161\u00ed (cvi\u010dit ale s n\u00e1mi m\u016f\u017eou i star\u0161\u00ed d\u011bti, rodi\u010de, prarodi\u010de&#8230;).\u00a0Cvi\u010dit budeme od 18.00 do 20.00 hod. a na cvi\u010den\u00ed bude p\u0159edstaven nov\u00fd tren\u00e9r na\u0161ich z\u00e1vodn\u00edk\u016f od kategorie kadet a star\u0161\u00edch &#8211; <strong><span style=\"color: #800000;\">Jirka O\u0161\u0165\u00e1dal<\/span><\/strong>, se kter\u00fdm se sejdeme na informativn\u00ed sch\u016fzce ve stejn\u00fd den je\u0161t\u011b p\u0159ed samotn\u00fdm cvi\u010den\u00edm v t\u011blocvi\u010dn\u011b &#8211; od 16.30 hodin v neku\u0159\u00e1ck\u00e9 \u010d\u00e1sti restaurace Morava Bene\u0161ov. \u0160ir\u0161\u00ed nominace Jirkovi tr\u00e9ninkov\u00e9 skupiny pro r. 2018 je\u00a0ji\u017e zkonfigurov\u00e1na.\u00a0\u00a0\u00a0Jirka\u00a0 na V\u00e1s dostal\u00a0kontakty a u\u017e v tomto t\u00fddnu s V\u00e1mi zah\u00e1j\u00ed ve v\u011bci tr\u00e9nov\u00e1n\u00ed prvn\u00ed rozhovory. Mlad\u00e9 cyklisty do kategorie \u017e\u00e1ci \/ \u017e\u00e1kyn\u011b\u00a0\u00a0bude v r. 2018 tr\u00e9novat <strong><span style=\"color: #800000;\">Milan Tlamka<\/span><\/strong>, kdy\u017e\u00a0 jeho &#8222;pravou rukou&#8220; bude letos tolik osv\u011bd\u010den\u00fd <span style=\"color: #800000;\"><strong>Franti\u0161ek Pad\u011bra.<\/strong>\u00a0<span style=\"color: #000000;\">I tato<\/span><span style=\"color: #000000;\">\u00a0tr\u00e9ninkov\u00e1 &#8222;grupa&#8220; m\u00e1 pro sez\u00f3nu 2018 ji\u017e jasn\u00fd tvar. Na cvi\u010den\u00ed p\u0159ij\u010fte v maxim\u00e1ln\u00edm mo\u017en\u00e9m po\u010dtu, <span style=\"text-decoration: underline;\">soub\u011b\u017en\u011b s cvi\u010den\u00edm bude prob\u00edhat zkou\u0161en\u00ed dres\u016f na sez\u00f3nu 2018!<\/span><\/span><\/span><\/li>\n<li style=\"text-align: justify;\"><span style=\"color: #800000;\"><strong>15.11.2017<\/strong> <\/span>&#8211; \u010dtvrt\u00fd, posledn\u00ed Brn\u011bnsk\u00fd cyklokros &#8211; zde mrkn\u011bte na propozice, \u00fa\u010dast\u00a0 a dopravu si ka\u017ed\u00fd zaji\u0161\u0165uje s\u00e1m.<\/li>\n<li><span style=\"color: #800000;\"><strong>16.12. 2017<\/strong> <\/span>&#8211; n\u00e1v\u0161t\u011bva hrobu Vlastimila MORAVCE (sobota)<\/li>\n<li><span style=\"color: #800000;\"><strong>28.12. 2017<\/strong> <\/span>(\u010dtvrtek) &#8211; v\u00fdro\u010dn\u00ed ro(c)kov\u00e1n\u00ed s ud\u00edlen\u00edm v\u00fdro\u010dn\u00edch cen. Od 15.00 hodin v restauraci Morava Bene\u0161ov.<\/li>\n<li><strong><span style=\"color: #800000;\">30.12. 2017<\/span> <\/strong>&#8211; Silvestrovsk\u00fd z\u00e1vod (sobota) &#8211; start \/ c\u00edl v prostoru boskovick\u00e9 st\u0159elnice.<\/li>\n<li><strong><span style=\"color: #800000;\">1.1. 2018<\/span> <\/strong>(pond\u011bl\u00ed) &#8211; Novoro\u010dn\u00ed vyj\u00ed\u017e\u010fka<\/li>\n<li><span style=\"color: #800000;\"><strong>3.1. 2018<\/strong> <\/span>&#8211; druh\u00e1 \u010d\u00e1st zimn\u00ed p\u0159\u00edpravy v t\u011blocvi\u010dn\u011b Bene\u0161ov\u00a0 od\u00a0do cca 16.3. ve stejn\u00e9m denn\u00edm \u00a0cyklu a ve stejn\u00fdch\u00a0\u010dasech<\/li>\n<li><strong><span style=\"color: #800000;\">20.1. 2018<\/span> <\/strong>&#8211; ples cyklist\u016f 20.1. 2018 (sobota) &#8211; kulturn\u00ed d\u016fm Such\u00fd<\/li>\n<\/ul>\n","protected":false},"excerpt":{"rendered":"<p>Ned\u011ble\u00a05.11. 2017\u00a0\u00a0 POZOR! Bezva novota &#8211; cyklovyj\u00ed\u017e\u010fka s Hankou a Vlast\u00edkem Odehnalov\u00fdmi. Sraz v 9.30 ve Sportparku Boskovice &#8211; Doubravy, zde mrkn\u011bte na podrobnosti&#8230; Akce t\u011bsn\u011b za horizontem 8.11.2017 &#8211;\u00a0t\u0159et\u00ed Brn\u011bnsk\u00fd cyklokros &#8211; zde mrkn\u011bte na propozice, \u00fa\u010dast\u00a0 a dopravu si ka\u017ed\u00fd zaji\u0161\u0165uje s\u00e1m 8.11. 2017 &#8211; prvn\u00ed cvi\u010den\u00ed v bene\u0161ovsk\u00e9 t\u011blocvi\u010dn\u011b v\u00a0r\u00e1mci zimn\u00ed p\u0159\u00edpravy &hellip; <a href=\"https:\/\/www.moravecteam.cz\/?p=10117\" class=\"more-link\">Pokra\u010dov\u00e1n\u00ed textu <span class=\"screen-reader-text\">Co se bude d\u00edt? (ST44)<\/span> <span class=\"meta-nav\">&rarr;<\/span><\/a><\/p>\n","protected":false},"author":3,"featured_media":10161,"comment_status":"open","ping_status":"closed","sticky":false,"template":"","format":"standard","meta":[],"categories":[11],"tags":[],"_links":{"self":[{"href":"https:\/\/www.moravecteam.cz\/index.php?rest_route=\/wp\/v2\/posts\/10117"}],"collection":[{"href":"https:\/\/www.moravecteam.cz\/index.php?rest_route=\/wp\/v2\/posts"}],"about":[{"href":"https:\/\/www.moravecteam.cz\/index.php?rest_route=\/wp\/v2\/types\/post"}],"author":[{"embeddable":true,"href":"https:\/\/www.moravecteam.cz\/index.php?rest_route=\/wp\/v2\/users\/3"}],"replies":[{"embeddable":true,"href":"https:\/\/www.moravecteam.cz\/index.php?rest_route=%2Fwp%2Fv2%2Fcomments&post=10117"}],"version-history":[{"count":9,"href":"https:\/\/www.moravecteam.cz\/index.php?rest_route=\/wp\/v2\/posts\/10117\/revisions"}],"predecessor-version":[{"id":10163,"href":"https:\/\/www.moravecteam.cz\/index.php?rest_route=\/wp\/v2\/posts\/10117\/revisions\/10163"}],"wp:featuredmedia":[{"embeddable":true,"href":"https:\/\/www.moravecteam.cz\/index.php?rest_route=\/wp\/v2\/media\/10161"}],"wp:attachment":[{"href":"https:\/\/www.moravecteam.cz\/index.php?rest_route=%2Fwp%2Fv2%2Fmedia&parent=10117"}],"wp:term":[{"taxonomy":"category","embeddable":true,"href":"https:\/\/www.moravecteam.cz\/index.php?rest_route=%2Fwp%2Fv2%2Fcategories&post=10117"},{"taxonomy":"post_tag","embeddable":true,"href":"https:\/\/www.moravecteam.cz\/index.php?rest_route=%2Fwp%2Fv2%2Ftags&post=10117"}],"curies":[{"name":"wp","href":"https:\/\/api.w.org\/{rel}","templated":true}]}}