{"id":10120,"date":"2017-10-30T18:49:28","date_gmt":"2017-10-30T17:49:28","guid":{"rendered":"http:\/\/www.moravecteam.cz\/?p=10120"},"modified":"2017-10-30T23:25:24","modified_gmt":"2017-10-30T22:25:24","slug":"od-listopadu-novinka","status":"publish","type":"post","link":"https:\/\/www.moravecteam.cz\/?p=10120","title":{"rendered":"Od listopadu novinka!"},"content":{"rendered":"<p style=\"text-align: justify;\"><span style=\"color: #800000;\"><strong>V\u00fdraznou posilou MORAVEC Teamu z posledn\u00edho obdob\u00ed je\u00a0bezesporu rodina Vlast\u00edka Odehnala.\u00a0&#8222;Bicykl family&#8220; jak se pat\u0159\u00ed, kdy\u017e p\u0159edev\u0161\u00edm jej\u00ed l\u00eddr a velitel Vlast\u00edk Odehnal se osv\u011bd\u010dil v r\u00e1mci leto\u0161n\u00edho 16. ro\u010dn\u00edku MTB Superior Poh\u00e1ru Drahansk\u00e9 vrchoviny jako vysoce erudovan\u00fd a t\u011b\u017eko nahraditeln\u00fd\u00a0tra\u0165ov\u00fd specialista. Na jeden z jeho leto\u0161n\u00edch mnoha &#8222;majstr\u0161tyk\u016f&#8220; &#8211; zbrusu novou MTB tra\u0165 v Kn\u00ednic\u00edch, budou bike\u0159i p\u011bt pochvaln\u00e9 \u00f3dy ur\u010dit\u011b je\u0161t\u011b hodn\u011b dlouho&#8230; Ale abych se zase nezakecal a udr\u017eel my\u0161lenku: Ani\u017e bych musel \u010dinit jak\u00fdkoli n\u00e1tlak, je zde od Odehnal\u016f dal\u0161\u00ed skv\u011bl\u00e1 aktivita! A posunuji V\u00e1m ji ve &#8222;full version&#8220; tak, jak mi &#8222;p\u0159ist\u00e1la&#8220; minul\u00fd t\u00fdden do e-mailov\u00e9 po\u0161ty:<\/strong><\/span><\/p>\n<p><em>Ahoj MORAVCI,<\/em><\/p>\n<p style=\"text-align: justify;\"><em>od ned\u011ble 5.11. zahajujeme MTB vyj\u00ed\u017e\u010fky pro v\u0161echny, v\u010detn\u011b rodi\u010d\u016f. Sraz bude pravideln\u011b ka\u017edou ned\u011bli v\u00a09:30 u Sportparku Boskovice. Jede se za ka\u017ed\u00e9ho po\u010das\u00ed, snad jenom v siln\u00e9m\u00a0de\u0161ti asi vynech\u00e1me. Mr\u00e1z a sn\u00edh nen\u00ed p\u0159ek\u00e1\u017eka, ale v\u00edtan\u00e1 z\u00e1bava. Vzhledem k\u00a0tomu \u017ee na sebe budeme \u010dekat, ob\u010das n\u011bkdo zabloud\u00ed, po\u010d\u00edtejte s\u00a0d\u00e9lkou vyj\u00ed\u017ed\u011bk 2-3 hodiny. Zkus\u00edme je\u0161t\u011b domluvit posezen\u00ed po vyj\u00ed\u017e\u010fce na z\u00e1kladn\u011b, ale spr\u00e1vce p. Kej\u00edk jde na operaci, tak to nevid\u00edm moc r\u016f\u017eov\u011b.\u00a0<\/em><\/p>\n<p style=\"text-align: justify;\"><em>Pro za\u010d\u00e1tek budou dv\u011b skupiny. Jednu povede <span style=\"color: #800000;\"><strong>Vlasta Odehnal<\/strong> <\/span>a bude to takov\u00e9 techni\u010dt\u011bj\u0161\u00ed je\u017ed\u011bn\u00ed, druhou povede <strong><span style=\"color: #800000;\">Hanka Odehnalov\u00e1<\/span><\/strong> a ta pojede jednodu\u0161\u0161\u00ed cestou, aby se mohli z\u00fa\u010dastnit i rodi\u010de kte\u0159\u00ed v\u00a0ter\u00e9nu nejezd\u00ed. Zat\u00edm nem\u00e1me nikoho k\u00a0t\u011bm nejmen\u0161\u00edm d\u011btem, ale snad se n\u011bkdo z\u00a0rodi\u010d\u016f najde a povede je. Ono by toti\u017e vzhledem k\u00a0nadch\u00e1zej\u00edc\u00ed zim\u011b, nebylo vhodn\u00e9 kombinovat v\u00fdrazn\u011b v\u00fdkonnostn\u011b odli\u0161n\u00e9 jezdce ve skupin\u00e1ch. Ti pomalej\u0161\u00ed budou trp\u011bt a ti rychlej\u0161\u00ed p\u0159i \u010dek\u00e1n\u00ed zmrznou. Proto ty skupiny. Ka\u017ed\u00fd si s\u00e1m zvol\u00ed, na co se c\u00edt\u00ed a s\u00a0k\u00fdm pojede.<\/em><\/p>\n<p style=\"text-align: justify;\"><em>Je\u0161t\u011b mal\u00e1 rada do mrazu. Berte si s\u00a0sebou n\u00e1hradn\u00ed rukavice, proto\u017ee v\u00a0propocen\u00fdch v\u00e1m ve sjezdu zp\u00e1tky budou pekeln\u011b mrznout ruce.\u00a0<\/em><\/p>\n<p><em>T\u011b\u0161\u00edme se na v\u00e1s.<\/em><\/p>\n<p><em>Vlasta a Hanka Odehnalovi<\/em><\/p>\n<p>Mysl\u00edm, \u017ee nen\u00ed t\u0159eba krom\u011b velk\u00e9ho pod\u011bkov\u00e1n\u00ed cokoli dod\u00e1vat&#8230; Osobn\u011b si d\u00e1v\u00e1m z\u00e1vazek, \u017ee alespo\u0148\u00a01x do konce tohoto roku s Odehnalov\u00fdmi na vyj\u00ed\u017e\u010fku vyraz\u00edm! \u017de by hned na tu prvn\u00ed?<\/p>\n<p>&nbsp;<\/p>\n","protected":false},"excerpt":{"rendered":"<p>V\u00fdraznou posilou MORAVEC Teamu z posledn\u00edho obdob\u00ed je\u00a0bezesporu rodina Vlast\u00edka Odehnala.\u00a0&#8222;Bicykl family&#8220; jak se pat\u0159\u00ed, kdy\u017e p\u0159edev\u0161\u00edm jej\u00ed l\u00eddr a velitel Vlast\u00edk Odehnal se osv\u011bd\u010dil v r\u00e1mci leto\u0161n\u00edho 16. ro\u010dn\u00edku MTB Superior Poh\u00e1ru Drahansk\u00e9 vrchoviny jako vysoce erudovan\u00fd a t\u011b\u017eko nahraditeln\u00fd\u00a0tra\u0165ov\u00fd specialista. Na jeden z jeho leto\u0161n\u00edch mnoha &#8222;majstr\u0161tyk\u016f&#8220; &#8211; zbrusu novou MTB tra\u0165 v &hellip; <a href=\"https:\/\/www.moravecteam.cz\/?p=10120\" class=\"more-link\">Pokra\u010dov\u00e1n\u00ed textu <span class=\"screen-reader-text\">Od listopadu novinka!<\/span> <span class=\"meta-nav\">&rarr;<\/span><\/a><\/p>\n","protected":false},"author":3,"featured_media":10157,"comment_status":"open","ping_status":"closed","sticky":false,"template":"","format":"standard","meta":[],"categories":[9],"tags":[],"_links":{"self":[{"href":"https:\/\/www.moravecteam.cz\/index.php?rest_route=\/wp\/v2\/posts\/10120"}],"collection":[{"href":"https:\/\/www.moravecteam.cz\/index.php?rest_route=\/wp\/v2\/posts"}],"about":[{"href":"https:\/\/www.moravecteam.cz\/index.php?rest_route=\/wp\/v2\/types\/post"}],"author":[{"embeddable":true,"href":"https:\/\/www.moravecteam.cz\/index.php?rest_route=\/wp\/v2\/users\/3"}],"replies":[{"embeddable":true,"href":"https:\/\/www.moravecteam.cz\/index.php?rest_route=%2Fwp%2Fv2%2Fcomments&post=10120"}],"version-history":[{"count":5,"href":"https:\/\/www.moravecteam.cz\/index.php?rest_route=\/wp\/v2\/posts\/10120\/revisions"}],"predecessor-version":[{"id":10217,"href":"https:\/\/www.moravecteam.cz\/index.php?rest_route=\/wp\/v2\/posts\/10120\/revisions\/10217"}],"wp:featuredmedia":[{"embeddable":true,"href":"https:\/\/www.moravecteam.cz\/index.php?rest_route=\/wp\/v2\/media\/10157"}],"wp:attachment":[{"href":"https:\/\/www.moravecteam.cz\/index.php?rest_route=%2Fwp%2Fv2%2Fmedia&parent=10120"}],"wp:term":[{"taxonomy":"category","embeddable":true,"href":"https:\/\/www.moravecteam.cz\/index.php?rest_route=%2Fwp%2Fv2%2Fcategories&post=10120"},{"taxonomy":"post_tag","embeddable":true,"href":"https:\/\/www.moravecteam.cz\/index.php?rest_route=%2Fwp%2Fv2%2Ftags&post=10120"}],"curies":[{"name":"wp","href":"https:\/\/api.w.org\/{rel}","templated":true}]}}