{"id":10219,"date":"2017-11-07T16:20:04","date_gmt":"2017-11-07T15:20:04","guid":{"rendered":"http:\/\/www.moravecteam.cz\/?p=10219"},"modified":"2017-11-07T16:29:56","modified_gmt":"2017-11-07T15:29:56","slug":"tabor-na-jednicku","status":"publish","type":"post","link":"https:\/\/www.moravecteam.cz\/?p=10219","title":{"rendered":"T\u00e1bor na jedni\u010dku!"},"content":{"rendered":"<p style=\"text-align: justify;\"><span style=\"color: #800000;\"><strong>V\u00fdraznou stopu zanechal borec MORAVEC Teamu o v\u00edkendov\u00e9m kontinent\u00e1ln\u00edm mistrovstv\u00ed v jiho\u010desk\u00e9m T\u00e1bo\u0159e. Pavel Bal\u00e1k potvrdil, \u017ee je ve sv\u00e9 veter\u00e1nsk\u00e9 kategorii skute\u010dnou extra t\u0159\u00eddou a na\u0161e letos hodn\u011b bolav\u00e1 cyklokrosa\u0159sk\u00e1 du\u0161i\u010dka d\u00edky jeho v\u00fdborn\u00e9mu v\u00fdkonu a v\u00fdsledku pook\u0159\u00e1la&#8230; A i d\u00edky v\u00fdkonu na\u0161\u00ed odchovankyn\u011b, Ad\u00e9ly \u0160af\u00e1\u0159ov\u00e9, kter\u00e1\u00a0 tak\u00e9 dok\u00e1zala s nejlep\u0161\u00edmi dr\u017eet krok!<\/strong><\/span><\/p>\n<figure id=\"attachment_10224\" aria-describedby=\"caption-attachment-10224\" style=\"width: 414px\" class=\"wp-caption aligncenter\"><a href=\"http:\/\/www.moravecteam.cz\/?attachment_id=10224\" rel=\"attachment wp-att-10224\"><img decoding=\"async\" loading=\"lazy\" class=\"size-full wp-image-10224 \" alt=\"Brnocl\" src=\"http:\/\/www.moravecteam.cz\/wp-content\/uploads\/2017\/11\/Brnocl.jpg\" width=\"414\" height=\"605\" srcset=\"https:\/\/www.moravecteam.cz\/wp-content\/uploads\/2017\/11\/Brnocl.jpg 414w, https:\/\/www.moravecteam.cz\/wp-content\/uploads\/2017\/11\/Brnocl-205x300.jpg 205w\" sizes=\"(max-width: 414px) 100vw, 414px\" \/><\/a><figcaption id=\"caption-attachment-10224\" class=\"wp-caption-text\">Pavel Bal\u00e1k (MORAVEC Team), p\u00e1t\u00fd nejlep\u0161\u00ed Masters 50-54 let v Evrop\u011b pro r. 2017.<\/figcaption><\/figure>\n<p style=\"text-align: justify;\">Pavel Bal\u00e1k fini\u0161oval ve sv\u00e9 kategorii na v\u00fdborn\u00e9m 5. m\u00edst\u011b, kdy\u017e se m\u016f\u017ee t\u011b\u0161it nejen ze skalpu sv\u00e9ho v\u011b\u010dn\u00e9ho rivala, Slov\u00e1ka\u00a0Ondreje Glajzu, ale porazit dok\u00e1zal i reprezenta\u010dn\u00edho tren\u00e9ra bikov\u00e9 reprezentace, jinak v\u00fdborn\u00e9ho cyklokrosa\u0159e, Viktora Zapletala! Jeho v\u00fdsledek mohl b\u00fdt je\u0161t\u011b mo\u017en\u00e1 lep\u0161\u00ed, neb\u00fdt skute\u010dnosti, o kterou se se mnou Pavel pod\u011blil kr\u00e1tce po dojezdu sv\u00e9ho z\u00e1vodu po moj\u00ed d\u011bkovn\u00e9 a blahop\u0159ejn\u00e9 SMS: &#8222;Bohu\u017eel jsem podcenil v\u010dasn\u00e9 p\u0159ihl\u00e1\u0161en\u00ed do z\u00e1vodu a d\u00edky tomu startoval a\u017e z p\u00e1t\u00e9 \u0159ady&#8230; Pou\u010den\u00ed pro p\u0159\u00ed\u0161t\u011b, \u017ee z\u00e1vod n\u011bkdy za\u010d\u00edn\u00e1 daleko d\u0159\u00edv, ne\u017e by \u010dlov\u011bk \u010dekal&#8230;&#8220; Pavlovi blahop\u0159ejeme a d\u00edky moc za vzorn\u00e9 repre MORAVCE! <strong><a href=\"http:\/\/www.cyklokros.cz\/data\/web\/aktuality\/2017\/me-tabor-2017\/masters\/vysmm50.pdf\">Zde si ov\u011b\u0159te jeho supr v\u00fdsledek<\/a><\/strong>&#8230; A je\u0161t\u011b dov\u011btek: &#8222;bramborov\u00fd&#8220; stup\u00ednek p\u0159ed Pavlem vybojoval z leto\u0161n\u00ed z leto\u0161n\u00ed MTB &#8222;Vrchoviny&#8220; n\u00e1m dob\u0159e zn\u00e1m\u00fd syma\u0165\u00e1k ze severomoravsk\u00e9ho\u00a0 Teamu Jirky Sedl\u00e1\u010dka &#8211; Ivo Kova\u0159\u00edk.<\/p>\n<figure id=\"attachment_10225\" aria-describedby=\"caption-attachment-10225\" style=\"width: 481px\" class=\"wp-caption alignnone\"><a href=\"http:\/\/www.moravecteam.cz\/?attachment_id=10225\" rel=\"attachment wp-att-10225\"><img decoding=\"async\" loading=\"lazy\" class=\" wp-image-10225\" alt=\"img6cf498b3a322fe3e7792bec510d8dd8a\" src=\"http:\/\/www.moravecteam.cz\/wp-content\/uploads\/2017\/11\/img6cf498b3a322fe3e7792bec510d8dd8a.jpg\" width=\"481\" height=\"563\" srcset=\"https:\/\/www.moravecteam.cz\/wp-content\/uploads\/2017\/11\/img6cf498b3a322fe3e7792bec510d8dd8a.jpg 481w, https:\/\/www.moravecteam.cz\/wp-content\/uploads\/2017\/11\/img6cf498b3a322fe3e7792bec510d8dd8a-256x300.jpg 256w\" sizes=\"(max-width: 481px) 100vw, 481px\" \/><\/a><figcaption id=\"caption-attachment-10225\" class=\"wp-caption-text\">Po zran\u011bn\u00ed na MTB MS v Austr\u00e1lii to vypadalo na p\u0159ed\u010dasn\u00e9 ukon\u010den\u00ed sez\u00f3ny&#8230; Bojovnice Ad\u00e9la \u0160af\u00e1\u0159ov\u00e1 v\u0161ak na cyklokrosov\u00e9Evrop\u011b dok\u00e1zala, \u017ee je nejen fit, ale i ve skv\u011bl\u00e9 form\u011b!<\/figcaption><\/figure>\n<p style=\"text-align: justify;\">V ned\u011bln\u00edch televizn\u00edch p\u0159enosech z t\u00e1borsk\u00e9 &#8222;Evropy&#8220; n\u00e1s ur\u010dit\u011b nejv\u00edc pot\u011b\u0161il ten ze z\u00e1vodu \u017een do 23 let. T\u0159i\u00a0\u010desk\u00e9 reprezentantky\u00a0v TOP10 s Ad\u00e9lou \u0160af\u00e1\u0159ovou v\u010detn\u011b! Fakt, u\u017e dlouho nebyl v na\u0161\u00ed ve\u0159ejnopr\u00e1vn\u00ed televizi k vid\u011bn\u00ed tak dobr\u00fd po\u0159ad&#8230; Alespo\u0148 tedy z m\u00e9ho pohledu! I na v\u00fdkon Ad\u00e9ly jsme py\u0161n\u00ed a k dosa\u017een\u00e9mu v\u00fdsledku i j\u00ed blahop\u0159ejeme! Zde je jej\u00ed <strong><a href=\"http:\/\/www.cyklokros.cz\/data\/web\/aktuality\/2017\/me-tabor-2017\/vecere\/vysw23.pdf\">v\u00fdsledkov\u00e1 listina<\/a><\/strong>. Je\u0161t\u011b p\u0159ipomenu, \u017ee se v T\u00e1bo\u0159e zdaleka neztratili i dal\u0161\u00ed zn\u00e1m\u00e9 \u010desk\u00e9 cyklokrosov\u00e9 tv\u00e1\u0159e, kter\u00e9 jsme m\u011bli letos tu \u010dest vid\u011bt na MTB &#8222;Vrchovin\u011b&#8220;: Emil Hekele (v\u00edt\u011bz z Bukov\u00e9 a Boskovic) bral v\u00a0mu\u017e\u00edch ELITE slu\u0161n\u00e9 36. m\u00edsto a podobn\u011b by se dalo zhodnotit 26. m\u00edsto Jakuba \u0158\u00edmana (vyhr\u00e1l letos valchovsk\u00e9 Monako).\u00a0 Vedle zm\u00edn\u011bn\u00e9ho Vitora Zapletala jsme v T\u00e1bo\u0159e mohli na startu jedn\u00e9 z kategori\u00ed Masters vid\u011bt i na\u0161eho dal\u0161\u00edho kamar\u00e1da,\u00a0 legend\u00e1rn\u00edho Zde\u0148ka &#8222;Mlyny&#8220; Mlyn\u00e1\u0159e.\u00a0 Kvalitn\u00ed v\u00fdkony a v\u00fdsledky \u010dech\u016f na ME budi\u017e inspirac\u00ed pro na\u0161i do\u010dasnou cyklokrosovou rotu, kterou \u010dekaj\u00ed o v\u00edkendu hned dva z\u00e1vody: v Uni\u010dov\u011b a Ostrav\u011b. Dal\u0161\u00ed podrobnosti k cyklokrosov\u00e9 Evrop\u011b naleznete na <strong><a href=\"http:\/\/www.cyklokros.cz\/cz\/cyklokros-cz\/aktuality\/814-dnes-se-bojuje-o-pet-titulu-evropskych-sampionu\">www.cyklokros.cz<\/a><\/strong> nebo i na <strong><a href=\"http:\/\/mtbs.cz\/clanek\/noskova-pridala-evropsky-bronz-toupalik-skoncil-az-11\/kategorie\/mistrovstvi-evropy-cyklokros#.WgHLpWjWy00\">www.mtbs.cz<\/a><\/strong>.<\/p>\n<figure id=\"attachment_10223\" aria-describedby=\"caption-attachment-10223\" style=\"width: 648px\" class=\"wp-caption alignnone\"><a href=\"http:\/\/www.moravecteam.cz\/?attachment_id=10223\" rel=\"attachment wp-att-10223\"><img decoding=\"async\" loading=\"lazy\" class=\" wp-image-10223\" alt=\"36\" src=\"http:\/\/www.moravecteam.cz\/wp-content\/uploads\/2017\/11\/36.jpg\" width=\"648\" height=\"668\" srcset=\"https:\/\/www.moravecteam.cz\/wp-content\/uploads\/2017\/11\/36.jpg 648w, https:\/\/www.moravecteam.cz\/wp-content\/uploads\/2017\/11\/36-25x25.jpg 25w, https:\/\/www.moravecteam.cz\/wp-content\/uploads\/2017\/11\/36-291x300.jpg 291w\" sizes=\"(max-width: 648px) 100vw, 648px\" \/><\/a><figcaption id=\"caption-attachment-10223\" class=\"wp-caption-text\">Hop! Nebojte, nep\u0159ijde lidoop&#8230; Takhle sk\u00e1\u010de na &#8222;mlad\u00e1 kolena&#8220; \u010desk\u00e1 cyklokrosov\u00e1 legenda, n\u00e1\u0161 kamar\u00e1d &#8211; Zden\u011bk Mlyn\u00e1\u0159!<\/figcaption><\/figure>\n<p>&nbsp;<\/p>\n","protected":false},"excerpt":{"rendered":"<p>V\u00fdraznou stopu zanechal borec MORAVEC Teamu o v\u00edkendov\u00e9m kontinent\u00e1ln\u00edm mistrovstv\u00ed v jiho\u010desk\u00e9m T\u00e1bo\u0159e. Pavel Bal\u00e1k potvrdil, \u017ee je ve sv\u00e9 veter\u00e1nsk\u00e9 kategorii skute\u010dnou extra t\u0159\u00eddou a na\u0161e letos hodn\u011b bolav\u00e1 cyklokrosa\u0159sk\u00e1 du\u0161i\u010dka d\u00edky jeho v\u00fdborn\u00e9mu v\u00fdkonu a v\u00fdsledku pook\u0159\u00e1la&#8230; A i d\u00edky v\u00fdkonu na\u0161\u00ed odchovankyn\u011b, Ad\u00e9ly \u0160af\u00e1\u0159ov\u00e9, kter\u00e1\u00a0 tak\u00e9 dok\u00e1zala s nejlep\u0161\u00edmi dr\u017eet krok! Pavel &hellip; <a href=\"https:\/\/www.moravecteam.cz\/?p=10219\" class=\"more-link\">Pokra\u010dov\u00e1n\u00ed textu <span class=\"screen-reader-text\">T\u00e1bor na jedni\u010dku!<\/span> <span class=\"meta-nav\">&rarr;<\/span><\/a><\/p>\n","protected":false},"author":3,"featured_media":10226,"comment_status":"open","ping_status":"closed","sticky":false,"template":"","format":"standard","meta":[],"categories":[1],"tags":[],"_links":{"self":[{"href":"https:\/\/www.moravecteam.cz\/index.php?rest_route=\/wp\/v2\/posts\/10219"}],"collection":[{"href":"https:\/\/www.moravecteam.cz\/index.php?rest_route=\/wp\/v2\/posts"}],"about":[{"href":"https:\/\/www.moravecteam.cz\/index.php?rest_route=\/wp\/v2\/types\/post"}],"author":[{"embeddable":true,"href":"https:\/\/www.moravecteam.cz\/index.php?rest_route=\/wp\/v2\/users\/3"}],"replies":[{"embeddable":true,"href":"https:\/\/www.moravecteam.cz\/index.php?rest_route=%2Fwp%2Fv2%2Fcomments&post=10219"}],"version-history":[{"count":9,"href":"https:\/\/www.moravecteam.cz\/index.php?rest_route=\/wp\/v2\/posts\/10219\/revisions"}],"predecessor-version":[{"id":10238,"href":"https:\/\/www.moravecteam.cz\/index.php?rest_route=\/wp\/v2\/posts\/10219\/revisions\/10238"}],"wp:featuredmedia":[{"embeddable":true,"href":"https:\/\/www.moravecteam.cz\/index.php?rest_route=\/wp\/v2\/media\/10226"}],"wp:attachment":[{"href":"https:\/\/www.moravecteam.cz\/index.php?rest_route=%2Fwp%2Fv2%2Fmedia&parent=10219"}],"wp:term":[{"taxonomy":"category","embeddable":true,"href":"https:\/\/www.moravecteam.cz\/index.php?rest_route=%2Fwp%2Fv2%2Fcategories&post=10219"},{"taxonomy":"post_tag","embeddable":true,"href":"https:\/\/www.moravecteam.cz\/index.php?rest_route=%2Fwp%2Fv2%2Ftags&post=10219"}],"curies":[{"name":"wp","href":"https:\/\/api.w.org\/{rel}","templated":true}]}}