{"id":10242,"date":"2017-11-08T21:40:57","date_gmt":"2017-11-08T20:40:57","guid":{"rendered":"http:\/\/www.moravecteam.cz\/?p=10242"},"modified":"2017-11-09T07:08:58","modified_gmt":"2017-11-09T06:08:58","slug":"prvni-cviceni-odmakane","status":"publish","type":"post","link":"https:\/\/www.moravecteam.cz\/?p=10242","title":{"rendered":"Prvn\u00ed cvi\u010den\u00ed odmakan\u00e9!"},"content":{"rendered":"<p style=\"text-align: justify;\"><strong><span style=\"color: #800000;\">Na v\u00fdsledky v sez\u00f3n\u011b 2018 jsme za\u010dali &#8222;zad\u011bl\u00e1vat&#8220; druhou listopadovou st\u0159edu, t\u0159i dny p\u0159ed sv\u00e1tkem Svat\u00e9ho Martina. Napr\u016fm\u011brn\u00e1 \u00fa\u010dast mlad\u00fdch cvi\u010denc\u016f v\u010detn\u011b n\u011bkolika nov\u00e1\u010dk\u016f (Luk\u00e1\u0161 a Tom\u00e1\u0161 Sedl\u00e1ovi + Tonda Dosko\u010dil) d\u00e1v\u00e1 tu\u0161it, \u017ee na\u0161i mlad\u00ed reprezentanti vzhl\u00ed\u017e\u00ed k p\u0159\u00ed\u0161t\u00ed sez\u00f3n\u011b velice zodpov\u011bdn\u011b a potvrdili to i sv\u00fdm p\u0159\u00edstupem u\u017e v pr\u016fb\u011bhu prvn\u00edho d\u00edlu &#8222;nekone\u010dn\u00e9ho&#8220; seri\u00e1lu s jednoduch\u00fdm n\u00e1zvem:\u00a0 &#8222;(Rutinn\u00ed) zimn\u00ed p\u0159\u00edprava&#8220;&#8230;<\/span><\/strong><\/p>\n<figure id=\"attachment_10244\" aria-describedby=\"caption-attachment-10244\" style=\"width: 772px\" class=\"wp-caption alignnone\"><a href=\"http:\/\/www.moravecteam.cz\/?attachment_id=10244\" rel=\"attachment wp-att-10244\"><img decoding=\"async\" loading=\"lazy\" class=\" wp-image-10244\" alt=\"IMG_2242\" src=\"http:\/\/www.moravecteam.cz\/wp-content\/uploads\/2017\/11\/IMG_2242.jpg\" width=\"772\" height=\"769\" srcset=\"https:\/\/www.moravecteam.cz\/wp-content\/uploads\/2017\/11\/IMG_2242.jpg 772w, https:\/\/www.moravecteam.cz\/wp-content\/uploads\/2017\/11\/IMG_2242-25x25.jpg 25w, https:\/\/www.moravecteam.cz\/wp-content\/uploads\/2017\/11\/IMG_2242-300x298.jpg 300w\" sizes=\"(max-width: 772px) 100vw, 772px\" \/><\/a><figcaption id=\"caption-attachment-10244\" class=\"wp-caption-text\">\u00dasm\u011bvy na tv\u00e1\u0159i cvi\u010denc\u016f prov\u00e1zely prvn\u00ed &#8222;Koudelkovy kapky&#8220;&#8230; Tr\u00e9nuj\u00edc\u00ed ale v\u016fbec nic ne\u0161idili, naopak&#8230;<\/figcaption><\/figure>\n<p style=\"text-align: justify;\">Na \u00favod &#8222;head&#8220; cvi\u010ditel Petr v\u0161em d\u016frazn\u011b p\u0159ipom\u011bl, jak d\u016fle\u017eitou roli hraje tato osv\u011bd\u010den\u00e1 forma p\u0159\u00edpravy pro\u00a0 bikerovu fyzickou a psychickou odolnost, p\u0159i\u010dem\u017e z minulosti m\u00e1me v r\u00e1mci odd\u00edlu dostatek p\u0159\u00edklad\u016f, co se bikerovi p\u0159ihod\u00ed, kdy\u017e je tato ne zrovna popul\u00e1rn\u00ed, ale kl\u00ed\u010dov\u00e1 forma tr\u00e9ninku, zanedb\u00e1v\u00e1na&#8230; Nav\u00edc p\u0159\u00edstup na\u0161ich rajdr\u016f k zimn\u00ed p\u0159\u00edprav\u011b bude sledov\u00e1n tren\u00e9ry velice bedliv\u011b, mnohem bedliv\u011bji ne\u017e kdykoli p\u0159ed t\u00edm a bude jedn\u00edm z d\u016fle\u017eit\u00fdch pohled\u016f jejich celkov\u00e9ho hodnocen\u00ed p\u0159ed vlastn\u00edm ostr\u00fdm startem do sez\u00f3ny.<\/p>\n<figure id=\"attachment_10245\" aria-describedby=\"caption-attachment-10245\" style=\"width: 1078px\" class=\"wp-caption alignnone\"><a href=\"http:\/\/www.moravecteam.cz\/?attachment_id=10245\" rel=\"attachment wp-att-10245\"><img decoding=\"async\" loading=\"lazy\" class=\" wp-image-10245\" alt=\"IMG_2246\" src=\"http:\/\/www.moravecteam.cz\/wp-content\/uploads\/2017\/11\/IMG_2246.jpg\" width=\"1078\" height=\"765\" srcset=\"https:\/\/www.moravecteam.cz\/wp-content\/uploads\/2017\/11\/IMG_2246.jpg 1078w, https:\/\/www.moravecteam.cz\/wp-content\/uploads\/2017\/11\/IMG_2246-300x212.jpg 300w, https:\/\/www.moravecteam.cz\/wp-content\/uploads\/2017\/11\/IMG_2246-1024x726.jpg 1024w\" sizes=\"(max-width: 1078px) 100vw, 1078px\" \/><\/a><figcaption id=\"caption-attachment-10245\" class=\"wp-caption-text\">Popadali \u00fanavou? Kdepak&#8230; Za vte\u0159inku &#8211; na p\u00edsknut\u00ed &#8211; vyraz\u00ed vp\u0159ed&#8230; Vlastn\u011b vzad&#8230; Aneb tr\u00e9nink startovn\u00edch reakc\u00ed.<\/figcaption><\/figure>\n<p style=\"text-align: justify;\">Jako by si u\u017e prvn\u00ed st\u0159ede\u010dn\u00ed skupina vzala Petrova slova k srdci. P\u0159\u00edstup k p\u0159\u00edprav\u011b v\u0161ech byl p\u0159\u00edkladn\u00fd a nav\u00edc i neb\u00fdvale iniciativn\u00ed! Ne, \u017ee by se d\u011blo v t\u011blocvi\u010dn\u011b n\u011bco v\u00fdjime\u010dn\u00e9ho&#8230; Po hutn\u00e9m rozb\u011bh\u00e1n\u00ed n\u00e1sledovala stejn\u011b hutn\u00e1 rozcvi\u010dka, pr\u00e1v\u011b p\u0159i kter\u00e9 se snad nejv\u00edc projevila iniciativa cvi\u010denc\u016f formou &#8222;n\u00e1pov\u011bdy&#8220; cvi\u010diteli, na co je\u0161t\u011b zapom\u011bl a na kter\u00e9 druhy &#8222;cvi\u010debn\u00ed tortury&#8220; byla je\u0161t\u011b ze strany cvi\u010d\u00edc\u00edch opravdov\u00e1 chu\u0165. Vybi\u0161ka n\u00e1s n\u00e1sledn\u011b zregenerovala, abychom si n\u00e1cvikem startovn\u00edch reakc\u00ed p\u0159ipom\u011bli, \u017ee ty skute\u010dn\u00e9, ostr\u00e9 starty jsme na na\u0161ich bic\u00edch za\u017e\u00edvali je\u0161t\u011b ned\u00e1vno&#8230;<\/p>\n<figure id=\"attachment_10247\" aria-describedby=\"caption-attachment-10247\" style=\"width: 1351px\" class=\"wp-caption alignnone\"><a href=\"http:\/\/www.moravecteam.cz\/?attachment_id=10247\" rel=\"attachment wp-att-10247\"><img decoding=\"async\" loading=\"lazy\" class=\" wp-image-10247\" alt=\"IMG_2255\" src=\"http:\/\/www.moravecteam.cz\/wp-content\/uploads\/2017\/11\/IMG_2255.jpg\" width=\"1351\" height=\"707\" srcset=\"https:\/\/www.moravecteam.cz\/wp-content\/uploads\/2017\/11\/IMG_2255.jpg 1351w, https:\/\/www.moravecteam.cz\/wp-content\/uploads\/2017\/11\/IMG_2255-300x156.jpg 300w, https:\/\/www.moravecteam.cz\/wp-content\/uploads\/2017\/11\/IMG_2255-1024x535.jpg 1024w\" sizes=\"(max-width: 1351px) 100vw, 1351px\" \/><\/a><figcaption id=\"caption-attachment-10247\" class=\"wp-caption-text\">D\u00edky za dobrou tr\u00e9ninkovou &#8222;rachotu&#8220;. Dnes pro V\u00e1s &#8222;big&#8220; pochvala! Jen tak d\u00e1l!<\/figcaption><\/figure>\n<p style=\"text-align: justify;\">Povedl se i z\u00e1vod \u0161tafet, p\u0159edev\u0161\u00edm d\u00edky tomu, \u017ee kapit\u00e1ni &#8211; Eli\u0161ka Han\u00e1kov\u00e1, V\u00ed\u0165a Lipensk\u00fd a Bar\u010da Janovsk\u00e1 si je dob\u0159e\u00a0 novolili. To znamenalo, \u017ee i p\u0159esto, \u017ee t\u00fdmy byly \u0161esti\u010dlenn\u00e9, v\u0161echny starty se vyzna\u010dovali dramati\u010dnost\u00ed a vyrovnanost\u00ed&#8230; A \u017ee m\u00e1me v odd\u00edle nejen hbit\u00e9 kapry a m\u0159enky, ale i \u0161ikovn\u00e9 ryb\u00e1\u0159e, jsme si ov\u011b\u0159ili v samotn\u00e9m z\u00e1v\u011bru prvn\u00edho cvi\u010den\u00ed, p\u0159i kter\u00e9m soub\u011b\u017en\u011b vzala sv\u011bdomit\u00e1 Hanka \u0160indel\u00e1\u0159ov\u00e1 v\u0161em p\u0159\u00edtomn\u00fdm &#8222;mustr&#8220; na v\u00fdrobu dres\u016f &#8211; vzor 2018. V \u00fapln\u00e9m z\u00e1v\u011bru jsme pak je\u0161t\u011b pop\u0159\u00e1li Barunce Janovsk\u00e9, kter\u00e1 p\u0159edev\u010d\u00edrem slavila narozky a od n\u00e1s krom\u011b vin\u0161e &#8222;zchytala&#8220; i poctiv\u00e9ho &#8222;hobla&#8220;! Zde mrkn\u011bte na <strong><a href=\"http:\/\/moravecteam.rajce.idnes.cz\/2017.11.08_Cviceni_v_telocvicne\/\">pr\u016f\u0159ezov\u00e9 fotky <\/a><\/strong>z prvn\u00ed zimn\u00ed t\u011blocvi\u010dny&#8230; A u\u017e se t\u011b\u0161\u00edme na tu druhou, p\u00e1te\u010dn\u00ed!<\/p>\n","protected":false},"excerpt":{"rendered":"<p>Na v\u00fdsledky v sez\u00f3n\u011b 2018 jsme za\u010dali &#8222;zad\u011bl\u00e1vat&#8220; druhou listopadovou st\u0159edu, t\u0159i dny p\u0159ed sv\u00e1tkem Svat\u00e9ho Martina. Napr\u016fm\u011brn\u00e1 \u00fa\u010dast mlad\u00fdch cvi\u010denc\u016f v\u010detn\u011b n\u011bkolika nov\u00e1\u010dk\u016f (Luk\u00e1\u0161 a Tom\u00e1\u0161 Sedl\u00e1ovi + Tonda Dosko\u010dil) d\u00e1v\u00e1 tu\u0161it, \u017ee na\u0161i mlad\u00ed reprezentanti vzhl\u00ed\u017e\u00ed k p\u0159\u00ed\u0161t\u00ed sez\u00f3n\u011b velice zodpov\u011bdn\u011b a potvrdili to i sv\u00fdm p\u0159\u00edstupem u\u017e v pr\u016fb\u011bhu prvn\u00edho d\u00edlu &#8222;nekone\u010dn\u00e9ho&#8220; &hellip; <a href=\"https:\/\/www.moravecteam.cz\/?p=10242\" class=\"more-link\">Pokra\u010dov\u00e1n\u00ed textu <span class=\"screen-reader-text\">Prvn\u00ed cvi\u010den\u00ed odmakan\u00e9!<\/span> <span class=\"meta-nav\">&rarr;<\/span><\/a><\/p>\n","protected":false},"author":3,"featured_media":10246,"comment_status":"open","ping_status":"closed","sticky":false,"template":"","format":"standard","meta":[],"categories":[9],"tags":[],"_links":{"self":[{"href":"https:\/\/www.moravecteam.cz\/index.php?rest_route=\/wp\/v2\/posts\/10242"}],"collection":[{"href":"https:\/\/www.moravecteam.cz\/index.php?rest_route=\/wp\/v2\/posts"}],"about":[{"href":"https:\/\/www.moravecteam.cz\/index.php?rest_route=\/wp\/v2\/types\/post"}],"author":[{"embeddable":true,"href":"https:\/\/www.moravecteam.cz\/index.php?rest_route=\/wp\/v2\/users\/3"}],"replies":[{"embeddable":true,"href":"https:\/\/www.moravecteam.cz\/index.php?rest_route=%2Fwp%2Fv2%2Fcomments&post=10242"}],"version-history":[{"count":8,"href":"https:\/\/www.moravecteam.cz\/index.php?rest_route=\/wp\/v2\/posts\/10242\/revisions"}],"predecessor-version":[{"id":10254,"href":"https:\/\/www.moravecteam.cz\/index.php?rest_route=\/wp\/v2\/posts\/10242\/revisions\/10254"}],"wp:featuredmedia":[{"embeddable":true,"href":"https:\/\/www.moravecteam.cz\/index.php?rest_route=\/wp\/v2\/media\/10246"}],"wp:attachment":[{"href":"https:\/\/www.moravecteam.cz\/index.php?rest_route=%2Fwp%2Fv2%2Fmedia&parent=10242"}],"wp:term":[{"taxonomy":"category","embeddable":true,"href":"https:\/\/www.moravecteam.cz\/index.php?rest_route=%2Fwp%2Fv2%2Fcategories&post=10242"},{"taxonomy":"post_tag","embeddable":true,"href":"https:\/\/www.moravecteam.cz\/index.php?rest_route=%2Fwp%2Fv2%2Ftags&post=10242"}],"curies":[{"name":"wp","href":"https:\/\/api.w.org\/{rel}","templated":true}]}}