{"id":10255,"date":"2017-11-12T23:13:26","date_gmt":"2017-11-12T22:13:26","guid":{"rendered":"http:\/\/www.moravecteam.cz\/?p=10255"},"modified":"2017-11-12T23:26:29","modified_gmt":"2017-11-12T22:26:29","slug":"zahrivaci-kolo","status":"publish","type":"post","link":"https:\/\/www.moravecteam.cz\/?p=10255","title":{"rendered":"Zah\u0159\u00edvac\u00ed kolo..?"},"content":{"rendered":"<p style=\"text-align: justify;\"><span style=\"color: #800000;\"><strong>I p\u00e1te\u010dn\u00ed cvi\u010den\u00ed v t\u011blocvi\u010dn\u011b m\u00e1 za sebou v r\u00e1mci zimn\u00ed p\u0159\u00edpravy borc\u016f a borek MORAVEC Teamu na sez\u00f3nu 2018 svoji premi\u00e9ru. Pod kuratelou nov\u00e9ho cvi\u010ditele odmakalo op\u011bt nadpr\u016fm\u011brn\u00e9 mno\u017estv\u00ed cvi\u010denc\u016f svoji &#8222;\u0161ichtu&#8220; v\u00edc jak zodpov\u011bdn\u011b no a kdy\u017e k tomu p\u0159ipo\u010dteme, \u017ee na cvi\u010debn\u00ed tortu\u0159e nechyb\u011bli ani nov\u00fd tren\u00e9r a p\u0159edsedkyn\u011b na\u0161eho FAN klubu, je nad slunce jasn\u00e9, \u017ee jsme se jsme se do kl\u00ed\u010dov\u00e9 f\u00e1ze p\u0159\u00edpravy na novou sez\u00f3nu\u00a0 &#8222;polo\u017eili&#8220; s vervou pravov\u011brn\u00fdm MORAVC\u016eM vlastn\u00ed!\u00a0<\/strong><\/span><\/p>\n<figure id=\"attachment_10259\" aria-describedby=\"caption-attachment-10259\" style=\"width: 1976px\" class=\"wp-caption alignnone\"><a href=\"http:\/\/www.moravecteam.cz\/?attachment_id=10259\" rel=\"attachment wp-att-10259\"><img decoding=\"async\" loading=\"lazy\" class=\" wp-image-10259\" alt=\"IMG_2290\" src=\"http:\/\/www.moravecteam.cz\/wp-content\/uploads\/2017\/11\/IMG_2290.jpg\" width=\"1976\" height=\"804\" srcset=\"https:\/\/www.moravecteam.cz\/wp-content\/uploads\/2017\/11\/IMG_2290.jpg 1976w, https:\/\/www.moravecteam.cz\/wp-content\/uploads\/2017\/11\/IMG_2290-300x122.jpg 300w, https:\/\/www.moravecteam.cz\/wp-content\/uploads\/2017\/11\/IMG_2290-1024x416.jpg 1024w\" sizes=\"(max-width: 1976px) 100vw, 1976px\" \/><\/a><figcaption id=\"caption-attachment-10259\" class=\"wp-caption-text\">Nov\u00fd cvi\u010ditel Vojta Gr\u00fcn n\u00e1s u\u017e na prvn\u00edm cvi\u010den\u00ed dost &#8222;potr\u00e1pil&#8220;&#8230; A to bylo pr\u00fd jen &#8222;zah\u0159\u00edvac\u00ed kolo&#8220;&#8230; Asi budu muset rychle vy\u0159e\u0161it svoji &#8222;posledn\u00ed v\u016fli&#8220;&#8230;<\/figcaption><\/figure>\n<p style=\"text-align: justify;\">Tradi\u010dn\u00ed dvojici tren\u00e9r\u016f MORAVEC Teamu v sou\u010dasnosti tvo\u0159\u00ed krom\u011b <strong><span style=\"color: #800000;\">Milana Tlamky<\/span><\/strong> i nov\u011b <strong><span style=\"color: #800000;\">Jirka O\u0161\u0165\u00e1dal<\/span><\/strong>, kter\u00fd byl pr\u00e1v\u011b na p\u00e1te\u010dn\u00edm cvi\u010den\u00ed ofici\u00e1ln\u011b p\u0159edstaven, a kter\u00fd se u\u017e se svoji tr\u00e9ninkovou &#8222;grupou&#8220; pustil do pr\u00e1ce. Stejn\u011b tak byl v\u0161em\u00a0 cvi\u010denc\u016fm p\u0159edstaven i jejich nov\u00fd p\u00e1te\u010dn\u00ed cvi\u010ditel &#8211; <strong><span style=\"color: #800000;\">Vojta Gr\u00fcn<\/span><\/strong> z Okrouhl\u00e9, a kter\u00fd se sv\u00e9ho \u00fakolu na \u00favod zhostil velmi , velmi zodpov\u011bdn\u011b&#8230; M\u011b, v p\u00e1tek p\u0159ed 20 hodinou dost vy\u010derpan\u00e9mu, kter\u00e9mu na z\u00e1v\u011br cvi\u010den\u00ed l\u00edtaly m\u017eitky p\u0159ed o\u010dima, se spokojen\u00fdm \u00fasm\u011bvem sd\u011blil, \u017ee prvn\u00ed cvi\u010den\u00ed bylo zat\u00edm &#8211; tak trochu &#8211;\u00a0 &#8222;zah\u0159\u00edvac\u00edm kolem&#8220;&#8230; Jeho spokojen\u00fd \u00fasm\u011bv ale jednozna\u010dn\u011b nazna\u010dil, \u017ee krom\u011b fyzicky skom\u00edraj\u00edc\u00edho n\u00e1\u010deln\u00edka MORAVCE, &#8222;Star\u00e9 Stanov\u00e9 K\u016f\u017ee&#8220;, se jinak jedn\u00e1 o dost dobrou skupinu, kter\u00e1 je pohybov\u011b i fyzicky docela na v\u00fd\u0161i a se kterou je p\u0159ipraven systematicky pracovat a posunout ji notn\u011b vp\u0159ed!<\/p>\n<figure id=\"attachment_10260\" aria-describedby=\"caption-attachment-10260\" style=\"width: 1208px\" class=\"wp-caption alignnone\"><a href=\"http:\/\/www.moravecteam.cz\/?attachment_id=10260\" rel=\"attachment wp-att-10260\"><img decoding=\"async\" loading=\"lazy\" class=\" wp-image-10260\" alt=\"IMG_2300\" src=\"http:\/\/www.moravecteam.cz\/wp-content\/uploads\/2017\/11\/IMG_2300.jpg\" width=\"1208\" height=\"946\" srcset=\"https:\/\/www.moravecteam.cz\/wp-content\/uploads\/2017\/11\/IMG_2300.jpg 1208w, https:\/\/www.moravecteam.cz\/wp-content\/uploads\/2017\/11\/IMG_2300-300x234.jpg 300w, https:\/\/www.moravecteam.cz\/wp-content\/uploads\/2017\/11\/IMG_2300-1024x801.jpg 1024w\" sizes=\"(max-width: 1208px) 100vw, 1208px\" \/><\/a><figcaption id=\"caption-attachment-10260\" class=\"wp-caption-text\">Luk\u00e1\u0161 Sedl\u00e1k s Romanem \u0160indel\u00e1\u0159em p\u0159i n\u00e1cviku startovn\u00edch reakc\u00ed, jak jsme ho doposud neznali.<\/figcaption><\/figure>\n<p style=\"text-align: justify;\">\u00davodem p\u00e1te\u010dn\u00edch odpoledn\u00edch aktivit bylo setk\u00e1n\u00ed na\u0161ich rajdr\u016f, v\u011bkem od 15-ti let v\u00fd\u0161e s ji\u017e zm\u00edn\u011bn\u00fdm nov\u00fdm tren\u00e9rem &#8211; Jirkou O\u0161\u0165\u00e1dalem &#8211; nejd\u0159\u00edve mimo t\u011blocvi\u010dnu a pak p\u0159\u00edmo v t\u011blocvi\u010dn\u011b, kde\u00a0 Jirka ud\u011blil \u0161ir\u0161\u00edmu okruhu\u00a0 kandid\u00e1t\u016f na repre MORAVCE\u00a0 v z\u00e1vodech prvn\u00edch \u010desk\u00fdch cyklistick\u00fdch lig v r.2018, rady u\u017e p\u0159\u00edmo praktick\u00e9. V \u010dase &#8222;\u010c&#8220; &#8211; v 18.00 hodin, pak p\u0159evzal ot\u011b\u017ee iniciativy Vojta Gr\u00fcn a po rozb\u011bh\u00e1n\u00ed a rozvi\u010dce si vzal &#8222;bokem&#8220; ty zdatn\u011bj\u0161\u00ed, aby s nimi i nad\u00e1le \u0159e\u0161il erudovan\u011b dal\u0161\u00ed tr\u00e9ninkov\u00e9 &#8222;seqence&#8220;, zat\u00edm co na\u0161e &#8222;mlad\u00e9 pu\u0161ky&#8220; proh\u00e1n\u011bl ve druh\u00e9 p\u016flce bene\u0161ovsk\u00e9 sportovn\u00ed haly Petr. N\u00e1sledn\u011b se v\u0161ichni po docela n\u00e1ro\u010dn\u00e9 cvi\u010debn\u00ed tortu\u0159e odreagovali &#8222;dvojm\u00ed\u010dovou&#8220; vybi\u0161kou, kterou vyst\u0159\u00eddali &#8222;ryb\u00e1\u0159i s rybi\u010dkami&#8220;, aby dal\u0161\u00ed f\u00e1zi p\u0159\u00edpravy op\u011bt v\u00fdborn\u011b zre\u017e\u00edroval Vojta netradi\u010dn\u00edmi a n\u00e1m nezn\u00e1m\u00fdmi, docela n\u00e1ro\u010dn\u00fdmi, skupinov\u00fdmi cvi\u010debn\u00edmi prvky. V\u0161e jsme finalizovali op\u011bt vybi\u0161kou a v \u00fapln\u00e9m z\u00e1v\u011bru je\u0161t\u011b Petr s na\u0161imi &#8222;mlad\u00fdmi pu\u0161kami&#8220; Vojtovi a Jirkovi p\u0159edvedli za\u010d je toho loket, kdy\u017e MORAVCI razantn\u011b zvolaj\u00ed sv\u016fj bojov\u00fd pok\u0159ik&#8230; Mrkn\u011bte na <strong><a href=\"http:\/\/moravecteam.rajce.idnes.cz\/2017.11.10_Cviceni_v_telocvicne\/\">fotogalerii z vyda\u0159en\u00e9ho p\u00e1tku<\/a><\/strong>&#8230;<\/p>\n","protected":false},"excerpt":{"rendered":"<p>I p\u00e1te\u010dn\u00ed cvi\u010den\u00ed v t\u011blocvi\u010dn\u011b m\u00e1 za sebou v r\u00e1mci zimn\u00ed p\u0159\u00edpravy borc\u016f a borek MORAVEC Teamu na sez\u00f3nu 2018 svoji premi\u00e9ru. Pod kuratelou nov\u00e9ho cvi\u010ditele odmakalo op\u011bt nadpr\u016fm\u011brn\u00e9 mno\u017estv\u00ed cvi\u010denc\u016f svoji &#8222;\u0161ichtu&#8220; v\u00edc jak zodpov\u011bdn\u011b no a kdy\u017e k tomu p\u0159ipo\u010dteme, \u017ee na cvi\u010debn\u00ed tortu\u0159e nechyb\u011bli ani nov\u00fd tren\u00e9r a p\u0159edsedkyn\u011b na\u0161eho FAN klubu, &hellip; <a href=\"https:\/\/www.moravecteam.cz\/?p=10255\" class=\"more-link\">Pokra\u010dov\u00e1n\u00ed textu <span class=\"screen-reader-text\">Zah\u0159\u00edvac\u00ed kolo..?<\/span> <span class=\"meta-nav\">&rarr;<\/span><\/a><\/p>\n","protected":false},"author":3,"featured_media":10258,"comment_status":"open","ping_status":"closed","sticky":false,"template":"","format":"standard","meta":[],"categories":[9],"tags":[],"_links":{"self":[{"href":"https:\/\/www.moravecteam.cz\/index.php?rest_route=\/wp\/v2\/posts\/10255"}],"collection":[{"href":"https:\/\/www.moravecteam.cz\/index.php?rest_route=\/wp\/v2\/posts"}],"about":[{"href":"https:\/\/www.moravecteam.cz\/index.php?rest_route=\/wp\/v2\/types\/post"}],"author":[{"embeddable":true,"href":"https:\/\/www.moravecteam.cz\/index.php?rest_route=\/wp\/v2\/users\/3"}],"replies":[{"embeddable":true,"href":"https:\/\/www.moravecteam.cz\/index.php?rest_route=%2Fwp%2Fv2%2Fcomments&post=10255"}],"version-history":[{"count":9,"href":"https:\/\/www.moravecteam.cz\/index.php?rest_route=\/wp\/v2\/posts\/10255\/revisions"}],"predecessor-version":[{"id":10268,"href":"https:\/\/www.moravecteam.cz\/index.php?rest_route=\/wp\/v2\/posts\/10255\/revisions\/10268"}],"wp:featuredmedia":[{"embeddable":true,"href":"https:\/\/www.moravecteam.cz\/index.php?rest_route=\/wp\/v2\/media\/10258"}],"wp:attachment":[{"href":"https:\/\/www.moravecteam.cz\/index.php?rest_route=%2Fwp%2Fv2%2Fmedia&parent=10255"}],"wp:term":[{"taxonomy":"category","embeddable":true,"href":"https:\/\/www.moravecteam.cz\/index.php?rest_route=%2Fwp%2Fv2%2Fcategories&post=10255"},{"taxonomy":"post_tag","embeddable":true,"href":"https:\/\/www.moravecteam.cz\/index.php?rest_route=%2Fwp%2Fv2%2Ftags&post=10255"}],"curies":[{"name":"wp","href":"https:\/\/api.w.org\/{rel}","templated":true}]}}