{"id":10269,"date":"2017-11-13T22:57:27","date_gmt":"2017-11-13T21:57:27","guid":{"rendered":"http:\/\/www.moravecteam.cz\/?p=10269"},"modified":"2017-11-13T23:02:01","modified_gmt":"2017-11-13T22:02:01","slug":"na-moravskem-poli","status":"publish","type":"post","link":"https:\/\/www.moravecteam.cz\/?p=10269","title":{"rendered":"Na Moravsk\u00e9m Poli&#8230;"},"content":{"rendered":"<p style=\"text-align: justify;\"><strong><span style=\"color: #800000;\">D\u00edly s po\u0159adov\u00fdmi \u010d\u00edsly 7 a 8 pokra\u010doval leto\u0161n\u00ed seri\u00e1l nejvy\u0161\u0161\u00ed ml\u00e1de\u017enick\u00e9 cyklokrosa\u0159sk\u00e9 ligy o minul\u00e9m v\u00edkendu v Uni\u010dov\u011b a Ostrav\u011b. Jednalo se tedy o dv\u011b bitvy &#8211; tak \u0159\u00edkaj\u00edc &#8211; na Moravsk\u00e9m Poli a ani na t\u011bchto dvou &#8222;race&#8220; nechyb\u011bly barvy MORAVEC Teamu. P\u0159edev\u0161\u00edm d\u00edky marodce se na\u0161e do\u010dasn\u00e1 cyklokrosov\u00e1 rota zm\u011bnila v &#8222;torzo&#8220;\u00a0 a &#8222;smrskla&#8220; co do po\u010dtu u\u017e sice jen na jedin\u00e9ho rajdra, za to ale zdatn\u011b bojuj\u00edc\u00edho a d\u016fstojn\u011b reprezentuj\u00edc\u00edho odd\u00edlov\u00e9 barvy!<\/span><\/strong><\/p>\n<figure id=\"attachment_10278\" aria-describedby=\"caption-attachment-10278\" style=\"width: 648px\" class=\"wp-caption alignnone\"><a href=\"http:\/\/www.moravecteam.cz\/?attachment_id=10278\" rel=\"attachment wp-att-10278\"><img decoding=\"async\" loading=\"lazy\" class=\" wp-image-10278\" alt=\"IMG_20171111_095400_1\" src=\"http:\/\/www.moravecteam.cz\/wp-content\/uploads\/2017\/11\/IMG_20171111_095400_1.jpg\" width=\"648\" height=\"579\" srcset=\"https:\/\/www.moravecteam.cz\/wp-content\/uploads\/2017\/11\/IMG_20171111_095400_1.jpg 648w, https:\/\/www.moravecteam.cz\/wp-content\/uploads\/2017\/11\/IMG_20171111_095400_1-300x268.jpg 300w\" sizes=\"(max-width: 648px) 100vw, 648px\" \/><\/a><figcaption id=\"caption-attachment-10278\" class=\"wp-caption-text\">Eli\u0161ka Han\u00e1kov\u00e1 na jednom z prudk\u00fdch sjezd\u016f Uni\u010dovsk\u00e9 trat\u011b.<\/figcaption><\/figure>\n<p style=\"text-align: justify;\">Na presti\u017en\u00ed a mezin\u00e1rodn\u011b uzn\u00e1van\u00e9 trati v sobotu v Uni\u010dov\u011b m\u011bla el\u00e9vka na\u0161eho leto\u0161n\u00edho do\u010dasn\u00e9ho cyklokrosov\u00e9ho uskupen\u00ed, \u017e\u00e1kyn\u011b <span style=\"color: #800000;\"><strong>Eli\u0161ka Han\u00e1kov\u00e1<\/strong><\/span> v z\u00e1vod\u011b kadetek v\u00fdborn\u00fd start ze kter\u00e9ho pak t\u011b\u017eila v pr\u016fb\u011bhu cel\u00e9ho z\u00e1vodu. V c\u00edli dok\u00e1zala zopakovat svoje um\u00edst\u011bn\u00ed z premi\u00e9rov\u00e9ho startu v Hlinsku (24. m\u00edsto). Zde si m\u016f\u017eete odkontrolovat <strong><a href=\"http:\/\/www.cyklokros.cz\/cz\/toi-toi-cup\/toi-toi-cup-2017\/unicov\/vysledky\">uni\u010dovsk\u00fd v\u00fdsledek <\/a><\/strong>(nejen)\u00a0na\u0161\u00ed talentovan\u00e9 bikerky.<\/p>\n<figure id=\"attachment_10277\" aria-describedby=\"caption-attachment-10277\" style=\"width: 818px\" class=\"wp-caption alignnone\"><a href=\"http:\/\/www.moravecteam.cz\/?attachment_id=10277\" rel=\"attachment wp-att-10277\"><img decoding=\"async\" loading=\"lazy\" class=\" wp-image-10277\" alt=\"DSC_0532\" src=\"http:\/\/www.moravecteam.cz\/wp-content\/uploads\/2017\/11\/DSC_0532.jpg\" width=\"818\" height=\"704\" srcset=\"https:\/\/www.moravecteam.cz\/wp-content\/uploads\/2017\/11\/DSC_0532.jpg 818w, https:\/\/www.moravecteam.cz\/wp-content\/uploads\/2017\/11\/DSC_0532-300x258.jpg 300w\" sizes=\"(max-width: 818px) 100vw, 818px\" \/><\/a><figcaption id=\"caption-attachment-10277\" class=\"wp-caption-text\">V Ostrav\u011b si Eli\u0161ka polep\u0161ila oproti Uni\u010dovu o dv\u011b p\u0159\u00ed\u010dky!<\/figcaption><\/figure>\n<p style=\"text-align: justify;\">\u017de je re\u00e1ln\u00fd p\u0159edpoklad, aby &#8222;Ellis&#8220; v nejbli\u017e\u0161\u00ed budoucnosti nejen zopakovala um\u00edst\u011bn\u00ed v prvn\u00ed dvac\u00edtce z Hol\u00fdch Vrch\u016f, ale d\u00e1le se v\u00fdsledkovou listinou posouvala vp\u0159ed, potvrdil n\u00e1sledn\u00fd ned\u011bln\u00ed z\u00e1vod v Ostrav\u011b. Z\u00e1vodu, jeho\u017e se re\u017eis\u00e9rsky zhostili p\u0159edev\u0161\u00edm na\u0161i kamar\u00e1di z SK Ji\u0159\u00ed Teamu, nevelel nikdo men\u0161\u00ed ne\u017e legend\u00e1rn\u00ed <strong><span style=\"color: #800000;\">Jirka Sedl\u00e1\u010dek, <\/span><\/strong><span style=\"color: #000000;\">kter\u00fd se<\/span><strong><span style=\"color: #800000;\">\u00a0<\/span><\/strong><span style=\"color: #800000;\"><span style=\"color: #000000;\">sou\u010dasn\u011b p\u0159edvel i jako zdatn\u00fd moder\u00e1tor!<\/span><\/span><strong><span style=\"color: #800000;\">\u00a0<\/span><\/strong>\u00a0Jelo se na n\u00e1ro\u010dn\u00e9 trati, kter\u00e9 dominoval nejen netradi\u010dn\u00ed\u00a0 pr\u016fjezd p\u0159es dno baz\u00e9nu ale i klasick\u00e1 p\u00edskov\u00e1 tra\u0165ov\u00e1 pas\u00e1\u017e formou typick\u00e9 p\u00edskov\u00e9 duny. Ale zp\u011bt k na\u0161\u00ed osamocen\u00e9 reprezentantce: oproti Uni\u010dovu si Eli\u0161ka polep\u0161ila o dv\u011b p\u0159\u00ed\u010dky a jej\u00ed v\u00fdsledek mohl b\u00fdt je\u0161t\u011b lep\u0161\u00ed, neb\u00fdt startu do z\u00e1vodu, kter\u00fd se j\u00ed bohu\u017eel tentokr\u00e1t p\u0159\u00edli\u0161 nepovedl&#8230;<\/p>\n<figure id=\"attachment_10283\" aria-describedby=\"caption-attachment-10283\" style=\"width: 1391px\" class=\"wp-caption alignnone\"><a href=\"http:\/\/www.moravecteam.cz\/?attachment_id=10283\" rel=\"attachment wp-att-10283\"><img decoding=\"async\" loading=\"lazy\" class=\" wp-image-10283\" alt=\"DSC_0536\" src=\"http:\/\/www.moravecteam.cz\/wp-content\/uploads\/2017\/11\/DSC_0536.jpg\" width=\"1391\" height=\"797\" srcset=\"https:\/\/www.moravecteam.cz\/wp-content\/uploads\/2017\/11\/DSC_0536.jpg 1391w, https:\/\/www.moravecteam.cz\/wp-content\/uploads\/2017\/11\/DSC_0536-300x171.jpg 300w, https:\/\/www.moravecteam.cz\/wp-content\/uploads\/2017\/11\/DSC_0536-1024x586.jpg 1024w\" sizes=\"(max-width: 1391px) 100vw, 1391px\" \/><\/a><figcaption id=\"caption-attachment-10283\" class=\"wp-caption-text\">Ost\u0159e sledovan\u00fd z\u00e1vod kadet\u016f v Ostrav\u011b kr\u00e1tce po startu.<\/figcaption><\/figure>\n<p style=\"text-align: justify;\">V Ostrav\u011b i Uni\u010dov\u011b jsme samoz\u0159ejm\u011b fandili i na\u0161im odchovanc\u016fm &#8211; <strong><span style=\"color: #800000;\">Tom\u00e1\u0161i Tlamkovi &#8222;Contadorovi&#8220;<\/span><\/strong> a <span style=\"color: #800000;\"><strong>Ad\u00e9le \u0160af\u00e1\u0159ov\u00e9<\/strong><\/span>, oba jezd\u00edci v t\u00fdmu &#8222;Rud\u00fdch \u010f\u00e1bl\u016f&#8220; Viktora Zapletala &#8211; Nutrend Specialized. Krok za krokem se tito dva nen\u00e1padn\u011b posouvaj\u00ed\u00a0 v\u00fdsledkov\u00fdmi listinami vp\u0159ed. &#8222;Contador&#8220; i &#8222;Adys&#8220; &#8222;brali&#8220; v Uni\u010dov\u011b m\u00edsto v TOP 5, a v Ostrav\u011b si Tom\u00e1\u0161 o jednu p\u0159\u00ed\u010dku je\u0161t\u011b polep\u0161il! \u017de by se v kategori\u00edch kadet\u016f a \u017een\u00a0 r\u00fdsovali dva &#8222;\u010dern\u00ed kon\u011b&#8220; pro bl\u017e\u00edc\u00ed se n\u00e1rodn\u00ed \u0161ampion\u00e1ty? Uvid\u00edme&#8230; Ka\u017edop\u00e1dn\u011b budeme jim dr\u017eet v den &#8222;D&#8220; &#8211;\u00a0 jak jinak &#8211; palce! Zde mrkn\u011bte i na komentovanou\u00a0<strong><a href=\"http:\/\/moravecteam.rajce.idnes.cz\/2017.11.12_TOI_TOI_Cup_Unicov,_Ostrava\/\">fotogalerii z Uni\u010dova a Ostravy<\/a><\/strong>, a <strong><a href=\"http:\/\/www.cyklokros.cz\/cz\/toi-toi-cup\/toi-toi-cup-2017\">v\u00fdsledkov\u00fd servis<\/a><\/strong>&#8230;<\/p>\n<figure id=\"attachment_10285\" aria-describedby=\"caption-attachment-10285\" style=\"width: 600px\" class=\"wp-caption alignnone\"><a href=\"http:\/\/www.moravecteam.cz\/?attachment_id=10285\" rel=\"attachment wp-att-10285\"><img decoding=\"async\" loading=\"lazy\" class=\" wp-image-10285\" alt=\"01c-3076\" src=\"http:\/\/www.moravecteam.cz\/wp-content\/uploads\/2017\/11\/01c-3076.jpg\" width=\"600\" height=\"400\" srcset=\"https:\/\/www.moravecteam.cz\/wp-content\/uploads\/2017\/11\/01c-3076.jpg 600w, https:\/\/www.moravecteam.cz\/wp-content\/uploads\/2017\/11\/01c-3076-300x200.jpg 300w\" sizes=\"(max-width: 600px) 100vw, 600px\" \/><\/a><figcaption id=\"caption-attachment-10285\" class=\"wp-caption-text\">Ad\u00e9la \u0160af\u00e1\u0159ov\u00e1 (zcela vlevo) nah\u00e1n\u00ed v Uni\u010dov\u011b v c\u00edli bronzovou Janku Keseg \u0160tevkovou.<\/figcaption><\/figure>\n","protected":false},"excerpt":{"rendered":"<p>D\u00edly s po\u0159adov\u00fdmi \u010d\u00edsly 7 a 8 pokra\u010doval leto\u0161n\u00ed seri\u00e1l nejvy\u0161\u0161\u00ed ml\u00e1de\u017enick\u00e9 cyklokrosa\u0159sk\u00e9 ligy o minul\u00e9m v\u00edkendu v Uni\u010dov\u011b a Ostrav\u011b. Jednalo se tedy o dv\u011b bitvy &#8211; tak \u0159\u00edkaj\u00edc &#8211; na Moravsk\u00e9m Poli a ani na t\u011bchto dvou &#8222;race&#8220; nechyb\u011bly barvy MORAVEC Teamu. P\u0159edev\u0161\u00edm d\u00edky marodce se na\u0161e do\u010dasn\u00e1 cyklokrosov\u00e1 rota zm\u011bnila v &#8222;torzo&#8220;\u00a0 &hellip; <a href=\"https:\/\/www.moravecteam.cz\/?p=10269\" class=\"more-link\">Pokra\u010dov\u00e1n\u00ed textu <span class=\"screen-reader-text\">Na Moravsk\u00e9m Poli&#8230;<\/span> <span class=\"meta-nav\">&rarr;<\/span><\/a><\/p>\n","protected":false},"author":3,"featured_media":10288,"comment_status":"open","ping_status":"closed","sticky":false,"template":"","format":"standard","meta":[],"categories":[1],"tags":[],"_links":{"self":[{"href":"https:\/\/www.moravecteam.cz\/index.php?rest_route=\/wp\/v2\/posts\/10269"}],"collection":[{"href":"https:\/\/www.moravecteam.cz\/index.php?rest_route=\/wp\/v2\/posts"}],"about":[{"href":"https:\/\/www.moravecteam.cz\/index.php?rest_route=\/wp\/v2\/types\/post"}],"author":[{"embeddable":true,"href":"https:\/\/www.moravecteam.cz\/index.php?rest_route=\/wp\/v2\/users\/3"}],"replies":[{"embeddable":true,"href":"https:\/\/www.moravecteam.cz\/index.php?rest_route=%2Fwp%2Fv2%2Fcomments&post=10269"}],"version-history":[{"count":13,"href":"https:\/\/www.moravecteam.cz\/index.php?rest_route=\/wp\/v2\/posts\/10269\/revisions"}],"predecessor-version":[{"id":10289,"href":"https:\/\/www.moravecteam.cz\/index.php?rest_route=\/wp\/v2\/posts\/10269\/revisions\/10289"}],"wp:featuredmedia":[{"embeddable":true,"href":"https:\/\/www.moravecteam.cz\/index.php?rest_route=\/wp\/v2\/media\/10288"}],"wp:attachment":[{"href":"https:\/\/www.moravecteam.cz\/index.php?rest_route=%2Fwp%2Fv2%2Fmedia&parent=10269"}],"wp:term":[{"taxonomy":"category","embeddable":true,"href":"https:\/\/www.moravecteam.cz\/index.php?rest_route=%2Fwp%2Fv2%2Fcategories&post=10269"},{"taxonomy":"post_tag","embeddable":true,"href":"https:\/\/www.moravecteam.cz\/index.php?rest_route=%2Fwp%2Fv2%2Ftags&post=10269"}],"curies":[{"name":"wp","href":"https:\/\/api.w.org\/{rel}","templated":true}]}}