{"id":10290,"date":"2017-11-13T23:38:55","date_gmt":"2017-11-13T22:38:55","guid":{"rendered":"http:\/\/www.moravecteam.cz\/?p=10290"},"modified":"2017-11-16T15:52:12","modified_gmt":"2017-11-16T14:52:12","slug":"co-se-bude-dit-st46-2","status":"publish","type":"post","link":"https:\/\/www.moravecteam.cz\/?p=10290","title":{"rendered":"Co se bude d\u00edt? (ST46)-3"},"content":{"rendered":"<h5><span style=\"color: #800000;\">St\u0159eda 15.11.2017<\/span><\/h5>\n<ul>\n<li style=\"text-align: justify;\">\u010ctvrt\u00fd, letos posledn\u00ed\u00a0 Brn\u011bnsk\u00fd cyklokros &#8211; zde mrkn\u011bte na\u00a0<strong><a href=\"http:\/\/www.favoritbrno.cz\/media\/BCP%20rozpis%202017%20171003.pdf\">propozice<\/a><\/strong>,\u00a0\u00fa\u010dast\u00a0 a dopravu si ka\u017ed\u00fd zaji\u0161\u0165uje s\u00e1m, z\u00e1vod je vyps\u00e1n jako p\u0159ebor Jihomoravsk\u00e9ho kraje.<\/li>\n<\/ul>\n<h5><span style=\"color: #800000;\"><strong>P\u00e1tek 17.11. 2017<\/strong><\/span><\/h5>\n<ul>\n<li style=\"text-align: justify;\">V Jehnic\u00edch startuje nov\u00fd ro\u010dn\u00edk \u00a0Brn\u011bnsk\u00e9ho b\u011b\u017eeck\u00e9ho poh\u00e1ru. \u00da\u010dast a dopravu si ka\u017ed\u00fd zaji\u0161\u0165uje s\u00e1m,\u00a0studujte <strong><a href=\"http:\/\/www.atletikauni.cz\/cz\/s1522\/Kalendar-akci\/Seznam-akci\/c2130-Detail-akce\/ata471-BBP-1-Beh-o-pohar-Jehnic\">propozice<\/a>&#8230;<\/strong><\/li>\n<li>\n<div style=\"text-align: justify;\">Druh\u00e9 cvi\u010den\u00ed v bene\u0161ovsk\u00e9 t\u011blocvi\u010dn\u011b r\u00e1mci zimn\u00ed p\u0159\u00edpravy &#8211; zam\u011b\u0159eno na d\u011bti\u00a0od 13-ti let v\u010detn\u011b a star\u0161\u00ed (cvi\u010dit ale s n\u00e1mi m\u016f\u017eou i mlad\u0161\u00ed d\u011bti, rodi\u010de, prarodi\u010de&#8230;).\u00a0Cvi\u010dit budeme s Vojtou od 18.00 do 20.00 hod.<\/div>\n<\/li>\n<\/ul>\n<h5><span style=\"color: #800000;\">Ned\u011ble\u00a019.11. 2017\u00a0\u00a0<\/span><\/h5>\n<p style=\"text-align: justify;\">Dal\u0161\u00ed\u00a0 cyklovyj\u00ed\u017e\u010fka s Hankou a Vlast\u00edkem Odehnalov\u00fdmi. Sraz v 9.30 ve Sportparku Boskovice &#8211; Doubravy, zde\u00a0<strong><a href=\"http:\/\/www.moravecteam.cz\/?p=10120\">mrkn\u011bte na podrobnosti.<\/a>..<\/strong><\/p>\n<h5><span style=\"color: #800000;\">Akce t\u011bsn\u011b za horizontem<\/span><\/h5>\n<ul>\n<li style=\"text-align: justify;\">16.12. 2017\u00a0&#8211; n\u00e1v\u0161t\u011bva hrobu Vlastimila MORAVCE (sobota)<\/li>\n<li style=\"text-align: justify;\">28.12. 2017\u00a0(\u010dtvrtek) &#8211; v\u00fdro\u010dn\u00ed ro(c)kov\u00e1n\u00ed s ud\u00edlen\u00edm v\u00fdro\u010dn\u00edch cen. Od 15.00 hodin v restauraci Morava Bene\u0161ov.<\/li>\n<li style=\"text-align: justify;\">30.12. 2017\u00a0&#8211; Silvestrovsk\u00fd z\u00e1vod (sobota) &#8211; start \/ c\u00edl v prostoru boskovick\u00e9 st\u0159elnice.<\/li>\n<li style=\"text-align: justify;\">1.1. 2018\u00a0(pond\u011bl\u00ed) &#8211; Novoro\u010dn\u00ed vyj\u00ed\u017e\u010fka<\/li>\n<li style=\"text-align: justify;\">3.1. 2018\u00a0&#8211; druh\u00e1 \u010d\u00e1st zimn\u00ed p\u0159\u00edpravy v t\u011blocvi\u010dn\u011b Bene\u0161ov\u00a0 od\u00a0do cca 16.3. ve stejn\u00e9m denn\u00edm \u00a0cyklu a ve stejn\u00fdch\u00a0\u010dasech<\/li>\n<li style=\"text-align: justify;\">20.1. 2018\u00a0&#8211; ples cyklist\u016f 20.1. 2018 (sobota) &#8211; kulturn\u00ed d\u016fm Such\u00fd<\/li>\n<\/ul>\n<p>&nbsp;<\/p>\n","protected":false},"excerpt":{"rendered":"<p>St\u0159eda 15.11.2017 \u010ctvrt\u00fd, letos posledn\u00ed\u00a0 Brn\u011bnsk\u00fd cyklokros &#8211; zde mrkn\u011bte na\u00a0propozice,\u00a0\u00fa\u010dast\u00a0 a dopravu si ka\u017ed\u00fd zaji\u0161\u0165uje s\u00e1m, z\u00e1vod je vyps\u00e1n jako p\u0159ebor Jihomoravsk\u00e9ho kraje. P\u00e1tek 17.11. 2017 V Jehnic\u00edch startuje nov\u00fd ro\u010dn\u00edk \u00a0Brn\u011bnsk\u00e9ho b\u011b\u017eeck\u00e9ho poh\u00e1ru. \u00da\u010dast a dopravu si ka\u017ed\u00fd zaji\u0161\u0165uje s\u00e1m,\u00a0studujte propozice&#8230; Druh\u00e9 cvi\u010den\u00ed v bene\u0161ovsk\u00e9 t\u011blocvi\u010dn\u011b r\u00e1mci zimn\u00ed p\u0159\u00edpravy &#8211; zam\u011b\u0159eno na d\u011bti\u00a0od &hellip; <a href=\"https:\/\/www.moravecteam.cz\/?p=10290\" class=\"more-link\">Pokra\u010dov\u00e1n\u00ed textu <span class=\"screen-reader-text\">Co se bude d\u00edt? (ST46)-3<\/span> <span class=\"meta-nav\">&rarr;<\/span><\/a><\/p>\n","protected":false},"author":3,"featured_media":10293,"comment_status":"open","ping_status":"closed","sticky":false,"template":"","format":"standard","meta":[],"categories":[11],"tags":[],"_links":{"self":[{"href":"https:\/\/www.moravecteam.cz\/index.php?rest_route=\/wp\/v2\/posts\/10290"}],"collection":[{"href":"https:\/\/www.moravecteam.cz\/index.php?rest_route=\/wp\/v2\/posts"}],"about":[{"href":"https:\/\/www.moravecteam.cz\/index.php?rest_route=\/wp\/v2\/types\/post"}],"author":[{"embeddable":true,"href":"https:\/\/www.moravecteam.cz\/index.php?rest_route=\/wp\/v2\/users\/3"}],"replies":[{"embeddable":true,"href":"https:\/\/www.moravecteam.cz\/index.php?rest_route=%2Fwp%2Fv2%2Fcomments&post=10290"}],"version-history":[{"count":8,"href":"https:\/\/www.moravecteam.cz\/index.php?rest_route=\/wp\/v2\/posts\/10290\/revisions"}],"predecessor-version":[{"id":10324,"href":"https:\/\/www.moravecteam.cz\/index.php?rest_route=\/wp\/v2\/posts\/10290\/revisions\/10324"}],"wp:featuredmedia":[{"embeddable":true,"href":"https:\/\/www.moravecteam.cz\/index.php?rest_route=\/wp\/v2\/media\/10293"}],"wp:attachment":[{"href":"https:\/\/www.moravecteam.cz\/index.php?rest_route=%2Fwp%2Fv2%2Fmedia&parent=10290"}],"wp:term":[{"taxonomy":"category","embeddable":true,"href":"https:\/\/www.moravecteam.cz\/index.php?rest_route=%2Fwp%2Fv2%2Fcategories&post=10290"},{"taxonomy":"post_tag","embeddable":true,"href":"https:\/\/www.moravecteam.cz\/index.php?rest_route=%2Fwp%2Fv2%2Ftags&post=10290"}],"curies":[{"name":"wp","href":"https:\/\/api.w.org\/{rel}","templated":true}]}}