{"id":10298,"date":"2017-11-14T20:20:58","date_gmt":"2017-11-14T19:20:58","guid":{"rendered":"http:\/\/www.moravecteam.cz\/?p=10298"},"modified":"2017-11-18T22:14:12","modified_gmt":"2017-11-18T21:14:12","slug":"domca-v-top10-na-ms-xce","status":"publish","type":"post","link":"https:\/\/www.moravecteam.cz\/?p=10298","title":{"rendered":"Dom\u010da v TOP10 na MS XCE!"},"content":{"rendered":"<p style=\"text-align: justify;\"><strong><span style=\"color: #800000;\">&#8222;Posledn\u00ed v\u00fdst\u0159el&#8220; leto\u0161n\u00ed MTB sez\u00f3ny zazn\u011bl oficiln\u011b s nejv\u011bt\u0161\u00ed pravd\u011bpodobnost\u00ed o minul\u00e9m v\u00edkendu v \u010d\u00ednsk\u00e9m Chengdu. &#8222;Men\u0161\u00ed&#8220;, \u010dtrn\u00e1ctimili\u00f3nov\u00e9 m\u00edstn\u00ed provin\u010dn\u00ed spr\u00e1vn\u00ed st\u0159edisko zde uspo\u0159\u00e1dalo ofici\u00e1ln\u00ed mistrovstv\u00ed sv\u011bta v MTB sprintu ELIMINATOR a jedn\u00edm z hork\u00fdch favorit\u016f byl i n\u00e1\u0161 l\u00e9ty \u00fasp\u011b\u0161n\u00fd reprezentant v t\u00e9to disciplin\u011b, a na mezin\u00e1rodn\u00edch kolbi\u0161t\u00edch sprintersky ji\u017e notn\u011b zocelen\u00fd, Dominik Prudek.<\/span><\/strong><\/p>\n<figure id=\"attachment_10309\" aria-describedby=\"caption-attachment-10309\" style=\"width: 2349px\" class=\"wp-caption alignnone\"><a href=\"http:\/\/www.moravecteam.cz\/?attachment_id=10309\" rel=\"attachment wp-att-10309\"><img decoding=\"async\" loading=\"lazy\" class=\" wp-image-10309\" alt=\"COM_5341\" src=\"http:\/\/www.moravecteam.cz\/wp-content\/uploads\/2017\/11\/COM_5341.jpg\" width=\"2349\" height=\"2354\" srcset=\"https:\/\/www.moravecteam.cz\/wp-content\/uploads\/2017\/11\/COM_5341.jpg 2349w, https:\/\/www.moravecteam.cz\/wp-content\/uploads\/2017\/11\/COM_5341-25x25.jpg 25w, https:\/\/www.moravecteam.cz\/wp-content\/uploads\/2017\/11\/COM_5341-300x300.jpg 300w, https:\/\/www.moravecteam.cz\/wp-content\/uploads\/2017\/11\/COM_5341-1021x1024.jpg 1021w\" sizes=\"(max-width: 2349px) 100vw, 2349px\" \/><\/a><figcaption id=\"caption-attachment-10309\" class=\"wp-caption-text\">Dominik Prudek vybojoval v dalek\u00e9 \u010c\u00edn\u011b minulou ned\u011bli na MS v MTB XCE pro \u010cR v kategorii mu\u017e\u016f ELITE 10. m\u00edsto.<\/figcaption><\/figure>\n<p style=\"text-align: justify;\"><strong><a href=\"http:\/\/www.moravecteam.cz\/?p=4938\">Juniorsk\u00fd Mistr \u010cR z roku 2016<\/a><\/strong> z Bed\u0159ichova a <strong><a href=\"http:\/\/www.moravecteam.cz\/?p=9208\">leto\u0161n\u00ed vicemistr<\/a><\/strong> v t\u00e9to disciplin\u011b u\u017e v kategorii mu\u017e\u016f ELITE z n\u00e1rodn\u00edho \u0161ampion\u00e1tu v Brn\u011b <span style=\"color: #800000;\"><strong>Dominik Prudek<\/strong><\/span> u\u017e i <a href=\"http:\/\/www.moravecteam.cz\/?p=8946\"><strong>na mezin\u00e1rodn\u00ed sc\u00e9n\u011b nejednou prok\u00e1zal<\/strong><\/a>, \u017ee je specialistou pro kr\u00e1tk\u00e9 a rychl\u00e9 trat\u011b, co\u017e potvrdil i minulou ned\u011bli na z\u00e1vod\u011b nejvy\u0161\u0161\u00ed &#8222;klasy&#8220; v dalek\u00e9 \u010c\u00edn\u011b. V\u00fdslek je o to cenn\u011bj\u0161\u00ed, vezmeme-li v \u00favahu, \u017ee Dominik se v minul\u00fdch m\u011bs\u00edc\u00edch pot\u00fdkal se zran\u011bn\u00edm ruky ze srpnov\u00e9ho Mistrovstv\u00ed Evropy pr\u00e1v\u011b v t\u00e9to disciplin\u011b a p\u016fvodn\u011b u\u017e nepl\u00e1noval v z\u00e1v\u011bru sez\u00f3ny \u00fa\u010dast na\u00a0 jak\u00fdchkoli cyklistick\u00fdch z\u00e1vodech.\u00a0Mistrem sv\u011bta v XCE se stal Francouz Titouan Perrin Ganier a z\u00e1vod \u017een ovl\u00e1dla Kathrin Stirnemannov\u00e1 ze \u0160v\u00fdcarska.\u00a0Mistrovstv\u00ed sv\u011bta v\u00a0XCE se poprv\u00e9 uskute\u010dnilo v\u00a0r\u00e1mci projektu UCI URBAN CYCLING spole\u010dn\u011b s\u00a0discipl\u00ednami Trial a BMX Free Style a nen\u00ed bez zaj\u00edmavosti, \u017ee \u010d\u00ednsk\u00e9 Chengdu si toto po\u0159adatelstv\u00ed p\u0159edplatilo i na dal\u0161\u00ed dva roky! Zde mrkn\u011bte na kompletn\u00ed <strong><a href=\"http:\/\/www.uci.ch\/mountain-bike\/results\/\">v\u00fdsledkov\u00fd servis<\/a>,<\/strong> zde je i<strong>\u00a0<a href=\"http:\/\/www.reprezentacemtb.cz\/dominik-prudek-10-na-ms-xce-v-cinskem-chengdu\/\">ofici\u00e1ln\u00ed report<\/a><\/strong> z TOP XCE akce 2017 a tu\u0165 i <strong><a href=\"http:\/\/www.uci.ch\/mountain-bike\/videos\/207-uci-urban-cycling-chengdu-chi-men-xce\/\">video z fin\u00e1le z\u00e1vodu mu\u017e\u016f ELITE<\/a>.\u00a0<\/strong>A\u00a0 i tady je dal\u0161\u00ed <strong><a href=\"http:\/\/mtbs.cz\/clanek\/premiera-cina-ma-za-sebou-ms-urban-cycling-prudek-10\/kategorie\/mistrovstvi-sveta-xc#.WhCg00ria00\">podrobn\u011bj\u0161\u00ed info<\/a><\/strong> z \u010c\u00edny.<\/p>\n<figure id=\"attachment_10343\" aria-describedby=\"caption-attachment-10343\" style=\"width: 970px\" class=\"wp-caption alignnone\"><a href=\"http:\/\/www.moravecteam.cz\/?attachment_id=10343\" rel=\"attachment wp-att-10343\"><img decoding=\"async\" loading=\"lazy\" class=\" wp-image-10343\" alt=\"dominik-prudek\" src=\"http:\/\/www.moravecteam.cz\/wp-content\/uploads\/2017\/11\/dominik-prudek.jpg\" width=\"970\" height=\"646\" srcset=\"https:\/\/www.moravecteam.cz\/wp-content\/uploads\/2017\/11\/dominik-prudek.jpg 970w, https:\/\/www.moravecteam.cz\/wp-content\/uploads\/2017\/11\/dominik-prudek-300x199.jpg 300w\" sizes=\"(max-width: 970px) 100vw, 970px\" \/><\/a><figcaption id=\"caption-attachment-10343\" class=\"wp-caption-text\">Devaten\u00e1ctilet\u00fd biker v \u010c\u00edn\u011b op\u011bt potvrdil, \u017ee sprinty jezdit um\u00ed!<\/figcaption><\/figure>\n<p>&nbsp;<\/p>\n<p>&nbsp;<\/p>\n<p>&nbsp;<\/p>\n","protected":false},"excerpt":{"rendered":"<p>&#8222;Posledn\u00ed v\u00fdst\u0159el&#8220; leto\u0161n\u00ed MTB sez\u00f3ny zazn\u011bl oficiln\u011b s nejv\u011bt\u0161\u00ed pravd\u011bpodobnost\u00ed o minul\u00e9m v\u00edkendu v \u010d\u00ednsk\u00e9m Chengdu. &#8222;Men\u0161\u00ed&#8220;, \u010dtrn\u00e1ctimili\u00f3nov\u00e9 m\u00edstn\u00ed provin\u010dn\u00ed spr\u00e1vn\u00ed st\u0159edisko zde uspo\u0159\u00e1dalo ofici\u00e1ln\u00ed mistrovstv\u00ed sv\u011bta v MTB sprintu ELIMINATOR a jedn\u00edm z hork\u00fdch favorit\u016f byl i n\u00e1\u0161 l\u00e9ty \u00fasp\u011b\u0161n\u00fd reprezentant v t\u00e9to disciplin\u011b, a na mezin\u00e1rodn\u00edch kolbi\u0161t\u00edch sprintersky ji\u017e notn\u011b zocelen\u00fd, Dominik Prudek. &hellip; <a href=\"https:\/\/www.moravecteam.cz\/?p=10298\" class=\"more-link\">Pokra\u010dov\u00e1n\u00ed textu <span class=\"screen-reader-text\">Dom\u010da v TOP10 na MS XCE!<\/span> <span class=\"meta-nav\">&rarr;<\/span><\/a><\/p>\n","protected":false},"author":3,"featured_media":10308,"comment_status":"open","ping_status":"closed","sticky":false,"template":"","format":"standard","meta":[],"categories":[1],"tags":[],"_links":{"self":[{"href":"https:\/\/www.moravecteam.cz\/index.php?rest_route=\/wp\/v2\/posts\/10298"}],"collection":[{"href":"https:\/\/www.moravecteam.cz\/index.php?rest_route=\/wp\/v2\/posts"}],"about":[{"href":"https:\/\/www.moravecteam.cz\/index.php?rest_route=\/wp\/v2\/types\/post"}],"author":[{"embeddable":true,"href":"https:\/\/www.moravecteam.cz\/index.php?rest_route=\/wp\/v2\/users\/3"}],"replies":[{"embeddable":true,"href":"https:\/\/www.moravecteam.cz\/index.php?rest_route=%2Fwp%2Fv2%2Fcomments&post=10298"}],"version-history":[{"count":19,"href":"https:\/\/www.moravecteam.cz\/index.php?rest_route=\/wp\/v2\/posts\/10298\/revisions"}],"predecessor-version":[{"id":10344,"href":"https:\/\/www.moravecteam.cz\/index.php?rest_route=\/wp\/v2\/posts\/10298\/revisions\/10344"}],"wp:featuredmedia":[{"embeddable":true,"href":"https:\/\/www.moravecteam.cz\/index.php?rest_route=\/wp\/v2\/media\/10308"}],"wp:attachment":[{"href":"https:\/\/www.moravecteam.cz\/index.php?rest_route=%2Fwp%2Fv2%2Fmedia&parent=10298"}],"wp:term":[{"taxonomy":"category","embeddable":true,"href":"https:\/\/www.moravecteam.cz\/index.php?rest_route=%2Fwp%2Fv2%2Fcategories&post=10298"},{"taxonomy":"post_tag","embeddable":true,"href":"https:\/\/www.moravecteam.cz\/index.php?rest_route=%2Fwp%2Fv2%2Ftags&post=10298"}],"curies":[{"name":"wp","href":"https:\/\/api.w.org\/{rel}","templated":true}]}}