{"id":1032,"date":"2015-07-18T08:47:23","date_gmt":"2015-07-18T06:47:23","guid":{"rendered":"http:\/\/www.moravecteam.cz\/?p=1032"},"modified":"2015-07-21T11:13:19","modified_gmt":"2015-07-21T09:13:19","slug":"mcr-mtb-kutna-hora","status":"publish","type":"post","link":"https:\/\/www.moravecteam.cz\/?p=1032","title":{"rendered":"M\u010cR MTB Kutn\u00e1 Hora"},"content":{"rendered":"<p><span style=\"color: #800000;\"><strong>\u0160tafeta pro &#8222;Rud\u00e9 \u010f\u00e1bly&#8220;!<\/strong><\/span><\/p>\n<p style=\"text-align: justify;\">P\u00e1tek pat\u0159il na bikov\u00e9m n\u00e1rodn\u00edm \u0161ampion\u00e1tu z\u00e1vodu \u0161tafet. MORAVEC vzhledem k prob\u00edhaj\u00edc\u00ed genera\u010dn\u00ed v\u00fdm\u011bn\u011b zas\u00e1hl do tohoto souboje pouze nep\u0159\u00edmo d\u00edk na\u0161emu odchovaci <span style=\"color: #800000;\"><strong>Dominiku Prudkovi.<\/strong><\/span> Ten byl \u010dlenem \u0161tafety GT Bike Plac Opportunity a se sv\u00e1mi par\u0165\u00e1ky Je\u017ekovou a Kub\u00ednem fini\u0161ovali s nevelkou ztr\u00e1tou na bronz na nepopul\u00e1rn\u00edm, \u010dtvrt\u00e9m m\u00edst\u011b. N\u00e1rodn\u00edmi \u0161ampiony se stali horc\u00ed favorit\u00e9 &#8211; &#8222;Rud\u00ed \u010f\u00e1blov\u00e9&#8220; Viktora Zapletala (Nutrend Specialized), kdy\u017e sourozence Pr\u016fdkovi doplnil Honza Nesvadba. Komplet v\u00fdsledky najdete na\u00a0<strong><a href=\"http:\/\/mtbs.cz\/clanek\/prudkovi-a-nesvadba-maji-prvni-tituly-na-mcr-ze-stafet\/kategorie\/bleskovka-zavody\">http:\/\/mtbs.cz\/clanek\/prudkovi-a-nesvadba-maji-prvni-tituly-na-mcr-ze-stafet\/kategorie\/bleskovka-zavody<\/a><\/strong><\/p>\n<figure id=\"attachment_1050\" aria-describedby=\"caption-attachment-1050\" style=\"width: 1024px\" class=\"wp-caption alignnone\"><a href=\"http:\/\/www.moravecteam.cz\/?attachment_id=1050\" rel=\"attachment wp-att-1050\"><img decoding=\"async\" loading=\"lazy\" class=\" wp-image-1050\" alt=\"\" src=\"http:\/\/www.moravecteam.cz\/wp-content\/uploads\/2015\/07\/img2cb903ef13b488483e23efce74905b6e.jpg\" width=\"1024\" height=\"683\" srcset=\"https:\/\/www.moravecteam.cz\/wp-content\/uploads\/2015\/07\/img2cb903ef13b488483e23efce74905b6e.jpg 1024w, https:\/\/www.moravecteam.cz\/wp-content\/uploads\/2015\/07\/img2cb903ef13b488483e23efce74905b6e-300x200.jpg 300w\" sizes=\"(max-width: 1024px) 100vw, 1024px\" \/><\/a><figcaption id=\"caption-attachment-1050\" class=\"wp-caption-text\">Ond\u0159ej Cink &#8211; \u010derstv\u00fd Mistr \u010cesk\u00e9 republiky pro r. 2015 v kategorii mu\u017e\u016f ELITE.<\/figcaption><\/figure>\n<p style=\"text-align: justify;\"><span style=\"color: #800000;\"><strong>Bronzov\u00fd sprint<\/strong><\/span><\/p>\n<p style=\"text-align: justify;\">Hned druh\u00fd den n\u00e1rodn\u00edho bikov\u00e9ho \u0161ampion\u00e1tu jsme se mohli pot\u011b\u0161it z medaile! V sobotu se bojovalo\u00a0 o n\u00e1rodn\u00ed\u00a0tituly ve sprintu a \u00a0<strong><span style=\"color: #800000;\">Tereza Obo\u0159ilov\u00e1<\/span><\/strong>, hork\u00e1 aspirantka na medaili z t\u00e9to rychlostn\u00ed discipl\u00edny v kategorii star\u0161\u00edch \u017e\u00e1ky\u0148,\u00a0\u00a0potvrdila \u00falohu favoritky, kdy\u017e ve fin\u00e1le\u00a0fini\u0161ovala na v\u00fdborn\u00e9m 3. m\u00edst\u011b! Blahop\u0159ejeme! Da\u0159ilo se i junior\u016fm.\u00a0 <span style=\"color: #800000;\"><strong>Patrik Kol\u00e1\u0159<\/strong> <\/span>potvrdil 6. m\u00edstem n\u00e1r\u016fst formy a na\u0161eho odchovance \u00a0<strong><span style=\"color: #800000;\">Dominika Prudka<\/span> <\/strong>(GT Opportunity)\u00a0p\u0159ipravily od lep\u0161\u00edho v\u00fdsledku (7. m\u00edsto) op\u011bt\u00a0pot\u00ed\u017ee s padaj\u00edc\u00edm \u0159et\u011bzem. Obdobn\u011b smoln\u00fd z\u00e1vod m\u00e1 za sebou ve stejn\u00e9 v\u011bkov\u00e9 kategorii d\u00edvek v c\u00edli nakonec p\u00e1t\u00e1 <strong><span style=\"color: #800000;\">Ad\u00e9la \u0160af\u00e1\u0159ov\u00e1 <\/span><\/strong>(Nutrend Specialized). Do semifin\u00e1lov\u00fdch j\u00edzd se prosadil je\u0161t\u011b star\u0161\u00ed \u017d\u00e1k <span style=\"color: #800000;\"><strong>Michal \u0160m\u00edda<\/strong><\/span>, kter\u00fd byl\u00a0 klasifikov\u00e1n na velmi dobr\u00e9m 8.m\u00edst\u011b. Do elitn\u00ed &#8222;dvac\u00edtky&#8220; v\u00fdsledkov\u00fdch listin se z na\u0161ich je\u0161t\u011b ve\u0161la kadetka <strong><span style=\"color: #800000;\">Jana Tesa\u0159ov\u00e1<\/span><\/strong> (11. m\u00edsto), star\u0161\u00ed \u017e\u00e1k <strong><span style=\"color: #800000;\">Tom\u00e1\u0161 Tlamka &#8222;Contador&#8220;<\/span><\/strong> (18. m\u00edsto)\u00a0a star\u0161\u00ed \u017e\u00e1kyn\u011b <span style=\"color: #800000;\"><strong>Anna Zem\u00e1nkov\u00e1<\/strong> <\/span>(19. m\u00edsto). Ta ale m\u011bla v pr\u016fb\u011bhu svoj\u00ed j\u00edzdy nep\u0159\u00edjemn\u00fd p\u00e1d, kter\u00fd jej\u00ed v\u00fdsledek tak\u00e9 negativn\u011b ovlivnil&#8230; Zb\u00fdv\u00e1 doplnit v\u00fdsledek \u00fapln\u00e9ho nov\u00e1\u010dka v z\u00e1vodech &#8222;prvn\u00ed bikersk\u00e9 ligy&#8220; <span style=\"color: #800000;\"><strong>Anetky Fritzov\u00e9<\/strong><\/span>.\u00a0Po state\u010dn\u00e9m a bojovn\u00e9m v\u00fdkonu byla klasifikov\u00e1na 36. m\u00edst\u011b. D\u00edky v\u0161em na\u0161im rajdr\u016fm za\u00a0v\u00fdkony nejen na &#8222;doraz&#8220;, ale\u00a0 v nejednom p\u0159\u00edpad\u011b i na na &#8222;krev&#8220;. Kompletn\u00ed v\u00fdsledkov\u00fd servis\u00a0ze sobotn\u00edho Elimin\u00e1tora hledejte zde: <strong><a href=\"http:\/\/sportsoft.cz\/cs\/zavod\/overview\/1539\">http:\/\/sportsoft.cz\/cs\/zavod\/overview\/1539<\/a><\/strong><\/p>\n<figure id=\"attachment_1052\" aria-describedby=\"caption-attachment-1052\" style=\"width: 1024px\" class=\"wp-caption alignnone\"><a href=\"http:\/\/www.moravecteam.cz\/?attachment_id=1052\" rel=\"attachment wp-att-1052\"><img decoding=\"async\" loading=\"lazy\" class=\" wp-image-1052\" alt=\"imgc6214a2bc33ed92637a73e1853e371f3\" src=\"http:\/\/www.moravecteam.cz\/wp-content\/uploads\/2015\/07\/imgc6214a2bc33ed92637a73e1853e371f3.jpg\" width=\"1024\" height=\"683\" srcset=\"https:\/\/www.moravecteam.cz\/wp-content\/uploads\/2015\/07\/imgc6214a2bc33ed92637a73e1853e371f3.jpg 1024w, https:\/\/www.moravecteam.cz\/wp-content\/uploads\/2015\/07\/imgc6214a2bc33ed92637a73e1853e371f3-300x200.jpg 300w\" sizes=\"(max-width: 1024px) 100vw, 1024px\" \/><\/a><figcaption id=\"caption-attachment-1052\" class=\"wp-caption-text\">Karla \u0160t\u011bp\u00e1nov\u00e1 si jede pro sv\u016fj premi\u00e9rov\u00fd titul n\u00e1rodn\u00ed \u0161ampionky v kategorii \u017eeny ELITE.<\/figcaption><\/figure>\n<p style=\"text-align: justify;\"><span style=\"color: #800000;\"><strong>Na z\u00e1v\u011br dv\u011b st\u0159\u00edbra a jeden bronz!<\/strong><\/span><\/p>\n<p style=\"text-align: justify;\">I v ned\u011bli naplnila na\u0161e medailov\u00e9 nad\u011bje op\u011bt talentovan\u00e1 <strong><span style=\"color: #800000;\">Tereza Obo\u0159ilov\u00e1<\/span><\/strong>, kter\u00e1 si v kategorii star\u0161\u00edch \u017e\u00e1ky\u0148\u00a0 s p\u0159ehledem dojela pro st\u0159\u00edbro! Blahop\u0159ejeme a d\u00edky za vzorn\u00e9 repre MORAVCE! Vzhledem ke skute\u010dnosti, \u017ee Terka jezdila letos ve sv\u00e9 v\u011bkov\u00e9 t\u0159\u00edd\u011b jako prvoro\u010da\u010dka, m\u016f\u017ee ji\u017e v p\u0159\u00ed\u0161t\u00edm roce\u00a0v\u00fdkonnostn\u011b i v\u00fdsledkov\u011b nav\u00e1zat na na\u0161i odchovankyni <span style=\"color: #800000;\"><strong>Ad\u00e9lu \u0160af\u00e1\u0159ovou<\/strong> <\/span>(Nutrend Specialized), kter\u00e9 jsme zatleskali p\u0159i p\u0159eb\u00edr\u00e1n\u00ed st\u0159\u00edbrn\u00e9 medaile\u00a0a kter\u00e1 se tedy\u00a0stala pro leto\u0161ek juniorskou \u010ceskou bikovou korunn\u00ed princeznou.\u00a0Jen tak d\u00e1l, Adys! Nejv\u011bt\u0161\u00ed radost v parn\u00e9m kutnohorsk\u00e9m ned\u011bln\u00edm dnu n\u00e1m ale ud\u011blal dal\u0161\u00ed n\u00e1\u0161 odchovanec &#8211; <span style=\"color: #800000;\"><strong>Dominik Prudek<\/strong><\/span> (GT Opportunity). Pod chr\u00e1mem Sv. Barbory zajel tento nadan\u00fd biker sv\u016fj \u017eivotn\u00ed z\u00e1vod a jeho excelentn\u00ed v\u00fdkon byl po z\u00e1sluze honorov\u00e1n mistrovsk\u00fdm bronzem! Gratulova\u010dka tedy let\u00ed od n\u00e1s samo, \u017ee i k Dom\u010dovi! Jenom poznamen\u00e1v\u00e1m, \u017ee i Dominik (podobn\u011b jako Terka Obo\u0159ilov\u00e1) byl letos ve sv\u00e9 v\u011bkov\u00e9 z\u00e1vodn\u00ed skupin\u011b &#8222;prvoro\u010d\u00e1k&#8220; a tak jako Terka m\u016f\u017ee b\u00fdt (a v\u011b\u0159\u00edme, \u017ee bude) n\u00e1sledovnic\u00ed Ad\u00e9ly \u0160af\u00e1\u0159ov\u00e9, tak Dom\u010da by mohl v p\u0159\u00ed\u0161t\u00edm roce kop\u00edrovat juniorsk\u00e9 v\u00fdkony a v\u00fdsledky Radim Kov\u00e1\u0159e. I zde pevn\u011b v\u011b\u0159\u00edme, \u017ee\u00a0tomu tak bude, proto\u017ee Dom\u010da na to m\u00e1&#8230;<\/p>\n<figure id=\"attachment_1049\" aria-describedby=\"caption-attachment-1049\" style=\"width: 1024px\" class=\"wp-caption alignnone\"><a href=\"http:\/\/www.moravecteam.cz\/?attachment_id=1049\" rel=\"attachment wp-att-1049\"><img decoding=\"async\" loading=\"lazy\" class=\" wp-image-1049\" alt=\"\" src=\"http:\/\/www.moravecteam.cz\/wp-content\/uploads\/2015\/07\/imge1b9ee5e70a777eae7ae6ff0ff79b142.jpg\" width=\"1024\" height=\"683\" srcset=\"https:\/\/www.moravecteam.cz\/wp-content\/uploads\/2015\/07\/imge1b9ee5e70a777eae7ae6ff0ff79b142.jpg 1024w, https:\/\/www.moravecteam.cz\/wp-content\/uploads\/2015\/07\/imge1b9ee5e70a777eae7ae6ff0ff79b142-300x200.jpg 300w\" sizes=\"(max-width: 1024px) 100vw, 1024px\" \/><\/a><figcaption id=\"caption-attachment-1049\" class=\"wp-caption-text\">Bronzov\u00fd junior Dominik Prudek! Pod chr\u00e1mem Sv. Barbory se snad minulou ned\u011bli nena\u0161el nikdo, kdo by Dom\u010dovi zaslou\u017een\u00fd \u00fasp\u011bch nep\u0159\u00e1l!<\/figcaption><\/figure>\n<p style=\"text-align: justify;\">Krom\u011b zm\u00edn\u011bn\u00fdch medailist\u016f ale i v\u0161ichni ostatn\u00ed na\u0161i naplnili beze zbytku o\u010dek\u00e1v\u00e1n\u00ed a dosa\u017een\u00fdmi v\u00fdkonnostn\u00edmi maximy z\u00faro\u010dili poctivou p\u0159\u00edpravu na kutnohorsk\u00fd &#8222;mistr\u00e1k&#8220;. Hned\u00a0t\u0159em na\u0161im &#8222;kon\u00edk\u016fm&#8220; jsme dr\u017eeli pale\u010dky v\u00a0kategori\u00ed mlad\u0161\u00edch \u017e\u00e1k\u016f a \u017e\u00e1ky\u0148. Vedle ji\u017e zku\u0161en\u00e9ho <span style=\"color: #800000;\"><strong>Jakuba Tesa\u0159e<\/strong> <\/span>se na start postavili i\u00a0dv\u011b na\u0161e d\u00edvenky, jmenovit\u011b <strong><span style=\"color: #800000;\">Krist\u00fdnka Kol\u00e1\u0159ov\u00e1 a Ani\u010dka Smutn\u00e1<\/span><\/strong>. Ob\u011b do toho &#8222;sko\u010dili&#8220; v pravd\u011b &#8222;po hlav\u011b&#8220;, ostudu ale neud\u011blali a zku\u0161enosti, kter\u00e9 na kutnohorsk\u00e9m mistr\u00e1ku posb\u00edrali, maj\u00ed cenu minim\u00e1ln\u011b m\u00edstn\u00edho pov\u011bstn\u00e9ho st\u0159\u00edbra&#8230; O \u00fasp\u011bchu Terky Obo\u0159ilov\u00e9 ji\u017e byla \u0159e\u010d, i p\u0159es bolestiv\u00e1 zran\u011bn\u00ed z p\u0159ede\u0161l\u00e9ho dne zajela\u00a0 v ned\u011bli v\u00fdte\u010dn\u011b <span style=\"color: #800000;\"><strong>Anna Zem\u00e1nkov\u00e1<\/strong><\/span>, kdy\u017e j\u00ed um\u00edst\u011bn\u00ed v elitn\u00ed des\u00edtce startovn\u00edho pole star\u0161\u00edch \u017e\u00e1ky\u0148 uniklo jen velmi t\u011bsn\u011b&#8230; M\u00edsto obvykl\u00e9ho dua jsme m\u011bli tentokr\u00e1t v t\u00e9to kategorii rovnou trio na\u0161ich holek&#8230; Premi\u00e9ru velk\u00e9ho z\u00e1vodu zde za\u017eila i <strong><span style=\"color: #800000;\">Anetka Fritzov\u00e1<\/span><\/strong>, kter\u00e1 odvedla sv\u016fj p\u0159\u00edslove\u010dn\u00fd bojovn\u00fd v\u00fdkon a odm\u011bnou j\u00ed byl velmi hojn\u00fd po\u010det prvn\u00edch mistrovsk\u00fd bod\u016f. Pot\u011b\u0161il n\u00e1s v\u00fdkon i v\u00fdsledek dvou star\u0161\u00edch \u017e\u00e1k\u016f &#8211; <strong><span style=\"color: #800000;\">Tom\u00e1\u0161e Tlamky &#8222;Contadora&#8220;<\/span> <\/strong>a <span style=\"color: #800000;\"><strong>Michala \u0160m\u00eddy.<\/strong><\/span>\u00a0I Ti\u00a0si v Kutn\u00e9 Ho\u0159e zajeli letos svoje v\u00fdsledkov\u00e1 maxima a potvrdili svoji p\u0159\u00edslu\u0161nost k na\u0161\u00ed \u0161ir\u0161\u00ed \u017e\u00e1kovsk\u00e9 bikersk\u00e9 \u0161pi\u010dce.<\/p>\n<p style=\"text-align: justify;\">Dv\u011bma na\u0161im kadet\u016fm &#8211; <span style=\"color: #800000;\"><strong>Mat\u011bji Maz\u00e1nkovi<\/strong> <\/span>a <span style=\"color: #800000;\"><strong>Honzovi \u0160m\u00eddovi<\/strong> <\/span>jsme p\u0159\u00e1li, aby dojeli na vytou\u017een\u00fdch bodovan\u00fdch m\u00edstech&#8230; A poda\u0159ilo se! Jako lvice se rvali s t\u011b\u017ekou trat\u00ed i ob\u011b na\u0161e kadetky <span style=\"color: #800000;\"><strong>Jana Tesa\u0159ov\u00e1<\/strong> <\/span>s <span style=\"color: #800000;\"><strong>Monikou Kone\u010dnou<\/strong> <\/span>a i jimi dosa\u017een\u00e9 v\u00fdsledky n\u00e1s pot\u011b\u0161ily! V juniorsk\u00fdch kategori\u00edch jsme bedliv\u011b sledovali na\u0161e v\u00fd\u0161e u\u017e zm\u00edn\u011bn\u00e9 odchovance, kdy\u017e jedn\u00edm ze soupe\u0159\u016f Dom\u010de Prudka byl i \u00fasp\u011b\u0161n\u00fd borec ze sobotn\u00edho Elimin\u00e1toru &#8211; <strong><span style=\"color: #800000;\">Patrik Kol\u00e1\u0159.<\/span><\/strong> Tomu v\u0161ak z\u00e1vod &#8222;nesednul&#8220; a v extr\u00e9mn\u00edm horku z n\u011bho Patrik odstoupil. Naopak, dal\u0161\u00edmu z na\u0161ich odchovanc\u016f, <strong><span style=\"color: #800000;\">Jirkovi \u0160t\u011bpan\u00edkovi<\/span> <\/strong>z\u00e1vod vy\u0161el a odm\u011bnou mu bylo v c\u00edli t\u011bsn\u011b za elitn\u00ed &#8222;des\u00edtkou&#8220;.<\/p>\n<p style=\"text-align: justify;\">V dosp\u011bl\u00fdch kategori\u00edch n\u00e1s reprezentovali &#8211; jako obvykle &#8211; dva &#8222;mu\u0161ket\u00fd\u0159i&#8220;. Zat\u00edm co EXPERT <strong><span style=\"color: #800000;\">Luk\u00e1\u0161 Gregor<\/span> <\/strong>potvrdil v\u00fdsledkem stabiln\u00ed formu, <strong><span style=\"color: #800000;\">Radim Kov\u00e1\u0159\u00a0<\/span><\/strong>na sv\u00e9 obl\u00edben\u00e9 trati (jako prvn\u00ed z MORAVC\u016e zde Radim v r. 2007 jako \u017e\u00e1k vybojoval v\u00edt\u011bzstv\u00ed v \u010cP) op\u011bt pil z kalichu smoln\u00e9 ho\u0159kosti&#8230; Defekt zadn\u00ed pneu ho pravd\u011bpodobn\u011b p\u0159ipravil o um\u00edst\u011bn\u00ed do 30.m\u00edsta&#8230;<\/p>\n<figure id=\"attachment_1051\" aria-describedby=\"caption-attachment-1051\" style=\"width: 1024px\" class=\"wp-caption alignnone\"><a href=\"http:\/\/www.moravecteam.cz\/?attachment_id=1051\" rel=\"attachment wp-att-1051\"><img decoding=\"async\" loading=\"lazy\" class=\" wp-image-1051\" alt=\"\" src=\"http:\/\/www.moravecteam.cz\/wp-content\/uploads\/2015\/07\/imgcb5e493bdf246a08baccff9d11dd40a6.jpg\" width=\"1024\" height=\"683\" srcset=\"https:\/\/www.moravecteam.cz\/wp-content\/uploads\/2015\/07\/imgcb5e493bdf246a08baccff9d11dd40a6.jpg 1024w, https:\/\/www.moravecteam.cz\/wp-content\/uploads\/2015\/07\/imgcb5e493bdf246a08baccff9d11dd40a6-300x200.jpg 300w\" sizes=\"(max-width: 1024px) 100vw, 1024px\" \/><\/a><figcaption id=\"caption-attachment-1051\" class=\"wp-caption-text\">Jarda Kulhav\u00fd &#8211; v\u00edt\u011bz \u010cesk\u00e9ho poh\u00e1ru MTB pro r. 2015 v kategorii mu\u017e\u016f ELITE. Jardovi jsem pop\u0159\u00e1l hlavn\u011b hodn\u011b \u0161t\u011bst\u00ed za rok do Ria&#8230;<\/figcaption><\/figure>\n<p style=\"text-align: justify;\">Proto\u017ee kutnohorsk\u00fd &#8222;mistr\u00e1k&#8220; byl z\u00e1rove\u0148 nim posledn\u00edm z\u00e1vodem \u010cP, rozhodlo se zde o medailistech i v nejvy\u0161\u0161\u00ed dom\u00e1ci bikov\u00e9 &#8222;lize&#8220;. K na\u0161\u00ed velk\u00e9 radosti brala celkov\u00fd bronz ve sv\u00e9 kategorii <span style=\"color: #800000;\"><strong>Terka Obo\u0159ilov\u00e1<\/strong><\/span>, z druh\u00e9ho m\u00edsta se mezi juniorkami mohla t\u011b\u0161it <strong><span style=\"color: #800000;\">Ad\u00e9la \u0160af\u00e1\u0159ov\u00e1<\/span> <\/strong>a celkov\u00e9 \u010dtvrt\u00e9 m\u00edsto <span style=\"color: #800000;\"><strong>Jany Tesa\u0159ov\u00e9<\/strong> <\/span>(kadetky) a p\u00e1t\u00e9 <strong><span style=\"color: #800000;\">Dominika Prudka<\/span> <\/strong>(junio\u0159i) nelze nevyzdvihnout!<\/p>\n<p style=\"text-align: justify;\"><span style=\"color: #800000;\"><strong>Podtr\u017een\u00fd sou\u010det z Kutn\u00e9 Hory je tedy tento:<\/strong><\/span><\/p>\n<ul>\n<li>\n<div style=\"text-align: justify;\">Mlad\u0161\u00ed \u017e\u00e1kyn\u011b &#8211; Ani\u010dka Smutn\u00e1 18. m\u00edsto \/ celkov\u011b 27. m\u00edsto, Krist\u00fdnka Kol\u00e1\u0159ov\u00e1 19. m\u00edsto \/ 25.<\/div>\n<\/li>\n<li>Mlad\u0161\u00ed \u017e\u00e1ci &#8211; Jakub Tesa\u0159 17. m\u00edsto \/ 15.<\/li>\n<li>Star\u0161\u00ed \u017e\u00e1kyn\u011b &#8211; Tereza Obo\u0159ilov\u00e1 2. m\u00edsto \/ 3., Anna Zem\u00e1nkov\u00e1 12. m\u00edsto \/ 15., Aneta Fritzov\u00e1 22. m\u00edsto \/ 32.<\/li>\n<li>Star\u0161\u00ed \u017e\u00e1ci &#8211; Tom\u00e1\u0161 Tlamka &#8222;Contador&#8220; 12. m\u00edsto \/ 11., Michal \u0160m\u00edda 14. m\u00edsto \/ 19.<\/li>\n<li>Mu\u017ei EXPERT &#8211; Luk\u00e1\u0161 Gregor 15. m\u00edsto \/ 15.<\/li>\n<li>Kadeti &#8211; Mat\u011bj Maz\u00e1nek 32. m\u00edsto \/ 58., Jan \u0160m\u00edda 35. m\u00edsto \/ 62.<\/li>\n<li>Junio\u0159i &#8211; \u00a0Dominik Prudek 3. m\u00edsto \/ 5., Patrik Kol\u00e1\u0159 &#8211; nedojel \/ 45., Jirka \u0160t\u011bpan\u00edk 11. m\u00edsto \/ 22.<\/li>\n<li>Kadetky &#8211; Jana Tesa\u0159ov\u00e1 6. m\u00edsto \/ 4., Monika Kone\u010dn\u00e1 13. m\u00edsto \/ 15.<\/li>\n<li>Juniorky &#8211; Ad\u00e9la \u0160af\u00e1\u0159ov\u00e1 2. m\u00edsto \/ 2.<\/li>\n<li>Mu\u017ei ELITE &#8211; Radim Kov\u00e1\u0159\u00a0&#8211;\u00a0 nedojel \/ 73. (ELITE), 29. (U23)<\/li>\n<\/ul>\n<p style=\"text-align: justify;\">Proto\u017ee pro leto\u0161ek je s vrcholov\u00fdm bike\u0159en\u00edm &#8222;fin\u00fdto&#8220; je mo\u017en\u00e9 hodnotit. P\u0159edn\u011b d\u00edky za\u00a0ob\u011btavou a\u00a0ve v\u011bt\u0161in\u011b p\u0159\u00edpad\u016f nezi\u0161tnou mraven\u010d\u00ed pr\u00e1ci v\u0161em, kte\u0159\u00ed se o v\u00fdborn\u00e9 celkov\u00e9 v\u00fdsledky zaslou\u017eili. V\u017edy\u0165 kdo o\u010dek\u00e1val, \u017ee po lo\u0148sk\u00fdch zlat\u00fdch \u017en\u00edch Ad\u00e9ly \u0160af\u00e1\u0159ov\u00e9 se budeme ve \u0161pi\u010dkov\u00fdch z\u00e1vodech (hlavn\u011b d\u00edky Tereze Obo\u0159ilov\u00e9) v\u00edce-m\u00e9n\u011b pravideln\u011b prosazovat na stupn\u011b v\u00edt\u011bz\u016f? To co jsme si d\u00e1le dali za c\u00edl, toti\u017e aby se t\u00fdmov\u00fd duch z cyklokrosov\u00e9 \u00fadern\u00e9 roty p\u0159enesl do bikov\u00e9 vozby, se postupn\u011b poda\u0159ilo, kdy\u017e skute\u010dn\u00fdmi spolehliv\u00fdmi a sehran\u00fdmi pil\u00ed\u0159i z\u00e1vodn\u00edch v\u00fdpad\u016f se stalo trio, na kter\u00e9 veden\u00ed odd\u00edlu\u00a0na ja\u0159e vsadilo: tren\u00e9r 1. sledu V\u00ed\u0165a Prudek \/ tren\u00e9r 2. sledu Milan Tlamka \/ \u0161\u00e9fmechanik Milan\u00a0\u0160af\u00e1\u0159. Kluci za MORAVEC d\u00edky moc! &#8222;Special Thanks&#8220; si dovol\u00edm poslat t\u011bmito \u0159\u00e1dky i sv\u00e9mu \u0161\u00e9fovi, Ing. Ros\u0165ovi \u0160ebelovi, kter\u00fd n\u00e1m na ka\u017ed\u00fd d\u016fle\u017eit\u00fd z\u00e1vod a na soust\u0159ed\u011bn\u00ed poskytl po hrdlo natankovan\u00fd v\u016fz, o kter\u00e9m v\u017edy snil Milan \u0160af\u00e1\u0159: prodlou\u017een\u00e1 dlouh\u00e1 sk\u0159\u00ed\u0148ov\u00e1 dod\u00e1vka zna\u010dky VW Crafter, mysl\u00edm, Milan\u016fv sen\u00a0z docela zna\u010dn\u00e9 m\u00edry\u00a0vyplnila&#8230;\u00a0M\u016fj \u0161\u00e9f, co by aktu\u00e1ln\u011b gener\u00e1ln\u00ed sponzor MORAVCE, \u00a0je na\u0161t\u011bst\u00ed ve v\u011bcech podpory d\u011btsk\u00fdch aktivit nikoli zi\u0161tn\u00fd, ale jednozna\u010dn\u011b nezi\u0161tn\u00fd a nav\u00edc je\u00a0&#8211; tak jako v\u011bt\u0161ina pravov\u011brn\u00fdch MORAVC\u016e &#8211; srdca\u0159..! Snad budeme takto vzorn\u011b spolupracovat i v dal\u0161\u00edch letech.<\/p>\n<p style=\"text-align: justify;\">Zde hledejte komplet v\u00fdsledky i z ned\u011bln\u00edch z\u00e1vod\u016f MTB XCO: <strong><a href=\"http:\/\/sportsoft.cz\/cs\/zavod\/overview\/1539\">http:\/\/sportsoft.cz\/cs\/zavod\/overview\/1539<\/a><\/strong><\/p>\n<p style=\"text-align: justify;\">Prvn\u00edch dvacet sedm \u00a0fotek z Petrova fotosamopalu\u00a0je u\u017e taky zde: <strong><a href=\"http:\/\/moravecteam.rajce.idnes.cz\/2015.07.19._MCR_MTB_Kutna_Hora\/\">http:\/\/moravecteam.rajce.idnes.cz\/2015.07.19._MCR_MTB_Kutna_Hora\/<\/a><\/strong><\/p>\n<p style=\"text-align: justify;\">\n","protected":false},"excerpt":{"rendered":"<p>\u0160tafeta pro &#8222;Rud\u00e9 \u010f\u00e1bly&#8220;! P\u00e1tek pat\u0159il na bikov\u00e9m n\u00e1rodn\u00edm \u0161ampion\u00e1tu z\u00e1vodu \u0161tafet. MORAVEC vzhledem k prob\u00edhaj\u00edc\u00ed genera\u010dn\u00ed v\u00fdm\u011bn\u011b zas\u00e1hl do tohoto souboje pouze nep\u0159\u00edmo d\u00edk na\u0161emu odchovaci Dominiku Prudkovi. Ten byl \u010dlenem \u0161tafety GT Bike Plac Opportunity a se sv\u00e1mi par\u0165\u00e1ky Je\u017ekovou a Kub\u00ednem fini\u0161ovali s nevelkou ztr\u00e1tou na bronz na nepopul\u00e1rn\u00edm, \u010dtvrt\u00e9m m\u00edst\u011b. N\u00e1rodn\u00edmi &hellip; <a href=\"https:\/\/www.moravecteam.cz\/?p=1032\" class=\"more-link\">Pokra\u010dov\u00e1n\u00ed textu <span class=\"screen-reader-text\">M\u010cR MTB Kutn\u00e1 Hora<\/span> <span class=\"meta-nav\">&rarr;<\/span><\/a><\/p>\n","protected":false},"author":3,"featured_media":1046,"comment_status":"closed","ping_status":"closed","sticky":false,"template":"","format":"standard","meta":[],"categories":[1],"tags":[],"_links":{"self":[{"href":"https:\/\/www.moravecteam.cz\/index.php?rest_route=\/wp\/v2\/posts\/1032"}],"collection":[{"href":"https:\/\/www.moravecteam.cz\/index.php?rest_route=\/wp\/v2\/posts"}],"about":[{"href":"https:\/\/www.moravecteam.cz\/index.php?rest_route=\/wp\/v2\/types\/post"}],"author":[{"embeddable":true,"href":"https:\/\/www.moravecteam.cz\/index.php?rest_route=\/wp\/v2\/users\/3"}],"replies":[{"embeddable":true,"href":"https:\/\/www.moravecteam.cz\/index.php?rest_route=%2Fwp%2Fv2%2Fcomments&post=1032"}],"version-history":[{"count":16,"href":"https:\/\/www.moravecteam.cz\/index.php?rest_route=\/wp\/v2\/posts\/1032\/revisions"}],"predecessor-version":[{"id":1034,"href":"https:\/\/www.moravecteam.cz\/index.php?rest_route=\/wp\/v2\/posts\/1032\/revisions\/1034"}],"wp:featuredmedia":[{"embeddable":true,"href":"https:\/\/www.moravecteam.cz\/index.php?rest_route=\/wp\/v2\/media\/1046"}],"wp:attachment":[{"href":"https:\/\/www.moravecteam.cz\/index.php?rest_route=%2Fwp%2Fv2%2Fmedia&parent=1032"}],"wp:term":[{"taxonomy":"category","embeddable":true,"href":"https:\/\/www.moravecteam.cz\/index.php?rest_route=%2Fwp%2Fv2%2Fcategories&post=1032"},{"taxonomy":"post_tag","embeddable":true,"href":"https:\/\/www.moravecteam.cz\/index.php?rest_route=%2Fwp%2Fv2%2Ftags&post=1032"}],"curies":[{"name":"wp","href":"https:\/\/api.w.org\/{rel}","templated":true}]}}