{"id":10326,"date":"2017-11-17T23:10:01","date_gmt":"2017-11-17T22:10:01","guid":{"rendered":"http:\/\/www.moravecteam.cz\/?p=10326"},"modified":"2017-11-17T23:29:40","modified_gmt":"2017-11-17T22:29:40","slug":"opet-na-plny-pecky","status":"publish","type":"post","link":"https:\/\/www.moravecteam.cz\/?p=10326","title":{"rendered":"Op\u011bt na &#8222;pln\u00fd pecky&#8220;&#8230;"},"content":{"rendered":"<p style=\"text-align: justify;\"><strong><span style=\"color: #800000;\">&#8230;.odcvi\u010dili MORAVCI druh\u00e9 st\u0159ede\u010dn\u00ed &#8222;cvi\u010dko&#8220; v bene\u0161ovsk\u00e9 t\u011blocvi\u010dn\u011b. Znovu nadpr\u016fm\u011brn\u00fd po\u010det cvi\u010denc\u016f p\u0159istoupil k tr\u00e9ninku velice zodpov\u011bdn\u011b a disciplinovan\u011b z\u00e1rove\u0148, p\u0159i\u010dem\u017e ke sv\u011bdomit\u00fdm v\u00fdkon\u016fm mo\u017en\u00e1 napomohly i osobn\u00ed p\u0159\u00edtomnosti tren\u00e9ra Milana Tlamky \u010di nestora \u010desk\u00e9 silni\u010dn\u00ed cyklistiky a jednoho ze zakl\u00e1daj\u00edc\u00edch \u010dlen\u016f MORAVEC Teamu &#8211; Karla V\u0161etuly.<\/span><\/strong><\/p>\n<figure id=\"attachment_10334\" aria-describedby=\"caption-attachment-10334\" style=\"width: 1634px\" class=\"wp-caption alignnone\"><a href=\"http:\/\/www.moravecteam.cz\/?attachment_id=10334\" rel=\"attachment wp-att-10334\"><img decoding=\"async\" loading=\"lazy\" class=\" wp-image-10334\" alt=\"IMG_2369\" src=\"http:\/\/www.moravecteam.cz\/wp-content\/uploads\/2017\/11\/IMG_2369.jpg\" width=\"1634\" height=\"550\" srcset=\"https:\/\/www.moravecteam.cz\/wp-content\/uploads\/2017\/11\/IMG_2369.jpg 1634w, https:\/\/www.moravecteam.cz\/wp-content\/uploads\/2017\/11\/IMG_2369-300x100.jpg 300w, https:\/\/www.moravecteam.cz\/wp-content\/uploads\/2017\/11\/IMG_2369-1024x344.jpg 1024w\" sizes=\"(max-width: 1634px) 100vw, 1634px\" \/><\/a><figcaption id=\"caption-attachment-10334\" class=\"wp-caption-text\">Adventn\u00ed \u010das se bl\u00ed\u017e\u00ed&#8230; &#8222;Sv\u00ed\u010dku&#8220; zvl\u00e1daj\u00ed na\u0161i mlad\u00ed rajd\u0159\u00ed v\u00fdborn\u011b!<\/figcaption><\/figure>\n<p style=\"text-align: justify;\">A\u0165 tak \u010di tak, aktivn\u00ed p\u0159\u00edstup na\u0161ich rajdr\u016f v po\u010d\u00e1tku zimn\u00ed p\u0159\u00edpravy je chv\u00e1lihodn\u00fd a v\u011b\u0159me, \u017ee jim po nejbli\u017e\u0161\u00ed t\u0159i zimn\u00ed m\u011bs\u00edce, po kter\u00e9 budou t\u011blocvi\u010dn\u00e9 &#8222;seqence&#8220; prob\u00edhat,\u00a0 vydr\u017e\u00ed. Po vydatn\u00e9m rozb\u011bh\u00e1n\u00ed a\u00a0 stejn\u011b hutn\u00e9m\u00a0 rozcvi\u010den\u00ed (sou\u010d\u00e1st\u00ed rozcvi\u010dky byl i n\u00e1cvik &#8222;adventn\u00edch&#8220; sv\u00ed\u010dek) nasadil Petr relativn\u00ed relax formou dvoum\u00ed\u010dov\u00e9 vybi\u0161ky a obl\u00edben\u00fdmi &#8222;ryb\u00e1\u0159i a rybi\u010dkami&#8220;. N\u00e1cvik startovn\u00edch reakc\u00ed byly prolo\u017een opakovan\u00fdm posilov\u00e1n\u00edm b\u0159i\u0161n\u00edho svalstva, kter\u00e9 se u cvi\u010denc\u016f\u00a0 jev\u00ed aktu\u00e1ln\u011b jako dost ochabl\u00e9&#8230;<\/p>\n<figure id=\"attachment_10336\" aria-describedby=\"caption-attachment-10336\" style=\"width: 1167px\" class=\"wp-caption alignnone\"><a href=\"http:\/\/www.moravecteam.cz\/?attachment_id=10336\" rel=\"attachment wp-att-10336\"><img decoding=\"async\" loading=\"lazy\" class=\" wp-image-10336\" alt=\"IMG_2428\" src=\"http:\/\/www.moravecteam.cz\/wp-content\/uploads\/2017\/11\/IMG_2428.jpg\" width=\"1167\" height=\"1020\" srcset=\"https:\/\/www.moravecteam.cz\/wp-content\/uploads\/2017\/11\/IMG_2428.jpg 1167w, https:\/\/www.moravecteam.cz\/wp-content\/uploads\/2017\/11\/IMG_2428-300x262.jpg 300w, https:\/\/www.moravecteam.cz\/wp-content\/uploads\/2017\/11\/IMG_2428-1024x895.jpg 1024w\" sizes=\"(max-width: 1167px) 100vw, 1167px\" \/><\/a><figcaption id=\"caption-attachment-10336\" class=\"wp-caption-text\">Medicimbaly poslou\u017eili i jako slalomov\u00e9 branky&#8230;<\/figcaption><\/figure>\n<p style=\"text-align: justify;\">Cvi\u010dko pokra\u010dovalo hr\u00e1tkami nikoli s \u010dertem, ale s &#8211; medicimbaly! V t\u011blocvi\u010dn\u011b to m\u00edsty vypadalo skute\u010dn\u011b jako kdysi u Verdunu, na\u0161t\u011bst\u00ed ve srovn\u00e1n\u00ed s Verdunem prob\u011bhla &#8222;st\u0159elba&#8220; t\u011b\u017ek\u00fdmi m\u00ed\u010di\u00a0 zcela bez komplikac\u00ed a jak\u00fdchkoli &#8211; nedej Bo\u017ee &#8211; &#8222;ztr\u00e1t na \u017eivotech&#8220;&#8230; D\u011bti p\u00e1lily velice disciplinovan\u011b na p\u0159\u00edslu\u0161n\u00fd rozkaz a jejich n\u00e1m\u011bry byly velmi, velmi p\u0159esn\u00e9! V\u0161e vyvrcholilo vy\u0159azovc\u00ed vybi\u0161kou, jej\u00ed\u017e prvn\u00ed\u00a0 leto\u0161n\u00ed kr\u00e1lovnou se stala <strong><span style=\"color: #800000;\">Eli\u0161ka Han\u00e1kov\u00e1<\/span><\/strong> a jej\u00edmi kralevici pak <span style=\"color: #800000;\"><strong>Matou\u0161ek Lipensk\u00fd<\/strong><\/span> s <strong><span style=\"color: #800000;\">Luk\u00e1\u0161em Sedl\u00e1kem<\/span><\/strong>&#8230; Do tr\u00e9ninkov\u00e9 &#8222;rachoty&#8220; jsme se zabrali tak, \u017ee jsme dokonce p\u0159es\u00e1hli stanoven\u00fd &#8222;time&#8220;&#8230; Mrkn\u011bte na <strong><a href=\"http:\/\/moravecteam.rajce.idnes.cz\/2017.11.15_Cviceni_v_telocvicne\/\">fotogalerii<\/a>.<\/strong>..<\/p>\n","protected":false},"excerpt":{"rendered":"<p>&#8230;.odcvi\u010dili MORAVCI druh\u00e9 st\u0159ede\u010dn\u00ed &#8222;cvi\u010dko&#8220; v bene\u0161ovsk\u00e9 t\u011blocvi\u010dn\u011b. Znovu nadpr\u016fm\u011brn\u00fd po\u010det cvi\u010denc\u016f p\u0159istoupil k tr\u00e9ninku velice zodpov\u011bdn\u011b a disciplinovan\u011b z\u00e1rove\u0148, p\u0159i\u010dem\u017e ke sv\u011bdomit\u00fdm v\u00fdkon\u016fm mo\u017en\u00e1 napomohly i osobn\u00ed p\u0159\u00edtomnosti tren\u00e9ra Milana Tlamky \u010di nestora \u010desk\u00e9 silni\u010dn\u00ed cyklistiky a jednoho ze zakl\u00e1daj\u00edc\u00edch \u010dlen\u016f MORAVEC Teamu &#8211; Karla V\u0161etuly. A\u0165 tak \u010di tak, aktivn\u00ed p\u0159\u00edstup na\u0161ich rajdr\u016f &hellip; <a href=\"https:\/\/www.moravecteam.cz\/?p=10326\" class=\"more-link\">Pokra\u010dov\u00e1n\u00ed textu <span class=\"screen-reader-text\">Op\u011bt na &#8222;pln\u00fd pecky&#8220;&#8230;<\/span> <span class=\"meta-nav\">&rarr;<\/span><\/a><\/p>\n","protected":false},"author":3,"featured_media":10335,"comment_status":"open","ping_status":"closed","sticky":false,"template":"","format":"standard","meta":[],"categories":[9],"tags":[],"_links":{"self":[{"href":"https:\/\/www.moravecteam.cz\/index.php?rest_route=\/wp\/v2\/posts\/10326"}],"collection":[{"href":"https:\/\/www.moravecteam.cz\/index.php?rest_route=\/wp\/v2\/posts"}],"about":[{"href":"https:\/\/www.moravecteam.cz\/index.php?rest_route=\/wp\/v2\/types\/post"}],"author":[{"embeddable":true,"href":"https:\/\/www.moravecteam.cz\/index.php?rest_route=\/wp\/v2\/users\/3"}],"replies":[{"embeddable":true,"href":"https:\/\/www.moravecteam.cz\/index.php?rest_route=%2Fwp%2Fv2%2Fcomments&post=10326"}],"version-history":[{"count":11,"href":"https:\/\/www.moravecteam.cz\/index.php?rest_route=\/wp\/v2\/posts\/10326\/revisions"}],"predecessor-version":[{"id":10340,"href":"https:\/\/www.moravecteam.cz\/index.php?rest_route=\/wp\/v2\/posts\/10326\/revisions\/10340"}],"wp:featuredmedia":[{"embeddable":true,"href":"https:\/\/www.moravecteam.cz\/index.php?rest_route=\/wp\/v2\/media\/10335"}],"wp:attachment":[{"href":"https:\/\/www.moravecteam.cz\/index.php?rest_route=%2Fwp%2Fv2%2Fmedia&parent=10326"}],"wp:term":[{"taxonomy":"category","embeddable":true,"href":"https:\/\/www.moravecteam.cz\/index.php?rest_route=%2Fwp%2Fv2%2Fcategories&post=10326"},{"taxonomy":"post_tag","embeddable":true,"href":"https:\/\/www.moravecteam.cz\/index.php?rest_route=%2Fwp%2Fv2%2Ftags&post=10326"}],"curies":[{"name":"wp","href":"https:\/\/api.w.org\/{rel}","templated":true}]}}