{"id":10345,"date":"2017-11-20T22:41:57","date_gmt":"2017-11-20T21:41:57","guid":{"rendered":"http:\/\/www.moravecteam.cz\/?p=10345"},"modified":"2017-11-24T23:14:08","modified_gmt":"2017-11-24T22:14:08","slug":"co-se-bud-dit-st47","status":"publish","type":"post","link":"https:\/\/www.moravecteam.cz\/?p=10345","title":{"rendered":"Co se bud d\u00edt? (ST47) -2"},"content":{"rendered":"<h5><span style=\"color: #800000;\">St\u0159eda 22.11.2017<\/span><\/h5>\n<p style=\"text-align: justify;\"><span style=\"text-align: justify;\">T\u0159et\u00ed cvi\u010den\u00ed v bene\u0161ovsk\u00e9 t\u011blocvi\u010dn\u011b v\u00a0r\u00e1mci zimn\u00ed p\u0159\u00edpravy &#8211; zam\u011b\u0159eno na d\u011bti do 12-ti let v\u010detn\u011b (cvi\u010dit ale s n\u00e1mi m\u016f\u017eou i star\u0161\u00ed d\u011bti, rodi\u010de, prarodi\u010de&#8230;).\u00a0Cvi\u010den\u00ed povede tentokr\u00e1t M\u00ed\u0161a s Frantou a Milanem, a \u00a0budete s sebou mrskat, v obvykl\u00e9m \u010dase od 16.30 do 18.30.\u00a0<\/span><\/p>\n<h5><span style=\"color: #800000;\"><strong>P\u00e1tek 24.11. 2017<\/strong><\/span><\/h5>\n<p style=\"text-align: justify;\">Druh\u00e9 cvi\u010den\u00ed v bene\u0161ovsk\u00e9 t\u011blocvi\u010dn\u011b r\u00e1mci zimn\u00ed p\u0159\u00edpravy &#8211; &#8222;Vojtovy kapky&#8220;&#8230; Zam\u011b\u0159eno na d\u011bti\u00a0od 13-ti let v\u010detn\u011b a star\u0161\u00ed (cvi\u010dit ale s n\u00e1mi m\u016f\u017eou i star\u0161\u00ed d\u011bti, rodi\u010de, prarodi\u010de&#8230;).\u00a0Cvi\u010dit budeme od 18.00 do 20.00 hod.<\/p>\n<h5><span style=\"color: #800000;\">Ned\u011ble 26.11.\u00a02017<\/span><\/h5>\n<ul>\n<li style=\"text-align: justify;\">\u00da\u010dast do\u010dasn\u00e9 cyklokrosov\u00e9 roty MORAVEC Teamu na dal\u0161\u00edm z\u00e1vod\u011b \u010cP v cyklokrosu v \u010c\u00e1slavi. Zde studujte\u00a0<strong><a href=\"http:\/\/www.cyklokros.cz\/data\/web\/toitoicup\/2017\/caslav_propozice_2017.pdf\">propozice<\/a><\/strong>. Operace m\u00e1 volac\u00ed znak <span style=\"color: #800000;\"><strong>FALCON HEAVY<\/strong><\/span>.<\/li>\n<li style=\"text-align: justify;\">Dal\u0161\u00ed\u00a0 cyklovyj\u00ed\u017e\u010fka s Hankou a Vlast\u00edkem Odehnalov\u00fdmi. Sraz v 9.30 ve Sportparku Boskovice &#8211; Doubravy, zde\u00a0<strong><a href=\"http:\/\/www.moravecteam.cz\/?p=10120\">mrkn\u011bte na podrobnosti.<\/a>.. <span style=\"color: #ff0000;\">POZOR! Info pro d\u011bti kter\u00e9 nebudou mit na v\u00fdji\u017e\u010fce doprovod rodi\u010d\u016f:\u00a0 mus\u00ed s sebou mit n\u00e1hradn\u00ed rukavice, v\u011btrovku na p\u0159ioble\u010deni, pit\u00ed, sva\u010dinu nebo tra\u0165ovku, nehradni du\u0161i ( ne d\u011bravou)! Toto minim\u00e1ln\u00ed vybaven\u00ed bude p\u0159ed j\u00edzdou u d\u011bt\u00ed zkontrolov\u00e1no a kdo je nebude m\u00edt &#8211; <span style=\"text-decoration: underline;\">na v\u00fdj\u00ed\u017e\u010fku nepojede!!!<\/span><\/span><\/strong><\/li>\n<\/ul>\n<h5><span style=\"color: #800000;\">Akce t\u011bsn\u011b za horizontem<\/span><\/h5>\n<ul>\n<li>16.12. 2017\u00a0&#8211; n\u00e1v\u0161t\u011bva hrobu Vlastimila MORAVCE (sobota)<\/li>\n<li>28.12. 2017\u00a0(\u010dtvrtek) &#8211; v\u00fdro\u010dn\u00ed ro(c)kov\u00e1n\u00ed s ud\u00edlen\u00edm v\u00fdro\u010dn\u00edch cen. Od 15.00 hodin v restauraci Morava Bene\u0161ov.<\/li>\n<li>30.12. 2017\u00a0&#8211; Silvestrovsk\u00fd z\u00e1vod? Silvestrovsk\u00e1 vyj\u00ed\u017e\u010fka? (sobota), je\u0161t\u011b se uvid\u00ed&#8230; Ka\u017edop\u00e1dn\u011b:\u00a0 start \/ c\u00edl v prostoru boskovick\u00e9 st\u0159elnice.<\/li>\n<li>1.1. 2018\u00a0(pond\u011bl\u00ed) &#8211; Novoro\u010dn\u00ed vyj\u00ed\u017e\u010fka &#8211; sm\u011br: Repechy, penzion Lada. Dovol\u00ed-li po\u010das\u00ed&#8230;<\/li>\n<li>3.1. 2018\u00a0&#8211; druh\u00e1 \u010d\u00e1st zimn\u00ed p\u0159\u00edpravy v t\u011blocvi\u010dn\u011b Bene\u0161ov\u00a0 od\u00a0do cca 16.3. ve stejn\u00e9m denn\u00edm \u00a0cyklu a ve stejn\u00fdch\u00a0\u010dasech<\/li>\n<li>20.1. 2018\u00a0&#8211; ples cyklist\u016f 20.1. 2018 (sobota) &#8211; kulturn\u00ed d\u016fm Such\u00fd<\/li>\n<\/ul>\n","protected":false},"excerpt":{"rendered":"<p>St\u0159eda 22.11.2017 T\u0159et\u00ed cvi\u010den\u00ed v bene\u0161ovsk\u00e9 t\u011blocvi\u010dn\u011b v\u00a0r\u00e1mci zimn\u00ed p\u0159\u00edpravy &#8211; zam\u011b\u0159eno na d\u011bti do 12-ti let v\u010detn\u011b (cvi\u010dit ale s n\u00e1mi m\u016f\u017eou i star\u0161\u00ed d\u011bti, rodi\u010de, prarodi\u010de&#8230;).\u00a0Cvi\u010den\u00ed povede tentokr\u00e1t M\u00ed\u0161a s Frantou a Milanem, a \u00a0budete s sebou mrskat, v obvykl\u00e9m \u010dase od 16.30 do 18.30.\u00a0 P\u00e1tek 24.11. 2017 Druh\u00e9 cvi\u010den\u00ed v bene\u0161ovsk\u00e9 t\u011blocvi\u010dn\u011b &hellip; <a href=\"https:\/\/www.moravecteam.cz\/?p=10345\" class=\"more-link\">Pokra\u010dov\u00e1n\u00ed textu <span class=\"screen-reader-text\">Co se bud d\u00edt? (ST47) -2<\/span> <span class=\"meta-nav\">&rarr;<\/span><\/a><\/p>\n","protected":false},"author":3,"featured_media":10348,"comment_status":"open","ping_status":"closed","sticky":false,"template":"","format":"standard","meta":[],"categories":[11],"tags":[],"_links":{"self":[{"href":"https:\/\/www.moravecteam.cz\/index.php?rest_route=\/wp\/v2\/posts\/10345"}],"collection":[{"href":"https:\/\/www.moravecteam.cz\/index.php?rest_route=\/wp\/v2\/posts"}],"about":[{"href":"https:\/\/www.moravecteam.cz\/index.php?rest_route=\/wp\/v2\/types\/post"}],"author":[{"embeddable":true,"href":"https:\/\/www.moravecteam.cz\/index.php?rest_route=\/wp\/v2\/users\/3"}],"replies":[{"embeddable":true,"href":"https:\/\/www.moravecteam.cz\/index.php?rest_route=%2Fwp%2Fv2%2Fcomments&post=10345"}],"version-history":[{"count":6,"href":"https:\/\/www.moravecteam.cz\/index.php?rest_route=\/wp\/v2\/posts\/10345\/revisions"}],"predecessor-version":[{"id":10353,"href":"https:\/\/www.moravecteam.cz\/index.php?rest_route=\/wp\/v2\/posts\/10345\/revisions\/10353"}],"wp:featuredmedia":[{"embeddable":true,"href":"https:\/\/www.moravecteam.cz\/index.php?rest_route=\/wp\/v2\/media\/10348"}],"wp:attachment":[{"href":"https:\/\/www.moravecteam.cz\/index.php?rest_route=%2Fwp%2Fv2%2Fmedia&parent=10345"}],"wp:term":[{"taxonomy":"category","embeddable":true,"href":"https:\/\/www.moravecteam.cz\/index.php?rest_route=%2Fwp%2Fv2%2Fcategories&post=10345"},{"taxonomy":"post_tag","embeddable":true,"href":"https:\/\/www.moravecteam.cz\/index.php?rest_route=%2Fwp%2Fv2%2Ftags&post=10345"}],"curies":[{"name":"wp","href":"https:\/\/api.w.org\/{rel}","templated":true}]}}