{"id":10354,"date":"2017-11-25T17:19:52","date_gmt":"2017-11-25T16:19:52","guid":{"rendered":"http:\/\/www.moravecteam.cz\/?p=10354"},"modified":"2017-11-25T17:19:52","modified_gmt":"2017-11-25T16:19:52","slug":"streda-s-misou","status":"publish","type":"post","link":"https:\/\/www.moravecteam.cz\/?p=10354","title":{"rendered":"St\u0159eda s M\u00ed\u0161ou"},"content":{"rendered":"<p style=\"text-align: justify;\"><strong><span style=\"color: #800000;\">Jedno z dosavadn\u00edch platn\u00fdch &#8222;P\u0159ik\u00e1z\u00e1n\u00ed MORAVEC Teamu&#8220; &#8211; jak si jist\u011b dob\u0159e v\u0161ichni pamatujeme &#8211; zn\u00ed: &#8222;Jeden za v\u0161echny &#8211; v\u0161ichni za jednoho!&#8220; P\u0159i t\u0159et\u00edm st\u0159ede\u010dn\u00edm cvi\u010den\u00ed v bene\u0161ovsk\u00e9 t\u011blocvi\u010dn\u011b bylo &#8211; by\u0165 ve zjednodu\u0161en\u00e9 form\u011b &#8211; napln\u011bno, kdy\u017e M\u00ed\u0161a zasko\u010dila za Petra jako &#8222;Head&#8220; cvi\u010ditel. Vydatn\u011b j\u00ed pomohl i tren\u00e9r Milan se sv\u00fdm asistentem Franti\u0161kem, a tak dvac\u00edtka cvi\u010den\u00ed la\u010dn\u00fdch d\u011bt\u00ed odch\u00e1zela p\u0159ed 19. hodinou z bene\u0161ovsk\u00e9 t\u011blocvi\u010dny potr\u00e9novan\u00e1 op\u011bt velmi, velmi zku\u0161en\u011b!<\/span><\/strong><\/p>\n<figure id=\"attachment_10358\" aria-describedby=\"caption-attachment-10358\" style=\"width: 2015px\" class=\"wp-caption alignnone\"><a href=\"http:\/\/www.moravecteam.cz\/?attachment_id=10358\" rel=\"attachment wp-att-10358\"><img decoding=\"async\" loading=\"lazy\" class=\" wp-image-10358\" alt=\"003\" src=\"http:\/\/www.moravecteam.cz\/wp-content\/uploads\/2017\/11\/003.jpg\" width=\"2015\" height=\"1707\" srcset=\"https:\/\/www.moravecteam.cz\/wp-content\/uploads\/2017\/11\/003.jpg 2015w, https:\/\/www.moravecteam.cz\/wp-content\/uploads\/2017\/11\/003-300x254.jpg 300w, https:\/\/www.moravecteam.cz\/wp-content\/uploads\/2017\/11\/003-1024x867.jpg 1024w\" sizes=\"(max-width: 2015px) 100vw, 2015px\" \/><\/a><figcaption id=\"caption-attachment-10358\" class=\"wp-caption-text\">N\u011bkter\u00e9 borky MORAVEC Teamu prokazuj\u00ed pozoruhodn\u00e9 gymnastick\u00e9 vlohy. Jako nap\u0159\u00edklad Ja\u0148ula&#8230;<\/figcaption><\/figure>\n<p style=\"text-align: justify;\">Tr\u00e9nink nastartovalo rozklus\u00e1n\u00ed s n\u00e1slednou rozcvi\u010dkou, p\u0159i kter\u00e9 cvi\u010denci poctiv\u011b rozh\u00fdbali cel\u00e9 t\u011blo. N\u00e1sledovala relaxa\u010dn\u00ed a obl\u00edben\u00e1 vybi\u0161ka, aby cvi\u010dko pokra\u010dovalo dynamick\u00fdmi z\u00e1vody \u0161tafet. Borci a borky se roz\u010dlenili na dv\u011b \u00fadern\u00e9 grupy, kter\u00fdch byli kapit\u00e1ni V\u00edtek s Luk\u00e1\u0161em. Z\u00e1vodilo se na klasick\u00e9 dr\u00e1ze: nejd\u0159\u00edve kotouly, potom p\u0159eb\u011bh p\u0159es lavi\u010dku, hopsnut\u00ed do d\u00edlu od \u0161v\u00e9dsk\u00e9 bedny, dotek zadn\u00ed zdi a slalom zp\u011bt, to v\u0161e samoz\u0159ejm\u011b va maxim\u00e1ln\u00edm mo\u017en\u00e9m tempu! Dru\u017estva se poda\u0159ilo konfigurovat jako vz\u00e1cn\u011b vyrovnan\u00e1, tak\u017ee se vesm\u011bs o prvenstv\u00ed v jednotliv\u00fdch d\u00edl\u010d\u00edch z\u00e1vodech spravedliv\u011b p\u0159etahovala.<\/p>\n<figure id=\"attachment_10359\" aria-describedby=\"caption-attachment-10359\" style=\"width: 1493px\" class=\"wp-caption alignnone\"><a href=\"http:\/\/www.moravecteam.cz\/?attachment_id=10359\" rel=\"attachment wp-att-10359\"><img decoding=\"async\" loading=\"lazy\" class=\" wp-image-10359\" alt=\"018\" src=\"http:\/\/www.moravecteam.cz\/wp-content\/uploads\/2017\/11\/018.jpg\" width=\"1493\" height=\"1499\" srcset=\"https:\/\/www.moravecteam.cz\/wp-content\/uploads\/2017\/11\/018.jpg 1493w, https:\/\/www.moravecteam.cz\/wp-content\/uploads\/2017\/11\/018-25x25.jpg 25w, https:\/\/www.moravecteam.cz\/wp-content\/uploads\/2017\/11\/018-298x300.jpg 298w, https:\/\/www.moravecteam.cz\/wp-content\/uploads\/2017\/11\/018-1019x1024.jpg 1019w\" sizes=\"(max-width: 1493px) 100vw, 1493px\" \/><\/a><figcaption id=\"caption-attachment-10359\" class=\"wp-caption-text\">Tr\u00e9nikov\u00e1 klasika &#8211; z\u00e1vod \u0161tafet. Nad lavi\u010dkou v pln\u00e9 rychlosti Am\u00e1lka.<\/figcaption><\/figure>\n<p style=\"text-align: justify;\">Po \u0161tafet\u00e1ch p\u0159i\u0161la letos premo\u00e9rov\u011b na \u0159adu &#8222;posunovan\u00e1&#8220; neboli z\u00e1vody v &#8222;lo\u010fk\u00e1ch&#8220; (ka\u017ed\u00fd \u010dlen dru\u017estva musel\u00a0 \u00a0postupn\u011b pouh\u00fdm nasko\u010den\u00edm v le\u017ee na b\u0159icho na \u017e\u00edn\u011bnku tuto postupn\u011b posouvat z jednoho konce t\u011blocvi\u010dny ke druh\u00e9mu konci). Tato &#8211; jak \u0159\u00edk\u00e1 s oblibou Libor Barto\u0161 &#8222;ta\u0161ka\u0159ice&#8220; &#8211; d\u011bti hodn\u011b pobavila ale hlavn\u011b: z\u00e1bavnou formou do\u0161lo op\u011bt k n\u00e1cviku silov\u00e9 dynamiky a p\u0159i tom\u00a0 pohybov\u00e9 koordinace, souhry&#8230;\u00a0 V rychl\u00e9m tempu cvi\u010den\u00ed pokra\u010dovalo p\u0159eb\u011bhy a p\u0159eskoky t\u011blocvi\u010dny &#8222;pod\u00e9l&#8220;, p\u0159i\u010dem\u017e na\u0161e &#8222;mlad\u00e9 pu\u0161ky&#8220;\u00a0 zodpov\u011bdn\u011b vyst\u0159\u00eddali \u017eab\u00e1ky, skoky po jedn\u00e9 a druh\u00e9 noze, ka\u010denky, raky, psy&#8230;).<\/p>\n<figure id=\"attachment_10360\" aria-describedby=\"caption-attachment-10360\" style=\"width: 1303px\" class=\"wp-caption alignnone\"><a href=\"http:\/\/www.moravecteam.cz\/?attachment_id=10360\" rel=\"attachment wp-att-10360\"><img decoding=\"async\" loading=\"lazy\" class=\" wp-image-10360\" alt=\"030\" src=\"http:\/\/www.moravecteam.cz\/wp-content\/uploads\/2017\/11\/030.jpg\" width=\"1303\" height=\"1520\" srcset=\"https:\/\/www.moravecteam.cz\/wp-content\/uploads\/2017\/11\/030.jpg 1303w, https:\/\/www.moravecteam.cz\/wp-content\/uploads\/2017\/11\/030-257x300.jpg 257w, https:\/\/www.moravecteam.cz\/wp-content\/uploads\/2017\/11\/030-877x1024.jpg 877w\" sizes=\"(max-width: 1303px) 100vw, 1303px\" \/><\/a><figcaption id=\"caption-attachment-10360\" class=\"wp-caption-text\">A op\u011bt n\u00e1znak gymnastick\u00e9ho prvku? Zitu\u0161ka nad kladinou? Nenechte se m\u00fdlit&#8230; Zdol\u00e1v\u00e1 pr\u00e1v\u011b bravurn\u011b &#8222;na raka&#8220; lavi\u010dku p\u0159i \u0161tafet\u00e1ch&#8230;<\/figcaption><\/figure>\n<p style=\"text-align: justify;\">Ve fin\u00e1lov\u00e9 \u010d\u00e1sti tr\u00e9niku nemohla chyab\u011bt M\u00ed\u0161ina specialita, kterou n\u00e1s pr\u00e1v\u011b ona nau\u010dila, a kterou maj\u00ed d\u011bti tak r\u00e1dy: hra na &#8222;krab\u00edky&#8220;! V\u0161e vyvrcholilo &#8211; tak\u00e9 letos poprv\u00e9 &#8211;\u00a0 florbalem! Na f\u00e9rovku si to rozdala dv\u011b u\u017e na za\u010d\u00e1tku sestaven\u00e1 dru\u017estva, hr\u00e1lo se vz\u00e1cn\u011b bez faul\u016f\u00a0 a po urputn\u00e9m boji zv\u00edt\u011bzilo dru\u017estvo Luk\u00e1\u0161e 2 : 1 nad V\u00edtkov\u00fdm &#8222;man\u010daftem&#8220;. \u00daplnou te\u010dkou pak byl n\u00e1cvik pro bikera tolik d\u016fle\u017eit\u00fdch startovn\u00edch reakc\u00ed. V\u0161e dovr\u0161il n\u00e1stup s d\u011bkova\u010dkou st\u0159ede\u010dn\u00ed bezva tren\u00e9rky v\u0161em poctiv\u00fdm &#8222;pracant\u016fm&#8220; a nechyb\u011blo na \u00fapln\u00fd konec\u00a0 ani tradi\u010dn\u00ed, bojov\u00e9 &#8222;Zdarec Moraaav\u00e9\u00e9\u00e9\u00e9ccc!&#8220; A dv\u011b hodiny utekly, ani nikdo nev\u011bd\u011bl jak&#8230;. Zde mrkn\u011bte na pr\u016fkaznou<strong> <a href=\"http:\/\/moravecteam.rajce.idnes.cz\/2017.11.22_Cviceni_v_telocvicne\/\">supr fotogalerii<\/a>..<\/strong><\/p>\n<p style=\"text-align: justify;\">\n","protected":false},"excerpt":{"rendered":"<p>Jedno z dosavadn\u00edch platn\u00fdch &#8222;P\u0159ik\u00e1z\u00e1n\u00ed MORAVEC Teamu&#8220; &#8211; jak si jist\u011b dob\u0159e v\u0161ichni pamatujeme &#8211; zn\u00ed: &#8222;Jeden za v\u0161echny &#8211; v\u0161ichni za jednoho!&#8220; P\u0159i t\u0159et\u00edm st\u0159ede\u010dn\u00edm cvi\u010den\u00ed v bene\u0161ovsk\u00e9 t\u011blocvi\u010dn\u011b bylo &#8211; by\u0165 ve zjednodu\u0161en\u00e9 form\u011b &#8211; napln\u011bno, kdy\u017e M\u00ed\u0161a zasko\u010dila za Petra jako &#8222;Head&#8220; cvi\u010ditel. Vydatn\u011b j\u00ed pomohl i tren\u00e9r Milan se sv\u00fdm asistentem &hellip; <a href=\"https:\/\/www.moravecteam.cz\/?p=10354\" class=\"more-link\">Pokra\u010dov\u00e1n\u00ed textu <span class=\"screen-reader-text\">St\u0159eda s M\u00ed\u0161ou<\/span> <span class=\"meta-nav\">&rarr;<\/span><\/a><\/p>\n","protected":false},"author":3,"featured_media":10363,"comment_status":"open","ping_status":"closed","sticky":false,"template":"","format":"standard","meta":[],"categories":[9],"tags":[],"_links":{"self":[{"href":"https:\/\/www.moravecteam.cz\/index.php?rest_route=\/wp\/v2\/posts\/10354"}],"collection":[{"href":"https:\/\/www.moravecteam.cz\/index.php?rest_route=\/wp\/v2\/posts"}],"about":[{"href":"https:\/\/www.moravecteam.cz\/index.php?rest_route=\/wp\/v2\/types\/post"}],"author":[{"embeddable":true,"href":"https:\/\/www.moravecteam.cz\/index.php?rest_route=\/wp\/v2\/users\/3"}],"replies":[{"embeddable":true,"href":"https:\/\/www.moravecteam.cz\/index.php?rest_route=%2Fwp%2Fv2%2Fcomments&post=10354"}],"version-history":[{"count":3,"href":"https:\/\/www.moravecteam.cz\/index.php?rest_route=\/wp\/v2\/posts\/10354\/revisions"}],"predecessor-version":[{"id":10364,"href":"https:\/\/www.moravecteam.cz\/index.php?rest_route=\/wp\/v2\/posts\/10354\/revisions\/10364"}],"wp:featuredmedia":[{"embeddable":true,"href":"https:\/\/www.moravecteam.cz\/index.php?rest_route=\/wp\/v2\/media\/10363"}],"wp:attachment":[{"href":"https:\/\/www.moravecteam.cz\/index.php?rest_route=%2Fwp%2Fv2%2Fmedia&parent=10354"}],"wp:term":[{"taxonomy":"category","embeddable":true,"href":"https:\/\/www.moravecteam.cz\/index.php?rest_route=%2Fwp%2Fv2%2Fcategories&post=10354"},{"taxonomy":"post_tag","embeddable":true,"href":"https:\/\/www.moravecteam.cz\/index.php?rest_route=%2Fwp%2Fv2%2Ftags&post=10354"}],"curies":[{"name":"wp","href":"https:\/\/api.w.org\/{rel}","templated":true}]}}