{"id":10439,"date":"2017-11-27T22:05:02","date_gmt":"2017-11-27T21:05:02","guid":{"rendered":"http:\/\/www.moravecteam.cz\/?p=10439"},"modified":"2017-11-27T22:38:27","modified_gmt":"2017-11-27T21:38:27","slug":"gripeny-to-videly","status":"publish","type":"post","link":"https:\/\/www.moravecteam.cz\/?p=10439","title":{"rendered":"Gripeny to vid\u011bly&#8230;"},"content":{"rendered":"<p style=\"text-align: justify;\"><strong><span style=\"color: #800000;\">Ne mnoho leteck\u00fdch z\u00e1kladen v n\u011bkdej\u0161\u00edm \u010ceskoslovensku m\u011blo to \u0161t\u011bst\u00ed, \u017ee &#8222;p\u0159e\u017eily&#8220; konec studen\u00e9 v\u00e1lky, kter\u00fd se v\u0161eobecn\u011b datuje historick\u00fdm, revolu\u010dn\u00edm rokem 1989. St\u0159edo\u010desk\u00e1 \u010c\u00e1slav\u00a0to \u0161t\u011bst\u00ed m\u011bla a tak zde dislokovan\u00e9 (nejen) mezin\u00e1rodn\u011b uzn\u00e1van\u00e9 stroje <a href=\"http:\/\/www.afbcaslav.cz\/\">JAS &#8211; 39 Gripen<\/a>\u00a0 mohly b\u00fdt posledn\u00ed listopadovou ned\u011bli tich\u00fdmi a ne\u0161kodn\u00fdmi sv\u011bdky dev\u00e1t\u00e9ho,\u00a0 z\u00e1vodu \u010cesk\u00e9ho cyklokrosov\u00e9ho poh\u00e1ru v ml\u00e1de\u017enick\u00fdch kategori\u00edch. A i zde zavl\u00e1l prapor MORAVEC Teamu hodn\u011b vysoko, dokonce letos, zat\u00edm (v jist\u00e9m smyslu), \u00fapln\u011b nejv\u00fd\u0161!<\/span><\/strong><\/p>\n<figure id=\"attachment_10459\" aria-describedby=\"caption-attachment-10459\" style=\"width: 1334px\" class=\"wp-caption alignnone\"><a href=\"http:\/\/www.moravecteam.cz\/?attachment_id=10459\" rel=\"attachment wp-att-10459\"><img decoding=\"async\" loading=\"lazy\" class=\" wp-image-10459\" alt=\"IMG_2007\" src=\"http:\/\/www.moravecteam.cz\/wp-content\/uploads\/2017\/11\/IMG_2007.jpg\" width=\"1334\" height=\"1336\" srcset=\"https:\/\/www.moravecteam.cz\/wp-content\/uploads\/2017\/11\/IMG_2007.jpg 1334w, https:\/\/www.moravecteam.cz\/wp-content\/uploads\/2017\/11\/IMG_2007-25x25.jpg 25w, https:\/\/www.moravecteam.cz\/wp-content\/uploads\/2017\/11\/IMG_2007-300x300.jpg 300w, https:\/\/www.moravecteam.cz\/wp-content\/uploads\/2017\/11\/IMG_2007-1022x1024.jpg 1022w\" sizes=\"(max-width: 1334px) 100vw, 1334px\" \/><\/a><figcaption id=\"caption-attachment-10459\" class=\"wp-caption-text\">\u017d\u00e1kovsk\u00fd objev leto\u0161n\u00ed bikov\u00e9 sez\u00f3ny &#8211; Eli\u0161ka Han\u00e1kov\u00e1 &#8211; se na cyklokrosov\u00fd speci\u00e1l adaptovala velice rychle a velmi zdatn\u011b!<\/figcaption><\/figure>\n<p style=\"text-align: justify;\">Podobn\u011b, jako na p\u0159edchoz\u00edch dvou\u00a0cyklokrosov\u00fdch bitv\u00e1ch\u00a0na &#8222;Moravsk\u00e9m poli&#8220; (Uni\u010dov, Ostrava) n\u00e1s i v \u0106\u00e1slavi reprezentovala\u00a0 pouze talentovan\u00e1, v\u011bkem je\u0161t\u011b \u017e\u00e1kyn\u011b, <span style=\"color: #800000;\"><strong>Eli\u0161ka Han\u00e1kov\u00e1, <\/strong><\/span>\u00a0kter\u00e1 z\u016fstala aktu\u00e1ln\u011b bohu\u017eel jako samojedinn\u00e1 z p\u016fvodn\u011b sedmi\u010dlen\u00e9 &#8222;do\u010dasn\u00e9 cyklokrosov\u00e9 roty&#8220; MORAVEC Teamu, zkonfigurovan\u00e9 na konci leto\u0161n\u00edho z\u00e1\u0159\u00ed&#8230; Z\u00e1vod v \u010c\u00e1slavi m\u016f\u017ee &#8222;Elis&#8220; br\u00e1t jako trpk\u00fd &#8222;podzimn\u00ed sb\u011br&#8220; zku\u0161nost\u00ed&#8230; Hned na starotovn\u00ed \u010d\u00e1\u0159e se j\u00ed kr\u00e1tce po v\u00fdst\u0159elu startera smeknul \u0159et\u011bz. Smeknul se tak ne\u0161\u0165astn\u011b, \u017ee se &#8222;seknul&#8220;, ne\u0161el voln\u011b nasadit&#8230; Okam\u017eik, kter\u00fd ud\u011bl\u00e1 \u010dasto velk\u00fd probl\u00e9m zku\u0161en\u00fdm rajdr\u016fm a kdy\u00a0obvykle pom\u016f\u017ee a\u017e zku\u0161en\u00e1, pevn\u00e1 a r\u00e1zn\u00e1 ruka mechanikova&#8230; Ta se na\u0161t\u011bst\u00ed dostavila, pomohla a \u00a0Eli\u0161ka\u00a0 i po zvl\u00e1dnut\u00ed tohoto kritick\u00e9ho okam\u017eiku, kter\u00fd znamenal samoz\u0159ejm\u011b hned na startu\u00a0zna\u010dnou ztr\u00e1tu na soupe\u0159ky, uk\u00e1zala srdce bojovnice &#8222;lvice Elsy&#8220;! Z\u00e1vod nezabalila a postupn\u011b stahovala n\u00e1skok soupe\u0159ek a do c\u00edle jich dokonce stihla i n\u011bkolik p\u0159edjet!<\/p>\n<p style=\"text-align: justify;\">Bravo MORAVEC a d\u00edky za p\u0159\u00edkladnou bojovnost! Jak se \u0159\u00edk\u00e1, v\u0161echno zl\u00e9 je k n\u011b\u010demu dobr\u00e9&#8230; L\u00e9pe, kdy\u017e se toto stalo v \u010c\u00e1slavi, ne\u017e kdyby se to stalo na nezadr\u017eiteln\u011b se bl\u00ed\u017e\u00edc\u00edm &#8222;d\u011btsk\u00e9m&#8220; mistr\u00e1ku za 14 dn\u016f v Kol\u00edn\u011b nebo nedej bo\u017ee &#8211; a te\u010f se d\u00edv\u00e1m hodn\u011b &#8222;za kopec&#8220; &#8211; p\u0159i n\u011bjak\u00e9 d\u016fle\u017eit\u00e9 cyklistick\u00e9 race evropsk\u00e9ho, sv\u011btov\u00e9ho \u010di t\u0159eba i olympijsk\u00e9ho kalibru&#8230; Pro na\u0161e mechaniky jsou ale opakovan\u00e9 probl\u00e9my Eli\u0161ky s \u0159et\u011bzem ur\u010dit\u011b d\u016fvodem k zamy\u0161len\u00ed&#8230;<\/p>\n<figure id=\"attachment_10460\" aria-describedby=\"caption-attachment-10460\" style=\"width: 582px\" class=\"wp-caption alignnone\"><a href=\"http:\/\/www.moravecteam.cz\/?attachment_id=10460\" rel=\"attachment wp-att-10460\"><img decoding=\"async\" loading=\"lazy\" class=\" wp-image-10460\" alt=\"IMG_1999a\" src=\"http:\/\/www.moravecteam.cz\/wp-content\/uploads\/2017\/11\/IMG_1999a.jpg\" width=\"582\" height=\"691\" srcset=\"https:\/\/www.moravecteam.cz\/wp-content\/uploads\/2017\/11\/IMG_1999a.jpg 582w, https:\/\/www.moravecteam.cz\/wp-content\/uploads\/2017\/11\/IMG_1999a-252x300.jpg 252w\" sizes=\"(max-width: 582px) 100vw, 582px\" \/><\/a><figcaption id=\"caption-attachment-10460\" class=\"wp-caption-text\">Charismatick\u00fd slun\u00ed\u010dkov\u00fd \u00fasm\u011bv Ad\u00e9lu \u0160af\u00e1\u0159ovou neopou\u0161t\u00ed snad ani na okam\u017eik! Pohod\u00e1\u0159ka z Boskovic m\u00ed\u0159\u00ed nezadr\u017eiteln\u011b mezi \u017eenskou cyklistickou sv\u011btovou \u0161pi\u010dku&#8230;<\/figcaption><\/figure>\n<p style=\"text-align: justify;\">\u0158\u00edk\u00e1te si: Kdy\u017e Eli\u0161ka Han\u00e1kov\u00e1 zajela smoln\u00fd z\u00e1vod (27. m\u00edsto), pro\u010d se v z\u00e1hlav\u00ed aktuality p\u00ed\u0161e, \u017ee nad \u010c\u00e1slav\u00ed zavl\u00e1l pomysln\u011b prapor MORAVEC Teamu hodn\u011b vysoko? D\u016fle\u017eit\u00e9 v tomto p\u0159\u00edpad\u011b je v\u00fd\u0161e uveden\u00e9 souslov\u00ed &#8211;\u00a0&#8222;v jist\u00e9m smyslu&#8220;&#8230; Toto souslov\u00ed znamen\u00e1, \u017ee n\u00e1\u0161 prapor u m\u00edstn\u00ed &#8222;Air Force Base&#8220; zavl\u00e1l vysoko d\u00edky na\u0161im\u00a0odchovanc\u016fm, Ad\u00e9le Saf\u00e1\u0159ov\u00e9 a Tom\u00e1\u0161i Tlamkovi &#8222;Contadorovi&#8220; (oba toho \u010dasu Nutrend Specialized Team), kter\u00fdch se samoz\u0159ejm\u011b v \u017e\u00e1dn\u00e9m p\u0159\u00edpad\u011b nez\u0159\u00edk\u00e1me, i kdy\u017e aktu\u00e1ln\u011b\u00a0 obl\u00e9kaj\u00ed jin\u00fd dres, a kter\u00fdm samoz\u0159ejm\u011b fand\u00edme a \u00fasp\u011bchy jim p\u0159ejeme (p\u0159i t\u00e9to p\u0159\u00edle\u017eitosti p\u0159ipomenu 2. p\u0159ik\u00e1z\u00e1n\u00ed MORAVEC Teamu &#8211; <span style=\"color: #800000;\"><strong>&#8222;\u00dasp\u011bch si vz\u00e1jemn\u011b p\u0159ejeme, nikoli z\u00e1vid\u00edme..!<\/strong><\/span>)&#8230;\u00a0 A jsem p\u0159esv\u011bd\u010den, \u017ee ani oni n\u00e1s &#8211; a\u0165 u\u017e v budoucnu budou \u010di nebudou (j\u00e1 v\u011b\u0159\u00edm \u017ee budou) jakkoli slavn\u00ed a \u00fasp\u011b\u0161n\u00ed &#8211; nikdy nezap\u0159ou&#8230; (Ur\u010do nebudou jako ten Petr, co v\u00edce ne\u017e dv\u011bma tis\u00edcovkami let, zap\u0159el v kritick\u00e9 chv\u00edli v rychl\u00e9m sledu sv\u00e9ho &#8222;Velk\u00e9ho \u0160\u00e9fa&#8220;, ne\u017e kohout zakokrhal, dokonce t\u0159ikr\u00e1t&#8230;)&#8230;<\/p>\n<p style=\"text-align: justify;\"><span style=\"color: #800000;\"><strong>Ad\u00e9la \u0160af\u00e1\u0159ov\u00e1<\/strong><\/span> dojela v OPEN z\u00e1vod\u011b \u017een\u00a0 na v\u00fdborn\u00e9m 2. m\u00edst\u011b! Op\u011bt m\u016f\u017eete nam\u00edtnout: &#8222;No to je toho&#8230; V\u017edy\u0165 z\u00e1vod v \u010c\u00e1slavi nebyl pro kategorie mu\u017e\u016f a \u017een vyps\u00e1n, konkurence tam tedy nemohla b\u00fdt valn\u00e1&#8230;.&#8220; Ano, m\u00e1te pravdu, ale je pot\u0159eba se na v\u011bc pod\u00edvat v \u0161ir\u0161\u00edch souvislostech: Den p\u0159ed \u010c\u00e1slav\u00ed jela &#8222;Adys&#8220; cyklokrosov\u00fd &#8222;sv\u011b\u0165\u00e1k&#8220; <strong><a href=\"http:\/\/www.cyklokros.cz\/cz\/cyklokros-cz\/aktuality\/827-junior-kopecky-opet-na-bedne-dnes-skoncil-druhy\">v n\u011bmeck\u00e9m Zevenu<\/a><\/strong> (29. m\u00edsto) a z tohoto \u00fahlu pohledu, uv\u00e1\u017e\u00edme-li n\u00e1ro\u010dnou sobotn\u00ed &#8222;sv\u011b\u0165\u00e1kovou hoknu&#8220; + p\u0159esun z N\u011bmecka do \u010ceska, nezb\u00fdv\u00e1 ne\u017e p\u0159ed Ad\u00e9lou smeknout a hluboce obdivovat jej\u00ed v\u00fddr\u017e a nezlomnou odolnost&#8230; A co se t\u00fd\u010de konkurence &#8211; \u010c\u00e1slav si po Zevenu &#8222;st\u0159ihla&#8220; t\u00e9\u017e z pilnosti Pavla Havl\u00edkov\u00e1, kter\u00e9 jako jedin\u00e9 \u00a0Ad\u00e9la nesta\u010dila&#8230; Zkr\u00e1tka: Bravo &#8222;Adys&#8220;! Blahop\u0159ejeme! M\u016f\u017eete proti tomu protestovat, m\u016f\u017eete s t\u00edm nesouhlasit&#8230; Ale to je asi tak v\u0161echno, co s t\u00edm m\u016f\u017eete d\u011blat&#8230; Pro \u00faplnost, kdy\u017e u\u017e jsme u v\u00fdsledk\u016f Ad\u00e9ly \u0160af\u00e1\u0159ov\u00e9 v leto\u0161n\u00edm cyklokrosov\u00e9m Sv\u011btov\u00e9m poh\u00e1ru je\u0161t\u011b dod\u00e1m, \u017ee p\u0159ed t\u00fddnem dojela <strong><a href=\"http:\/\/www.cyklokros.cz\/cz\/cyklokros-cz\/aktuality\/824-skvely-kopecky-vyhral-zavod-junioru\">v d\u00e1nsk\u00e9m Bogense<\/a><\/strong> na 33. m\u00edst\u011b. V\u0161e nasv\u011bd\u010duje tomu, \u017ee by j\u00ed nominace na cyklokrosov\u00e9 Mistrovstv\u00ed sv\u011bta nem\u011bla uniknout&#8230; Budeme dr\u017eet palce..!<\/p>\n<figure id=\"attachment_10461\" aria-describedby=\"caption-attachment-10461\" style=\"width: 630px\" class=\"wp-caption alignnone\"><a href=\"http:\/\/www.moravecteam.cz\/?attachment_id=10461\" rel=\"attachment wp-att-10461\"><img decoding=\"async\" loading=\"lazy\" class=\" wp-image-10461 \" alt=\"IMG_1999\" src=\"http:\/\/www.moravecteam.cz\/wp-content\/uploads\/2017\/11\/IMG_1999.jpg\" width=\"630\" height=\"626\" srcset=\"https:\/\/www.moravecteam.cz\/wp-content\/uploads\/2017\/11\/IMG_1999.jpg 630w, https:\/\/www.moravecteam.cz\/wp-content\/uploads\/2017\/11\/IMG_1999-25x25.jpg 25w, https:\/\/www.moravecteam.cz\/wp-content\/uploads\/2017\/11\/IMG_1999-300x298.jpg 300w\" sizes=\"(max-width: 630px) 100vw, 630px\" \/><\/a><figcaption id=\"caption-attachment-10461\" class=\"wp-caption-text\">Dal\u0161\u00ed pohod\u00e1\u0159 od &#8222;Rud\u00fdch \u010e\u00e1bl\u016f&#8220; Viktora Zapletala &#8211; Tom\u00e1\u0161 Tlamka &#8222;Contador&#8220;: &#8222;Ano, jen kola zdolaj v\u00fdmoly&#8230; A je mi jedno, zda horsk\u00e1 nebo cyklokrosov\u00e1..!&#8220; V \u010c\u00e1slavi Tom\u00e1\u0161 potvrdil nesporn\u00e9 cyklokrosa\u0159sk\u00e9 vlohy a kavality.<\/figcaption><\/figure>\n<p style=\"text-align: justify;\">A <strong><span style=\"color: #800000;\">Tom\u00e1\u0161 Tlamka &#8222;Contador&#8220;<\/span><\/strong>? Vid\u011bli jsme ho z\u00e1vodit v Uni\u010dov\u011b, kde mu ke zlatu chyb\u011blo nicotn\u00fdch p\u011bt vte\u0159inek&#8230; U\u017e tam se cyklokrosov\u00ed odborn\u00edci shodovali, \u017ee i p\u0159es devades\u00e1tidenn\u00ed tr\u00e9ninkov\u00fd v\u00fdpadek v \u00favodu sez\u00f3ny kv\u016fli nemoci, je schopen zajet n\u011bkter\u00fd z leto\u0161n\u00edch poh\u00e1rov\u00fdch cyklokros\u016f &#8222;na bednu&#8220;. Jejich progn\u00f3za se naplnila u\u017e z\u00e1vodem v \u010c\u00e1slavi, kde Tom\u00e1\u0161 dojel na bronzov\u00e9m stup\u00ednku! Bravo i &#8222;Contador&#8220;! Blahop\u0159ejeme! Zde studujte <strong><a href=\"http:\/\/www.cyklokros.cz\/cz\/toi-toi-cup\/toi-toi-cup-2017\/caslav\/vysledky\">\u010d\u00e1slavsk\u00fd v\u00fdsledkov\u00fd servis<\/a><\/strong>, kter\u00fd napov\u00edd\u00e1, \u017ee v celkov\u00e9m po\u0159ad\u00ed figuruje Eli\u0161ka Han\u00e1kov\u00e1 mezi kadetkami na 27. m\u00edst\u011b a Tom\u00e1\u0161 Tlamka &#8222;Contador&#8220; zat\u00edm dr\u017e\u00ed ve stejn\u00e9 kategorii chlapc\u016f v\u00fdbornou 4. pozici!<\/p>\n","protected":false},"excerpt":{"rendered":"<p>Ne mnoho leteck\u00fdch z\u00e1kladen v n\u011bkdej\u0161\u00edm \u010ceskoslovensku m\u011blo to \u0161t\u011bst\u00ed, \u017ee &#8222;p\u0159e\u017eily&#8220; konec studen\u00e9 v\u00e1lky, kter\u00fd se v\u0161eobecn\u011b datuje historick\u00fdm, revolu\u010dn\u00edm rokem 1989. St\u0159edo\u010desk\u00e1 \u010c\u00e1slav\u00a0to \u0161t\u011bst\u00ed m\u011bla a tak zde dislokovan\u00e9 (nejen) mezin\u00e1rodn\u011b uzn\u00e1van\u00e9 stroje JAS &#8211; 39 Gripen\u00a0 mohly b\u00fdt posledn\u00ed listopadovou ned\u011bli tich\u00fdmi a ne\u0161kodn\u00fdmi sv\u011bdky dev\u00e1t\u00e9ho,\u00a0 z\u00e1vodu \u010cesk\u00e9ho cyklokrosov\u00e9ho poh\u00e1ru v ml\u00e1de\u017enick\u00fdch &hellip; <a href=\"https:\/\/www.moravecteam.cz\/?p=10439\" class=\"more-link\">Pokra\u010dov\u00e1n\u00ed textu <span class=\"screen-reader-text\">Gripeny to vid\u011bly&#8230;<\/span> <span class=\"meta-nav\">&rarr;<\/span><\/a><\/p>\n","protected":false},"author":3,"featured_media":10450,"comment_status":"open","ping_status":"closed","sticky":false,"template":"","format":"standard","meta":[],"categories":[1],"tags":[],"_links":{"self":[{"href":"https:\/\/www.moravecteam.cz\/index.php?rest_route=\/wp\/v2\/posts\/10439"}],"collection":[{"href":"https:\/\/www.moravecteam.cz\/index.php?rest_route=\/wp\/v2\/posts"}],"about":[{"href":"https:\/\/www.moravecteam.cz\/index.php?rest_route=\/wp\/v2\/types\/post"}],"author":[{"embeddable":true,"href":"https:\/\/www.moravecteam.cz\/index.php?rest_route=\/wp\/v2\/users\/3"}],"replies":[{"embeddable":true,"href":"https:\/\/www.moravecteam.cz\/index.php?rest_route=%2Fwp%2Fv2%2Fcomments&post=10439"}],"version-history":[{"count":21,"href":"https:\/\/www.moravecteam.cz\/index.php?rest_route=\/wp\/v2\/posts\/10439\/revisions"}],"predecessor-version":[{"id":10471,"href":"https:\/\/www.moravecteam.cz\/index.php?rest_route=\/wp\/v2\/posts\/10439\/revisions\/10471"}],"wp:featuredmedia":[{"embeddable":true,"href":"https:\/\/www.moravecteam.cz\/index.php?rest_route=\/wp\/v2\/media\/10450"}],"wp:attachment":[{"href":"https:\/\/www.moravecteam.cz\/index.php?rest_route=%2Fwp%2Fv2%2Fmedia&parent=10439"}],"wp:term":[{"taxonomy":"category","embeddable":true,"href":"https:\/\/www.moravecteam.cz\/index.php?rest_route=%2Fwp%2Fv2%2Fcategories&post=10439"},{"taxonomy":"post_tag","embeddable":true,"href":"https:\/\/www.moravecteam.cz\/index.php?rest_route=%2Fwp%2Fv2%2Ftags&post=10439"}],"curies":[{"name":"wp","href":"https:\/\/api.w.org\/{rel}","templated":true}]}}