{"id":10451,"date":"2017-11-27T22:06:34","date_gmt":"2017-11-27T21:06:34","guid":{"rendered":"http:\/\/www.moravecteam.cz\/?p=10451"},"modified":"2017-12-01T06:50:36","modified_gmt":"2017-12-01T05:50:36","slug":"co-se-bude-dit-st48-3","status":"publish","type":"post","link":"https:\/\/www.moravecteam.cz\/?p=10451","title":{"rendered":"Co se bude d\u00edt? (ST48)-2"},"content":{"rendered":"<h5><span style=\"color: #800000;\">St\u0159eda 29.11.2017<\/span><\/h5>\n<p style=\"text-align: justify;\">Cvi\u010den\u00ed s po\u0159adov\u00fdm \u010d\u00edslem 4 v bene\u0161ovsk\u00e9 t\u011blocvi\u010dn\u011b v\u00a0r\u00e1mci zimn\u00ed p\u0159\u00edpravy &#8211; zam\u011b\u0159eno na d\u011bti do 12-ti let v\u010detn\u011b (cvi\u010dit ale s n\u00e1mi m\u016f\u017eou i star\u0161\u00ed d\u011bti, rodi\u010de, prarodi\u010de&#8230;).\u00a0Cvi\u010den\u00ed povede Petr a \u00a0budeme s sebou mrskat, v obvykl\u00e9m \u010dase od 16.30 do 18.30.<\/p>\n<h5><span style=\"color: #800000;\">P\u00e1tek 1.12. 2017<\/span><\/h5>\n<ul>\n<li style=\"text-align: justify;\">T\u0159et\u00ed cvi\u010den\u00ed v bene\u0161ovsk\u00e9 t\u011blocvi\u010dn\u011b r\u00e1mci zimn\u00ed p\u0159\u00edpravy &#8211; &#8222;Vojtovy kapky&#8220;&#8230; Zam\u011b\u0159eno na d\u011bti\u00a0od 13-ti let v\u010detn\u011b a star\u0161\u00ed (cvi\u010dit ale s n\u00e1mi m\u016f\u017eou i star\u0161\u00ed d\u011bti, rodi\u010de, prarodi\u010de&#8230;).\u00a0Cvi\u010dit budeme od 18.00 do 20.00 hod.<\/li>\n<li style=\"text-align: justify;\"><span style=\"color: #000000;\">Odjezd do\u010dasn\u00e9 cyklokrosov\u00e9 roty MORAVEC Teamu na p\u0159edposledn\u00ed z\u00e1vod \u010cP v cyklokrosu v Milovic\u00edch. Jedn\u00e1 se o z\u00e1vod kategorie C2, zde studujte<\/span><strong>\u00a0<a href=\"http:\/\/www.cyklokros.cz\/data\/web\/toitoicup\/2017\/milovice_propozice_2017.pdf\">propozice<\/a>.<\/strong><span style=\"font-size: 16px; font-weight: 400;\">\u00a0\u00da\u010dast a dopravu si ka\u017ed\u00fd zaji\u0161\u0165uje s\u00e1m, t\u00fdmov\u00e9 z\u00e1zem\u00ed doprav\u00ed do Milovic odd\u00edlovou dod\u00e1vkou Tonda Han\u00e1k.\u00a0<\/span><\/li>\n<\/ul>\n<h5 style=\"text-align: justify;\"><span style=\"color: #800000;\">Sobota 2.12. 2017<\/span><\/h5>\n<ul>\n<li>\n<div style=\"text-align: justify;\">\u00da\u010dast do\u010dasn\u00e9 cyklokrosov\u00e9 roty MORAVEC Teamu na p\u0159edposledn\u00edm z\u00e1vod\u011b \u010cP v cyklokrosu v Milovic\u00edch. Jedn\u00e1 se o z\u00e1vod kategorie C2, zde studujte\u00a0<strong><a href=\"http:\/\/www.cyklokros.cz\/data\/web\/toitoicup\/2017\/milovice_propozice_2017.pdf\">propozice<\/a>.<\/strong> Operace m\u00e1 volac\u00ed znak <strong><span style=\"color: #800000;\">FEDERACE<\/span><\/strong>.<\/div>\n<\/li>\n<li style=\"text-align: justify;\">Druh\u00fd z\u00e1vod Brn\u011bnsk\u00e9ho b\u011b\u017eeck\u00e9ho poh\u00e1ru &#8211; Mikul\u00e1\u0161sk\u00fd b\u011bh na Okrouhl\u00e9. Zde studujte <strong><a href=\"http:\/\/www.atletikauni.cz\/cz\/s1522\/Kalendar-akci\/Seznam-akci\/c2130-Detail-akce\/ata472-BBP-2-Mikulassky-beh-Okrouhla\">propozice<\/a>, <\/strong>\u00fa\u010dast a dopravu si ka\u017ed\u00fd zaji\u0161\u0165uje s\u00e1m. V\u011b\u0159\u00edm v bohatou \u00fa\u010dast MORAVC\u016e,\u00a0v\u017edy\u0165 z\u00e1vod m\u00e1me prakticky &#8222;pod nosem&#8220;. Zlomte vaz!<\/li>\n<\/ul>\n<h5><span style=\"color: #800000;\">Ned\u011ble 3.12.\u00a02017<\/span><\/h5>\n<p style=\"text-align: justify;\">Dal\u0161\u00ed\u00a0 cyklovyj\u00ed\u017e\u010fka s Hankou a Vlast\u00edkem Odehnalov\u00fdmi. Sraz v 9.30 ve Sportparku Boskovice &#8211; Doubravy, zde\u00a0<strong><a href=\"http:\/\/www.moravecteam.cz\/?p=10120\">mrkn\u011bte na podrobnosti.<\/a>..<\/strong>\u00a0<span style=\"color: #ff0000;\"><strong>POZOR!<\/strong><\/span> <span style=\"color: #ff0000;\">Info pro d\u011bti, kter\u00e9 nebudou mit na v\u00fdji\u017e\u010fce doprovod rodi\u010d\u016f:\u00a0 mus\u00ed s sebou mit n\u00e1hradn\u00ed rukavice, v\u011btrovku na p\u0159ioble\u010deni, pit\u00ed, sva\u010dinu nebo tra\u0165ovku, nehradni du\u0161i ( ne d\u011bravou)! Toto minim\u00e1ln\u00ed vybaven\u00ed bude p\u0159ed j\u00edzdou u d\u011bt\u00ed zkontrolov\u00e1no a kdo je nebude m\u00edt &#8211;\u00a0na v\u00fdj\u00ed\u017e\u010fku <span style=\"text-decoration: underline;\">nepojede!!!<\/span><\/span><\/p>\n<h5><span style=\"color: #993300;\">Akce t\u011bsn\u011b za horizontem<\/span><\/h5>\n<ul>\n<li>16.12. 2017\u00a0&#8211; n\u00e1v\u0161t\u011bva hrobu Vlastimila MORAVCE (sobota)<\/li>\n<li>28.12. 2017\u00a0(\u010dtvrtek) &#8211; v\u00fdro\u010dn\u00ed ro(c)kov\u00e1n\u00ed s ud\u00edlen\u00edm v\u00fdro\u010dn\u00edch cen. Od 15.00 hodin v restauraci Morava Bene\u0161ov.<\/li>\n<li>30.12. 2017\u00a0&#8211; Silvestrovsk\u00fd z\u00e1vod? Silvestrovsk\u00e1 vyj\u00ed\u017e\u010fka? (sobota), je\u0161t\u011b se uvid\u00ed&#8230; Ka\u017edop\u00e1dn\u011b:\u00a0 start \/ c\u00edl v prostoru boskovick\u00e9 st\u0159elnice.<\/li>\n<li>1.1. 2018\u00a0(pond\u011bl\u00ed) &#8211; Novoro\u010dn\u00ed vyj\u00ed\u017e\u010fka &#8211; sm\u011br: Repechy, penzion Lada. Dovol\u00ed-li po\u010das\u00ed&#8230;<\/li>\n<li>3.1. 2018\u00a0&#8211; druh\u00e1 \u010d\u00e1st zimn\u00ed p\u0159\u00edpravy v t\u011blocvi\u010dn\u011b Bene\u0161ov\u00a0 od\u00a0do cca 16.3. ve stejn\u00e9m denn\u00edm \u00a0cyklu a ve stejn\u00fdch\u00a0\u010dasech<\/li>\n<li>20.1. 2018\u00a0&#8211; ples cyklist\u016f 20.1. 2018 (sobota) &#8211; kulturn\u00ed d\u016fm Such\u00fd<\/li>\n<\/ul>\n","protected":false},"excerpt":{"rendered":"<p>St\u0159eda 29.11.2017 Cvi\u010den\u00ed s po\u0159adov\u00fdm \u010d\u00edslem 4 v bene\u0161ovsk\u00e9 t\u011blocvi\u010dn\u011b v\u00a0r\u00e1mci zimn\u00ed p\u0159\u00edpravy &#8211; zam\u011b\u0159eno na d\u011bti do 12-ti let v\u010detn\u011b (cvi\u010dit ale s n\u00e1mi m\u016f\u017eou i star\u0161\u00ed d\u011bti, rodi\u010de, prarodi\u010de&#8230;).\u00a0Cvi\u010den\u00ed povede Petr a \u00a0budeme s sebou mrskat, v obvykl\u00e9m \u010dase od 16.30 do 18.30. P\u00e1tek 1.12. 2017 T\u0159et\u00ed cvi\u010den\u00ed v bene\u0161ovsk\u00e9 t\u011blocvi\u010dn\u011b r\u00e1mci zimn\u00ed &hellip; <a href=\"https:\/\/www.moravecteam.cz\/?p=10451\" class=\"more-link\">Pokra\u010dov\u00e1n\u00ed textu <span class=\"screen-reader-text\">Co se bude d\u00edt? (ST48)-2<\/span> <span class=\"meta-nav\">&rarr;<\/span><\/a><\/p>\n","protected":false},"author":3,"featured_media":10456,"comment_status":"open","ping_status":"closed","sticky":false,"template":"","format":"standard","meta":[],"categories":[11],"tags":[],"_links":{"self":[{"href":"https:\/\/www.moravecteam.cz\/index.php?rest_route=\/wp\/v2\/posts\/10451"}],"collection":[{"href":"https:\/\/www.moravecteam.cz\/index.php?rest_route=\/wp\/v2\/posts"}],"about":[{"href":"https:\/\/www.moravecteam.cz\/index.php?rest_route=\/wp\/v2\/types\/post"}],"author":[{"embeddable":true,"href":"https:\/\/www.moravecteam.cz\/index.php?rest_route=\/wp\/v2\/users\/3"}],"replies":[{"embeddable":true,"href":"https:\/\/www.moravecteam.cz\/index.php?rest_route=%2Fwp%2Fv2%2Fcomments&post=10451"}],"version-history":[{"count":7,"href":"https:\/\/www.moravecteam.cz\/index.php?rest_route=\/wp\/v2\/posts\/10451\/revisions"}],"predecessor-version":[{"id":10485,"href":"https:\/\/www.moravecteam.cz\/index.php?rest_route=\/wp\/v2\/posts\/10451\/revisions\/10485"}],"wp:featuredmedia":[{"embeddable":true,"href":"https:\/\/www.moravecteam.cz\/index.php?rest_route=\/wp\/v2\/media\/10456"}],"wp:attachment":[{"href":"https:\/\/www.moravecteam.cz\/index.php?rest_route=%2Fwp%2Fv2%2Fmedia&parent=10451"}],"wp:term":[{"taxonomy":"category","embeddable":true,"href":"https:\/\/www.moravecteam.cz\/index.php?rest_route=%2Fwp%2Fv2%2Fcategories&post=10451"},{"taxonomy":"post_tag","embeddable":true,"href":"https:\/\/www.moravecteam.cz\/index.php?rest_route=%2Fwp%2Fv2%2Ftags&post=10451"}],"curies":[{"name":"wp","href":"https:\/\/api.w.org\/{rel}","templated":true}]}}