{"id":10472,"date":"2017-12-01T06:29:13","date_gmt":"2017-12-01T05:29:13","guid":{"rendered":"http:\/\/www.moravecteam.cz\/?p=10472"},"modified":"2017-12-01T06:53:04","modified_gmt":"2017-12-01T05:53:04","slug":"ve-vojtovych-stopach","status":"publish","type":"post","link":"https:\/\/www.moravecteam.cz\/?p=10472","title":{"rendered":"Ve Vojtov\u00fdch stop\u00e1ch&#8230;"},"content":{"rendered":"<p style=\"text-align: justify;\"><span style=\"color: #800000;\"><strong>U\u017e po \u010dtvrt\u00e9 v \u0159ad\u011b\u00a0bylo letos na podzim ve st\u0159ede\u010dn\u00edm odpoledni sly\u0161et v letit\u00e9 bene\u0161ovsk\u00e9 t\u011blocvi\u010dn\u011b d\u011btsk\u00e9 \u0161t\u011bbet\u00e1n\u00ed&#8230; El\u00e9vov\u00e9 MORAVEC Teamu zde op\u011bt velmi zodpov\u011bdn\u011b &#8222;odmakali&#8220; svoji rutinn\u00ed tr\u00e9ninkovou kl\u00e1du v nadpr\u016fm\u011brn\u00fdch \u00fa\u010dastnick\u00fdch po\u010dtech\u00a0 a se vzorn\u00fdm p\u0159\u00edstupem k pln\u011bn\u00ed tr\u00e9ninkov\u00fdch \u00fakol\u016f. &#8222;Head&#8220; cvi\u010ditel Petr se tentokr\u00e1t nechal\u00a0\u00a0n\u011bkolikr\u00e1t hodn\u011b\u00a0\u00a0inspirovat\u00a0inovativn\u00edmi cvi\u010debn\u00edmi praktikami Vojty Gr\u00fcna z minul\u00e9ho p\u00e1tku&#8230;<\/strong><\/span><\/p>\n<figure id=\"attachment_10478\" aria-describedby=\"caption-attachment-10478\" style=\"width: 1086px\" class=\"wp-caption alignnone\"><a href=\"http:\/\/www.moravecteam.cz\/?attachment_id=10478\" rel=\"attachment wp-att-10478\"><img decoding=\"async\" loading=\"lazy\" class=\" wp-image-10478 \" alt=\"IMG_2588\" src=\"http:\/\/www.moravecteam.cz\/wp-content\/uploads\/2017\/12\/IMG_2588.jpg\" width=\"1086\" height=\"1000\" srcset=\"https:\/\/www.moravecteam.cz\/wp-content\/uploads\/2017\/12\/IMG_2588.jpg 1086w, https:\/\/www.moravecteam.cz\/wp-content\/uploads\/2017\/12\/IMG_2588-300x276.jpg 300w, https:\/\/www.moravecteam.cz\/wp-content\/uploads\/2017\/12\/IMG_2588-1024x942.jpg 1024w\" sizes=\"(max-width: 1086px) 100vw, 1086px\" \/><\/a><figcaption id=\"caption-attachment-10478\" class=\"wp-caption-text\">Vzorn\u00e1 &#8222;ka\u010denka&#8220; Kl\u00e1rka.<\/figcaption><\/figure>\n<p style=\"text-align: justify;\">N\u011bkter\u00e9 drobn\u00e9 novinky nasadil\u00a0 pro tr\u00e9nuj\u00edc\u00ed u\u017e p\u0159i sv\u011bdomit\u00e9m rozb\u011bh\u00e1n\u00ed a\u00a0rozcvi\u010den\u00ed, kter\u00e9 zavr\u0161ila relaxa\u010dn\u00ed vybi\u0161ka a trojn\u00e1sobn\u00fd &#8222;v\u00fdlov&#8220; do\u010dasn\u00e9ho rybn\u00edka, pln\u00e9ho &#8222;kapr\u016f a m\u0159enek&#8220;\u00a0zna\u010dky Made in MORAVEC.I n\u00e1sledn\u00fd tr\u00e9nink startovn\u00edch reakc\u00ed obsahoval n\u011bkolik nov\u00fdch prvk\u016f p\u0159i\u010dem\u017e\u00a0rozd\u011blen\u00ed do t\u0159\u00ed dru\u017estev avizovalo, \u017ee se pojedou d\u011btmi tolik obl\u00edben\u00e9 \u0161tafety. A pr\u00e1v\u011b v t\u00e9to f\u00e1zi cvi\u010den\u00ed byl Petrem pou\u017eit Vojt\u016fv p\u00e1te\u010dn\u00ed &#8222;mustr&#8220;, kdy\u00a0\u0161tafetov\u00e9 z\u00e1vodi\u0161t\u011b nebylo &#8222;komplikov\u00e1no&#8220; obvykl\u00fdmi p\u0159ek\u00e1\u017ekami (\u017e\u00edn\u011bnka, lavi\u010dka&#8230;), ale d\u011bti\u00a0p\u016flku sportovn\u00ed haly zdol\u00e1valy stanoven\u00fdmi cvi\u010debn\u00edmi prvky, druhou p\u016flku b\u011bhem formou slalomku a zp\u011bt na startovn\u00ed \u010d\u00e1ru se vraceli zpravidla sprintem.\u00a0Vojtovu metodu upravil Petr tedy do formy sout\u011b\u017ee s t\u00edm, \u017ee jednotliv\u00e9 starty absolvovali d\u011bti v\u00edcekr\u00e1t: minim\u00e1ln\u011b 2x a v z\u00e1v\u011bre\u010dn\u00e9m GRAND FINAL i t\u0159ikr\u00e1t.<\/p>\n<figure id=\"attachment_10479\" aria-describedby=\"caption-attachment-10479\" style=\"width: 677px\" class=\"wp-caption alignnone\"><a href=\"http:\/\/www.moravecteam.cz\/?attachment_id=10479\" rel=\"attachment wp-att-10479\"><img decoding=\"async\" loading=\"lazy\" class=\" wp-image-10479\" alt=\"IMG_2599\" src=\"http:\/\/www.moravecteam.cz\/wp-content\/uploads\/2017\/12\/IMG_2599.jpg\" width=\"677\" height=\"685\" srcset=\"https:\/\/www.moravecteam.cz\/wp-content\/uploads\/2017\/12\/IMG_2599.jpg 677w, https:\/\/www.moravecteam.cz\/wp-content\/uploads\/2017\/12\/IMG_2599-25x25.jpg 25w, https:\/\/www.moravecteam.cz\/wp-content\/uploads\/2017\/12\/IMG_2599-296x300.jpg 296w\" sizes=\"(max-width: 677px) 100vw, 677px\" \/><\/a><figcaption id=\"caption-attachment-10479\" class=\"wp-caption-text\">Mal\u00e1 slavnost na z\u00e1v\u011br: Tom\u00edkova &#8222;osmi\u010dka&#8220;! Blahop\u0159ejeme!<\/figcaption><\/figure>\n<p style=\"text-align: justify;\">A tato forma cvi\u010den\u00ed, p\u0159i kter\u00e9 je maxim\u00e1ln\u011b vyu\u017eita d\u011btsk\u00e1 sout\u011b\u017eivost, mlad\u00e9 cvi\u010dence op\u011bt zaujala. T\u00edm v\u00edce, kdy\u017e se poda\u0159ilo kapit\u00e1n\u016fm V\u00edtkovi, Luk\u00e1\u0161ovi a Romanovi sestavit svoje t\u00fdmy tak, \u017ee ka\u017ed\u00fd start\u00a0byl\u00a0&#8211; i p\u0159es relativn\u011b del\u0161\u00ed dobu trv\u00e1n\u00ed z\u00e1vodu &#8211;\u00a0\u00a0\u00a0vz\u00e1cn\u011b vyrovnan\u00fd!\u00a0Grand Final nakonec ovl\u00e1dl V\u00edtk\u016fv sextet (nikoli tedy legend\u00e1rn\u00ed V\u00edtkovo kvarteto) a d\u00edky t\u00e9to &#8222;z\u00e1bav\u011b&#8220; n\u00e1m u\u017e ve fin\u00e1le zbyl \u010das u\u017e jen na druh\u00e9 kolo vybi\u0161ky, jej\u00ed\u017e\u00a0z\u00e1v\u011br\u00a0 byla \u0159e\u0161en formou postupn\u00e9ho vy\u0159azov\u00e1n\u00ed vybit\u00fdch&#8230; V\u00edt\u011bz? Vlastn\u011b v\u00edt\u011bzka: Eli\u0161ka Han\u00e1kov\u00e1! A \u00fapln\u011b ve fin\u00e1le jsme p\u0159i z\u00e1v\u011bre\u010dn\u00e9m n\u00e1stupu pop\u0159\u00e1li Tomovi\u00a0k jeho &#8222;osmi\u010dce&#8220;, kter\u00fd od n\u00e1s &#8222;schytal&#8220; samo, \u017ee i poctiv\u00e9ho &#8222;hobla!\u00a0Zde mrkn\u011bte <strong><a href=\"http:\/\/moravecteam.rajce.idnes.cz\/2017.11.29_Cviceni_v_telocvicne\/\">na fotogalerii&#8230;<\/a><\/strong><\/p>\n<p style=\"text-align: justify;\">\n","protected":false},"excerpt":{"rendered":"<p>U\u017e po \u010dtvrt\u00e9 v \u0159ad\u011b\u00a0bylo letos na podzim ve st\u0159ede\u010dn\u00edm odpoledni sly\u0161et v letit\u00e9 bene\u0161ovsk\u00e9 t\u011blocvi\u010dn\u011b d\u011btsk\u00e9 \u0161t\u011bbet\u00e1n\u00ed&#8230; El\u00e9vov\u00e9 MORAVEC Teamu zde op\u011bt velmi zodpov\u011bdn\u011b &#8222;odmakali&#8220; svoji rutinn\u00ed tr\u00e9ninkovou kl\u00e1du v nadpr\u016fm\u011brn\u00fdch \u00fa\u010dastnick\u00fdch po\u010dtech\u00a0 a se vzorn\u00fdm p\u0159\u00edstupem k pln\u011bn\u00ed tr\u00e9ninkov\u00fdch \u00fakol\u016f. &#8222;Head&#8220; cvi\u010ditel Petr se tentokr\u00e1t nechal\u00a0\u00a0n\u011bkolikr\u00e1t hodn\u011b\u00a0\u00a0inspirovat\u00a0inovativn\u00edmi cvi\u010debn\u00edmi praktikami Vojty Gr\u00fcna z minul\u00e9ho &hellip; <a href=\"https:\/\/www.moravecteam.cz\/?p=10472\" class=\"more-link\">Pokra\u010dov\u00e1n\u00ed textu <span class=\"screen-reader-text\">Ve Vojtov\u00fdch stop\u00e1ch&#8230;<\/span> <span class=\"meta-nav\">&rarr;<\/span><\/a><\/p>\n","protected":false},"author":3,"featured_media":10477,"comment_status":"open","ping_status":"closed","sticky":false,"template":"","format":"standard","meta":[],"categories":[9],"tags":[],"_links":{"self":[{"href":"https:\/\/www.moravecteam.cz\/index.php?rest_route=\/wp\/v2\/posts\/10472"}],"collection":[{"href":"https:\/\/www.moravecteam.cz\/index.php?rest_route=\/wp\/v2\/posts"}],"about":[{"href":"https:\/\/www.moravecteam.cz\/index.php?rest_route=\/wp\/v2\/types\/post"}],"author":[{"embeddable":true,"href":"https:\/\/www.moravecteam.cz\/index.php?rest_route=\/wp\/v2\/users\/3"}],"replies":[{"embeddable":true,"href":"https:\/\/www.moravecteam.cz\/index.php?rest_route=%2Fwp%2Fv2%2Fcomments&post=10472"}],"version-history":[{"count":8,"href":"https:\/\/www.moravecteam.cz\/index.php?rest_route=\/wp\/v2\/posts\/10472\/revisions"}],"predecessor-version":[{"id":10486,"href":"https:\/\/www.moravecteam.cz\/index.php?rest_route=\/wp\/v2\/posts\/10472\/revisions\/10486"}],"wp:featuredmedia":[{"embeddable":true,"href":"https:\/\/www.moravecteam.cz\/index.php?rest_route=\/wp\/v2\/media\/10477"}],"wp:attachment":[{"href":"https:\/\/www.moravecteam.cz\/index.php?rest_route=%2Fwp%2Fv2%2Fmedia&parent=10472"}],"wp:term":[{"taxonomy":"category","embeddable":true,"href":"https:\/\/www.moravecteam.cz\/index.php?rest_route=%2Fwp%2Fv2%2Fcategories&post=10472"},{"taxonomy":"post_tag","embeddable":true,"href":"https:\/\/www.moravecteam.cz\/index.php?rest_route=%2Fwp%2Fv2%2Ftags&post=10472"}],"curies":[{"name":"wp","href":"https:\/\/api.w.org\/{rel}","templated":true}]}}