{"id":10507,"date":"2017-12-03T23:04:38","date_gmt":"2017-12-03T22:04:38","guid":{"rendered":"http:\/\/www.moravecteam.cz\/?p=10507"},"modified":"2017-12-03T23:46:12","modified_gmt":"2017-12-03T22:46:12","slug":"milovice-dalsi-posun","status":"publish","type":"post","link":"https:\/\/www.moravecteam.cz\/?p=10507","title":{"rendered":"Milovice: dal\u0161\u00ed posun!"},"content":{"rendered":"<p style=\"text-align: justify;\"><strong><span style=\"color: #800000;\">Po \u010dtvt\u00e9 v \u0159ad\u011b (od z\u00e1vodu v Uni\u010dov\u011b) n\u00e1s na z\u00e1vod\u011b \u010cesk\u00e9ho poh\u00e1ru v cyklokrosu, kter\u00fd minulou sobotu pohostily Milovice, reprezentovala v kategorii kadetek (by\u0165 v\u011bkem je\u0161t\u011b \u017e\u00e1kyn\u011b) samojedin\u00e1 Eli\u0161ka Han\u00e1kov\u00e1. V Milovic\u00edch zajela sv\u016fj leto\u0161n\u00ed TOP v\u00fdsledek a zovu uk\u00e1zala, \u017ee z n\u00ed roste skute\u010dn\u00fd cyklistick\u00fd &#8222;univerz\u00e1l&#8220;! Podobn\u011b, jako p\u0159ed t\u00fddnem v \u010c\u00e1slavi, i v Milovic\u00edch jsme ma\u010dkali pale\u010dky na\u0161im dv\u011bma odchovanc\u016fm, toho \u010dasu v barv\u00e1ch &#8222;Rud\u00fdch \u010f\u00e1bl\u016f&#8220; Viktora Zapletala&#8230;<\/span><\/strong><\/p>\n<p style=\"text-align: justify;\">&#8222;Lvice Elsa&#8220;, tak se v\u0161eobecn\u011b\u00a0 za\u010d\u00edn\u00e1 v\u017e\u00edvat p\u0159ezd\u00edvka pro objev leto\u0161n\u00ed cyklistick\u00e9 sez\u00f3ny, <span style=\"color: #800000;\"><strong>Eli\u0161ku Han\u00e1kovou<\/strong><\/span>. V Milovic\u00edch se poprv\u00e9 ve sv\u00e9 kr\u00e1tk\u00e9 cyklokrosa\u0159sk\u00e9 kari\u00e9\u0159e dok\u00e1zala ve sv\u00e9 kategorii prosadit do elitn\u00ed &#8222;dvac\u00edtky&#8220; v\u00fdsledkov\u00e9 listiny, kdy\u017e dojela\u00a0 se ztr\u00e1tou na v\u00edt\u011bzku v \u010dase necel\u00e9 p\u016fl\u010dtvrt\u00e9 minuty. Posunula tak sv\u016fj nejlep\u0161\u00ed v\u00fdsledek z Hol\u00fdch Vrch\u016f o dv\u011b p\u0159\u00ed\u010dky vp\u0159ed, ale hlavn\u011b:\u00a0 \u010dasov\u00fd odstup na v\u00edt\u011bzn\u00e9 d\u00edvky v t\u00e9to kategorii se z\u00e1vod od z\u00e1vodu sni\u017euje! A to je p\u0159ed posledn\u00edm, mistrovsk\u00fdm z\u00e1vodem za t\u00fdden v Kol\u00edn\u011b, velmi pot\u011b\u0161uj\u00edc\u00ed zji\u0161t\u011bn\u00ed! V pr\u016fb\u011b\u017en\u00e9m po\u0159ad\u00ed figuruje &#8222;Elis&#8220; se ziskem 56 bod\u016f na 24. m\u00edst\u011b s re\u00e1lnou mo\u017enost\u00ed je\u0161t\u011b dal\u0161\u00edho d\u00edl\u010d\u00edho posunu. Pro \u00faplnost dopln\u00edm, \u017ee v t\u00e9to kategorii doposud bodovalo 47 d\u011bv\u010dat.<\/p>\n<p style=\"text-align: justify;\">V Milovic\u00edch byli ost\u0159e v akci i dva na\u0161i odchovanci, <strong><span style=\"color: #800000;\">Tom\u00e1\u0161 Tlamka &#8222;Contador&#8220;<\/span><\/strong> a <span style=\"color: #800000;\"><strong>Ad\u00e9la \u0160af\u00e1\u0159ov\u00e1<\/strong><\/span>, toho \u010dasu oba t\u00fdmov\u011b p\u0159\u00edslu\u0161n\u00ed v Nutrend Specialized Racing Team . Potvrdili, \u017ee jejich medailov\u00e9 profity z \u010c\u00e1slavi nebyly n\u00e1hodn\u00e9 a um\u00edst\u011bn\u00ed odtud tak\u0159ka p\u0159esn\u011b zopakovali i v Milovic\u00edch. P\u0159esn\u011b \u0159e\u010deno: druh\u00e9 m\u00edsto zrepr\u00fdzovala ze z\u00e1vodu \u017een z minul\u00e9ho t\u00fddne Ad\u00e9la \u0160af\u00e1\u0159ov\u00e1, Tom\u00e1\u0161 Tlamka &#8222;Contador&#8220; si o stup\u00ednek pohor\u0161il, kdy\u017e vybojoval tentokr\u00e1t nepopul\u00e1rn\u00ed, &#8222;bramborovou&#8220; pozici. Ad\u00e9la\u00a0 v Milovic\u00edch dok\u00e1zala porazit i bronzovou z ned\u00e1vn\u00e9ho Mistrovstv\u00ed Evropy v T\u00e1bo\u0159e, Nikol Noskovou a i kdy\u017e z tr\u00e9ninkov\u00fdch d\u016fvod\u016f vynech\u00e1 z\u00e1vod C1 za t\u00fdden v Kol\u00edn\u011b, jej\u00ed ambice pro lednov\u00fd cyklokrosov\u00fd sv\u011btov\u00fd \u0161ampion\u00e1t nejsou pro kategorii \u017een U23 zanedbateln\u00e9&#8230; &#8222;Contador&#8220; spurtoval do c\u00edle Milovick\u00e9ho z\u00e1vodu s p\u016flminutovou ztr\u00e1tou na v\u00edt\u011bze a i zde hodn\u011b znerv\u00f3znil p\u0159ed bl\u00ed\u017e\u00edc\u00edm se M\u010cR v\u0161chny favority t\u00e9to kategorie&#8230; Pr\u00e1v\u011b on by mohl b\u00fdt\u00a0 za t\u00fdden v Kol\u00edn\u011b on\u00edm pov\u011bstn\u00fdm &#8222;\u010dern\u00fdm kon\u011bm&#8220; mistrovsk\u00e9ho kl\u00e1n\u00ed&#8230; Budeme dr\u017eet palce! Zde mrkn\u011bte na <strong><a href=\"http:\/\/www.cyklokros.cz\/cz\/toi-toi-cup\/toi-toi-cup-2017\/milovice\/vysledky\">kompletn\u00ed v\u00fdsledkov\u00e9 listiny<\/a><\/strong> i na <strong><a href=\"http:\/\/www.cyklokros.cz\/cz\/toi-toi-cup\/aktuality\/830-promrzle-milovice-pokracuji-dnes-predposlednim-zavodem-toi-toi-cupu\">report z Milovick\u00e9ho poh\u00e1ru<\/a><\/strong>.<\/p>\n","protected":false},"excerpt":{"rendered":"<p>Po \u010dtvt\u00e9 v \u0159ad\u011b (od z\u00e1vodu v Uni\u010dov\u011b) n\u00e1s na z\u00e1vod\u011b \u010cesk\u00e9ho poh\u00e1ru v cyklokrosu, kter\u00fd minulou sobotu pohostily Milovice, reprezentovala v kategorii kadetek (by\u0165 v\u011bkem je\u0161t\u011b \u017e\u00e1kyn\u011b) samojedin\u00e1 Eli\u0161ka Han\u00e1kov\u00e1. V Milovic\u00edch zajela sv\u016fj leto\u0161n\u00ed TOP v\u00fdsledek a zovu uk\u00e1zala, \u017ee z n\u00ed roste skute\u010dn\u00fd cyklistick\u00fd &#8222;univerz\u00e1l&#8220;! Podobn\u011b, jako p\u0159ed t\u00fddnem v \u010c\u00e1slavi, i &hellip; <a href=\"https:\/\/www.moravecteam.cz\/?p=10507\" class=\"more-link\">Pokra\u010dov\u00e1n\u00ed textu <span class=\"screen-reader-text\">Milovice: dal\u0161\u00ed posun!<\/span> <span class=\"meta-nav\">&rarr;<\/span><\/a><\/p>\n","protected":false},"author":3,"featured_media":10537,"comment_status":"open","ping_status":"closed","sticky":false,"template":"","format":"standard","meta":[],"categories":[1],"tags":[],"_links":{"self":[{"href":"https:\/\/www.moravecteam.cz\/index.php?rest_route=\/wp\/v2\/posts\/10507"}],"collection":[{"href":"https:\/\/www.moravecteam.cz\/index.php?rest_route=\/wp\/v2\/posts"}],"about":[{"href":"https:\/\/www.moravecteam.cz\/index.php?rest_route=\/wp\/v2\/types\/post"}],"author":[{"embeddable":true,"href":"https:\/\/www.moravecteam.cz\/index.php?rest_route=\/wp\/v2\/users\/3"}],"replies":[{"embeddable":true,"href":"https:\/\/www.moravecteam.cz\/index.php?rest_route=%2Fwp%2Fv2%2Fcomments&post=10507"}],"version-history":[{"count":7,"href":"https:\/\/www.moravecteam.cz\/index.php?rest_route=\/wp\/v2\/posts\/10507\/revisions"}],"predecessor-version":[{"id":10543,"href":"https:\/\/www.moravecteam.cz\/index.php?rest_route=\/wp\/v2\/posts\/10507\/revisions\/10543"}],"wp:featuredmedia":[{"embeddable":true,"href":"https:\/\/www.moravecteam.cz\/index.php?rest_route=\/wp\/v2\/media\/10537"}],"wp:attachment":[{"href":"https:\/\/www.moravecteam.cz\/index.php?rest_route=%2Fwp%2Fv2%2Fmedia&parent=10507"}],"wp:term":[{"taxonomy":"category","embeddable":true,"href":"https:\/\/www.moravecteam.cz\/index.php?rest_route=%2Fwp%2Fv2%2Fcategories&post=10507"},{"taxonomy":"post_tag","embeddable":true,"href":"https:\/\/www.moravecteam.cz\/index.php?rest_route=%2Fwp%2Fv2%2Ftags&post=10507"}],"curies":[{"name":"wp","href":"https:\/\/api.w.org\/{rel}","templated":true}]}}