{"id":10518,"date":"2017-12-03T23:17:12","date_gmt":"2017-12-03T22:17:12","guid":{"rendered":"http:\/\/www.moravecteam.cz\/?p=10518"},"modified":"2017-12-07T12:17:13","modified_gmt":"2017-12-07T11:17:13","slug":"co-se-bude-dit-st49-3","status":"publish","type":"post","link":"https:\/\/www.moravecteam.cz\/?p=10518","title":{"rendered":"Co se bude d\u00edt? (ST49)-2"},"content":{"rendered":"<h5><span style=\"color: #800000;\">St\u0159eda 6.12. 2017<\/span><\/h5>\n<p>Cvi\u010den\u00ed\u00a0 v bene\u0161ovsk\u00e9 t\u011blocvi\u010dn\u011b v\u00a0r\u00e1mci zimn\u00ed p\u0159\u00edpravy.\u00a0 Cvi\u010den\u00ed prob\u011bhne\u00a0 v obvykl\u00e9m \u010dase od 16.30 do 18.30.<\/p>\n<h5><span style=\"color: #800000;\">P\u00e1tek 8.12. 2017<\/span><\/h5>\n<ul>\n<li style=\"text-align: justify;\">Dal\u0161\u00ed cvi\u010den\u00ed v bene\u0161ovsk\u00e9 t\u011blocvi\u010dn\u011b r\u00e1mci zimn\u00ed p\u0159\u00edpravy.\u00a0 Cvi\u010dit budeme od 18.00 do 20.00 hod.<\/li>\n<li style=\"text-align: justify;\">Odjezd do\u010dasn\u00e9 cyklokrosov\u00e9 roty MORAVEC Teamu na M\u010cR v cyklokrosu do Kol\u00edna. Jedn\u00e1 se o z\u00e1vod kategorie C1, zde studujte\u00a0<strong><a href=\"http:\/\/www.cyklokros.cz\/data\/web\/toitoicup\/2017\/kolin_propozice_2017.pdf\">propozice<\/a><\/strong>.\u00a0\u00da\u010dast a dopravu si ka\u017ed\u00fd zaji\u0161\u0165uje s\u00e1m, t\u00fdmov\u00e9 z\u00e1zem\u00ed doprav\u00ed do Kol\u00edna odd\u00edlovou dod\u00e1vkou Tonda Han\u00e1k.<\/li>\n<\/ul>\n<h5><span style=\"color: #800000;\">Sobota 9.12. 2017<\/span><\/h5>\n<ul>\n<li>\n<div style=\"text-align: justify;\">\u00da\u010dast do\u010dasn\u00e9 cyklokrosov\u00e9 roty MORAVEC Teamu na posledn\u00edm z\u00e1vod\u011b \u010cP v cyklokrosu v Kol\u00edn\u011b. Jedn\u00e1 se o z\u00e1vod kategorie C2, zde studujte\u00a0<strong><a href=\"http:\/\/www.cyklokros.cz\/data\/web\/toitoicup\/2017\/kolin_propozice_2017.pdf\">propozice<\/a><\/strong>.\u00a0Operace m\u00e1 volac\u00ed znak\u00a0<span style=\"color: #800000;\"><strong>EL PASO<\/strong><\/span>.<\/div>\n<\/li>\n<li style=\"text-align: justify;\">T\u0159et\u00ed z\u00e1vod Brn\u011bnsk\u00e9ho b\u011b\u017eeck\u00e9ho poh\u00e1ru ve Vranov\u00e9. Zde studujte\u00a0<strong><a href=\"http:\/\/www.atletikauni.cz\/cz\/s1522\/Kalendar-akci\/Seznam-akci\/c2130-Detail-akce\/ata473-BBP-3-Vranovsky-zleb\">propozice<\/a><\/strong>,\u00a0\u00fa\u010dast a dopravu si ka\u017ed\u00fd zaji\u0161\u0165uje s\u00e1m.<\/li>\n<li style=\"text-align: justify;\">Vesnice Sv\u011btl\u00e1 (za \u0160ebetovem ve sm\u011bru na Jev\u00ed\u010dko) po\u0159\u00e1d\u00e1 Klimatex Mikul\u00e1\u0161sk\u00fd b\u011bh. Mrkn\u011bte i na tyto <strong><a href=\"http:\/\/behsvetlou.webnode.cz\/propozice\/\">propozice<\/a>&#8230;<\/strong><\/li>\n<\/ul>\n<h5><span style=\"color: #800000;\">Ned\u011ble 10.12.\u00a02017<\/span><\/h5>\n<p style=\"text-align: justify;\">Dal\u0161\u00ed\u00a0 cyklovyj\u00ed\u017e\u010fka s Hankou a Vlast\u00edkem Odehnalov\u00fdmi. Sraz v 9.30 ve Sportparku Boskovice &#8211; Doubravy, zde\u00a0<strong><a href=\"http:\/\/www.moravecteam.cz\/?p=10120\">mrkn\u011bte na podrobnosti.<\/a>..<\/strong>\u00a0<span style=\"color: #ff0000;\"><strong>POZOR!<\/strong><\/span>\u00a0<span style=\"color: #ff0000;\">Info pro d\u011bti, kter\u00e9 nebudou mit na v\u00fdji\u017e\u010fce doprovod rodi\u010d\u016f:\u00a0 mus\u00ed s sebou mit n\u00e1hradn\u00ed rukavice, v\u011btrovku na p\u0159ioble\u010deni, pit\u00ed, sva\u010dinu nebo tra\u0165ovku, nehradni du\u0161i ( ne d\u011bravou)! Toto minim\u00e1ln\u00ed vybaven\u00ed bude p\u0159ed j\u00edzdou u d\u011bt\u00ed zkontrolov\u00e1no a kdo je nebude m\u00edt &#8211;\u00a0na v\u00fdj\u00ed\u017e\u010fku\u00a0nepojede!!!<\/span><\/p>\n<h5><strong><span style=\"color: #800000;\">Akce t\u011bsn\u011b za horizontem<\/span><\/strong><\/h5>\n<ul>\n<li style=\"text-align: justify;\">16.12. 2017\u00a0&#8211; n\u00e1v\u0161t\u011bva hrobu Vlastimila MORAVCE (sobota)<\/li>\n<li style=\"text-align: justify;\">28.12. 2017\u00a0(\u010dtvrtek) &#8211; v\u00fdro\u010dn\u00ed ro(c)kov\u00e1n\u00ed s ud\u00edlen\u00edm v\u00fdro\u010dn\u00edch cen. Od 15.00 hodin v restauraci Morava Bene\u0161ov.<\/li>\n<li style=\"text-align: justify;\">30.12. 2017\u00a0&#8211; Silvestrovsk\u00fd z\u00e1vod? Silvestrovsk\u00e1 vyj\u00ed\u017e\u010fka? (sobota), je\u0161t\u011b se uvid\u00ed&#8230; Ka\u017edop\u00e1dn\u011b:\u00a0 start \/ c\u00edl v prostoru boskovick\u00e9 st\u0159elnice.<\/li>\n<li style=\"text-align: justify;\">1.1. 2018\u00a0(pond\u011bl\u00ed) &#8211; Novoro\u010dn\u00ed vyj\u00ed\u017e\u010fka &#8211; sm\u011br: Repechy, penzion Lada. Dovol\u00ed-li po\u010das\u00ed&#8230;<\/li>\n<li style=\"text-align: justify;\">3.1. 2018\u00a0&#8211; druh\u00e1 \u010d\u00e1st zimn\u00ed p\u0159\u00edpravy v t\u011blocvi\u010dn\u011b Bene\u0161ov\u00a0 od\u00a0do cca 16.3. ve stejn\u00e9m denn\u00edm \u00a0cyklu a ve stejn\u00fdch\u00a0\u010dasech<\/li>\n<li style=\"text-align: justify;\">20.1. 2018\u00a0&#8211; ples cyklist\u016f 20.1. 2018 (sobota) &#8211; kulturn\u00ed d\u016fm Such\u00fd<\/li>\n<\/ul>\n","protected":false},"excerpt":{"rendered":"<p>St\u0159eda 6.12. 2017 Cvi\u010den\u00ed\u00a0 v bene\u0161ovsk\u00e9 t\u011blocvi\u010dn\u011b v\u00a0r\u00e1mci zimn\u00ed p\u0159\u00edpravy.\u00a0 Cvi\u010den\u00ed prob\u011bhne\u00a0 v obvykl\u00e9m \u010dase od 16.30 do 18.30. P\u00e1tek 8.12. 2017 Dal\u0161\u00ed cvi\u010den\u00ed v bene\u0161ovsk\u00e9 t\u011blocvi\u010dn\u011b r\u00e1mci zimn\u00ed p\u0159\u00edpravy.\u00a0 Cvi\u010dit budeme od 18.00 do 20.00 hod. Odjezd do\u010dasn\u00e9 cyklokrosov\u00e9 roty MORAVEC Teamu na M\u010cR v cyklokrosu do Kol\u00edna. Jedn\u00e1 se o z\u00e1vod kategorie C1, &hellip; <a href=\"https:\/\/www.moravecteam.cz\/?p=10518\" class=\"more-link\">Pokra\u010dov\u00e1n\u00ed textu <span class=\"screen-reader-text\">Co se bude d\u00edt? (ST49)-2<\/span> <span class=\"meta-nav\">&rarr;<\/span><\/a><\/p>\n","protected":false},"author":3,"featured_media":10526,"comment_status":"open","ping_status":"closed","sticky":false,"template":"","format":"standard","meta":[],"categories":[11],"tags":[],"_links":{"self":[{"href":"https:\/\/www.moravecteam.cz\/index.php?rest_route=\/wp\/v2\/posts\/10518"}],"collection":[{"href":"https:\/\/www.moravecteam.cz\/index.php?rest_route=\/wp\/v2\/posts"}],"about":[{"href":"https:\/\/www.moravecteam.cz\/index.php?rest_route=\/wp\/v2\/types\/post"}],"author":[{"embeddable":true,"href":"https:\/\/www.moravecteam.cz\/index.php?rest_route=\/wp\/v2\/users\/3"}],"replies":[{"embeddable":true,"href":"https:\/\/www.moravecteam.cz\/index.php?rest_route=%2Fwp%2Fv2%2Fcomments&post=10518"}],"version-history":[{"count":5,"href":"https:\/\/www.moravecteam.cz\/index.php?rest_route=\/wp\/v2\/posts\/10518\/revisions"}],"predecessor-version":[{"id":10568,"href":"https:\/\/www.moravecteam.cz\/index.php?rest_route=\/wp\/v2\/posts\/10518\/revisions\/10568"}],"wp:featuredmedia":[{"embeddable":true,"href":"https:\/\/www.moravecteam.cz\/index.php?rest_route=\/wp\/v2\/media\/10526"}],"wp:attachment":[{"href":"https:\/\/www.moravecteam.cz\/index.php?rest_route=%2Fwp%2Fv2%2Fmedia&parent=10518"}],"wp:term":[{"taxonomy":"category","embeddable":true,"href":"https:\/\/www.moravecteam.cz\/index.php?rest_route=%2Fwp%2Fv2%2Fcategories&post=10518"},{"taxonomy":"post_tag","embeddable":true,"href":"https:\/\/www.moravecteam.cz\/index.php?rest_route=%2Fwp%2Fv2%2Ftags&post=10518"}],"curies":[{"name":"wp","href":"https:\/\/api.w.org\/{rel}","templated":true}]}}