{"id":1054,"date":"2015-07-20T22:17:32","date_gmt":"2015-07-20T20:17:32","guid":{"rendered":"http:\/\/www.moravecteam.cz\/?p=1054"},"modified":"2015-07-20T22:30:24","modified_gmt":"2015-07-20T20:30:24","slug":"malem-bych-zapomel","status":"publish","type":"post","link":"https:\/\/www.moravecteam.cz\/?p=1054","title":{"rendered":"M\u00e1lem bych zapom\u011bl..!"},"content":{"rendered":"<p style=\"text-align: justify;\"><strong><span style=\"color: #800000;\">Z\u00e1vod za z\u00e1vodem nejvy\u0161\u0161\u00ed kategorie &#8211; to byl opravdu nabyt\u00fd program minul\u00fdch dn\u016f&#8230; Ost\u0159e jsme sledovali hlavn\u011b v\u00fdkony a v\u00fdsledky na\u0161eho z\u00e1vodn\u00edho t\u00fdmu, ale na p\u0159edposledn\u00edm &#8222;poh\u00e1ru&#8220; v Brn\u011b do\u0161lo op\u011bt k p\u0159episov\u00e1n\u00ed d\u011bjin cyklistick\u00e9ho od\u00edlu MORAVEC&#8230;<\/span><\/strong><\/p>\n<figure id=\"attachment_1048\" aria-describedby=\"caption-attachment-1048\" style=\"width: 800px\" class=\"wp-caption alignnone\"><a href=\"http:\/\/www.moravecteam.cz\/?attachment_id=1048\" rel=\"attachment wp-att-1048\"><img decoding=\"async\" loading=\"lazy\" class=\" wp-image-1048\" alt=\"KONICA MINOLTA DIGITAL CAMERA\" src=\"http:\/\/www.moravecteam.cz\/wp-content\/uploads\/2015\/07\/PICT0473.jpg\" width=\"800\" height=\"737\" srcset=\"https:\/\/www.moravecteam.cz\/wp-content\/uploads\/2015\/07\/PICT0473.jpg 800w, https:\/\/www.moravecteam.cz\/wp-content\/uploads\/2015\/07\/PICT0473-300x276.jpg 300w\" sizes=\"(max-width: 800px) 100vw, 800px\" \/><\/a><figcaption id=\"caption-attachment-1048\" class=\"wp-caption-text\">Barunka Tlamkov\u00e1, mlad\u0161\u00ed sestra d\u0159\u00edve vynikaj\u00edc\u00edch bikerek Terezy a Anny Tlamkov\u00fdch a sou\u010dasn\u00e9ho vynikaj\u00edc\u00edho bikera Tom\u00e1\u0161e Tlamky, M\u00e1 b\u00fdt po kom&#8230;<\/figcaption><\/figure>\n<p style=\"text-align: justify;\"><strong><span style=\"color: #800000;\">\u00a0<\/span><\/strong>A postarala se o to \u0161ikovn\u00e1 mlad\u00e1 bikerka z Okrouhl\u00e9, Barborka Tlamkov\u00e1, kter\u00e1 jako prvn\u00ed v\u011bkem je\u0161t\u011b el\u00e9vka si troufla pod metodick\u00fdm veden\u00edm cyklisticky veskrze erudovan\u00e9ho zybytku rodiny postavit se na start kategorie nejmlad\u0161\u00edch d\u00edvek. A nez\u016fstalo nejen u toho&#8230; Bar\u010da si po excelentn\u00edm v\u00fdkonu na trati p\u0159ijela do c\u00edle pro salou\u017een\u00fd bronz! Blahop\u0159ejeme, d\u00edky za vzorn\u00e9 repre odd\u00edlu a samoz\u0159ejme &#8211; zde a t\u00edmto tento historick\u00fd v\u00fdsledek r\u00e1di prezentujeme a r\u00e1di se j\u00edm chlub\u00edme &#8211; to oboji, samo, \u017ee, z\u00e1rove\u0148:\u00a0<strong><a href=\"http:\/\/www.sportsoft.cz\/OfficialResults\/2015\/20150711_cpxco_d7.pdf?201507.11.10.56\">http:\/\/www.sportsoft.cz\/OfficialResults\/2015\/20150711_cpxco_d7.pdf?201507.11.10.56<\/a><\/strong><\/p>\n","protected":false},"excerpt":{"rendered":"<p>Z\u00e1vod za z\u00e1vodem nejvy\u0161\u0161\u00ed kategorie &#8211; to byl opravdu nabyt\u00fd program minul\u00fdch dn\u016f&#8230; Ost\u0159e jsme sledovali hlavn\u011b v\u00fdkony a v\u00fdsledky na\u0161eho z\u00e1vodn\u00edho t\u00fdmu, ale na p\u0159edposledn\u00edm &#8222;poh\u00e1ru&#8220; v Brn\u011b do\u0161lo op\u011bt k p\u0159episov\u00e1n\u00ed d\u011bjin cyklistick\u00e9ho od\u00edlu MORAVEC&#8230; \u00a0A postarala se o to \u0161ikovn\u00e1 mlad\u00e1 bikerka z Okrouhl\u00e9, Barborka Tlamkov\u00e1, kter\u00e1 jako prvn\u00ed v\u011bkem je\u0161t\u011b el\u00e9vka &hellip; <a href=\"https:\/\/www.moravecteam.cz\/?p=1054\" class=\"more-link\">Pokra\u010dov\u00e1n\u00ed textu <span class=\"screen-reader-text\">M\u00e1lem bych zapom\u011bl..!<\/span> <span class=\"meta-nav\">&rarr;<\/span><\/a><\/p>\n","protected":false},"author":3,"featured_media":1059,"comment_status":"closed","ping_status":"closed","sticky":false,"template":"","format":"standard","meta":[],"categories":[1],"tags":[],"_links":{"self":[{"href":"https:\/\/www.moravecteam.cz\/index.php?rest_route=\/wp\/v2\/posts\/1054"}],"collection":[{"href":"https:\/\/www.moravecteam.cz\/index.php?rest_route=\/wp\/v2\/posts"}],"about":[{"href":"https:\/\/www.moravecteam.cz\/index.php?rest_route=\/wp\/v2\/types\/post"}],"author":[{"embeddable":true,"href":"https:\/\/www.moravecteam.cz\/index.php?rest_route=\/wp\/v2\/users\/3"}],"replies":[{"embeddable":true,"href":"https:\/\/www.moravecteam.cz\/index.php?rest_route=%2Fwp%2Fv2%2Fcomments&post=1054"}],"version-history":[{"count":5,"href":"https:\/\/www.moravecteam.cz\/index.php?rest_route=\/wp\/v2\/posts\/1054\/revisions"}],"predecessor-version":[{"id":1060,"href":"https:\/\/www.moravecteam.cz\/index.php?rest_route=\/wp\/v2\/posts\/1054\/revisions\/1060"}],"wp:featuredmedia":[{"embeddable":true,"href":"https:\/\/www.moravecteam.cz\/index.php?rest_route=\/wp\/v2\/media\/1059"}],"wp:attachment":[{"href":"https:\/\/www.moravecteam.cz\/index.php?rest_route=%2Fwp%2Fv2%2Fmedia&parent=1054"}],"wp:term":[{"taxonomy":"category","embeddable":true,"href":"https:\/\/www.moravecteam.cz\/index.php?rest_route=%2Fwp%2Fv2%2Fcategories&post=1054"},{"taxonomy":"post_tag","embeddable":true,"href":"https:\/\/www.moravecteam.cz\/index.php?rest_route=%2Fwp%2Fv2%2Ftags&post=1054"}],"curies":[{"name":"wp","href":"https:\/\/api.w.org\/{rel}","templated":true}]}}