{"id":10554,"date":"2017-12-07T08:10:04","date_gmt":"2017-12-07T07:10:04","guid":{"rendered":"http:\/\/www.moravecteam.cz\/?p=10554"},"modified":"2017-12-07T08:18:38","modified_gmt":"2017-12-07T07:18:38","slug":"trenik-na-sv-mikulase","status":"publish","type":"post","link":"https:\/\/www.moravecteam.cz\/?p=10554","title":{"rendered":"Tr\u00e9nik na Sv. Mikul\u00e1\u0161e&#8230;"},"content":{"rendered":"<p style=\"text-align: justify;\"><span style=\"color: #800000;\"><strong>St\u0159ede\u010dn\u00ed cvi\u010den\u00ed\u00a0prob\u011bhlo na den <a href=\"https:\/\/cs.wikipedia.org\/wiki\/Svat%C3%BD_Mikul%C3%A1%C5%A1\">Sv. Mikul\u00e1\u0161e<\/a>, legend\u00e1rn\u00edho dobrodince z d\u00e1vn\u00fdch \u010das\u016f, kter\u00fd byl za sv\u00e9 milosrdn\u00e9 \u010diny\u00a0zcela po pr\u00e1vu Svato\u0159e\u010den. Je u\u017e historicky za\u017eitou skute\u010dnost\u00ed, \u017ee pr\u00e1v\u011b\u00a0v p\u0159edve\u010der\u00a0sv\u00e1tku Sv. Mikul\u00e1\u0161e doch\u00e1z\u00ed k obdarov\u00e1n\u00ed v\u0161ech hodn\u00fdch (nejen) d\u011bt\u00ed, kdy\u00a0ob\u011btav\u00e9ho Mikul\u00e1\u0161e na jeho obdarovac\u00ed misi doprov\u00e1z\u00ed z\u00e1stupci mocnost\u00ed pekeln\u00fdch &#8211; \u010derti. A pr\u00e1v\u011b Ti, jakoby je\u0161t\u011b ve st\u0159edu &#8222;\u0161ili&#8220; s op\u011bt po\u010detnou skupinou tr\u00e9nuj\u00edc\u00edch d\u011bt\u00ed&#8230;<\/strong><\/span><\/p>\n<figure id=\"attachment_10559\" aria-describedby=\"caption-attachment-10559\" style=\"width: 1598px\" class=\"wp-caption alignnone\"><a href=\"http:\/\/www.moravecteam.cz\/?attachment_id=10559\" rel=\"attachment wp-att-10559\"><img decoding=\"async\" loading=\"lazy\" class=\" wp-image-10559\" alt=\"IMG_2753\" src=\"http:\/\/www.moravecteam.cz\/wp-content\/uploads\/2017\/12\/IMG_2753.jpg\" width=\"1598\" height=\"822\" srcset=\"https:\/\/www.moravecteam.cz\/wp-content\/uploads\/2017\/12\/IMG_2753.jpg 1598w, https:\/\/www.moravecteam.cz\/wp-content\/uploads\/2017\/12\/IMG_2753-300x154.jpg 300w, https:\/\/www.moravecteam.cz\/wp-content\/uploads\/2017\/12\/IMG_2753-1024x526.jpg 1024w\" sizes=\"(max-width: 1598px) 100vw, 1598px\" \/><\/a><figcaption id=\"caption-attachment-10559\" class=\"wp-caption-text\">V &#8222;chaloupce st\u00ednu&#8220; strejda Franta usnul?<\/figcaption><\/figure>\n<p style=\"text-align: justify;\">To ale v\u016fbec nevadilo&#8230; Drobn\u00e9 delikty proti discipl\u00edn\u011b byly na m\u00edst\u011b \u0159e\u0161eny dodate\u010dn\u00fdmi v\u00fdchovn\u00fdmi cviky a tr\u00e9nink d\u011bti zvl\u00e1dali jinak op\u011bt velmi disciplinovan\u011b a odpov\u011bdn\u011b. Po rozb\u011bh\u00e1n\u00ed a rozcvi\u010dce (jej\u00edm v z\u00e1v\u011bru nechyb\u011blo posezen\u00ed &#8222;v chaloupce st\u00ednu se strejdou Frantou&#8220; a ani sokolsk\u00e1 cvi\u010debn\u00ed klasika), p\u0159i\u0161la na \u0159adu &#8222;odleh\u010dovac\u00ed&#8220; dvoum\u00ed\u010dov\u00e1 \/ t\u0159\u00edd\u0159epov\u00e1 vybi\u0161ka s\u00a0dvoj\u00edmi &#8222;Ryb\u00e1\u0159i a rybi\u010dkami&#8220;\u00a0a n\u00e1sledn\u00e9 rozd\u011blen\u00ed cvi\u010d\u00edc\u00edch do t\u0159\u00ed sedmi\u010dlenn\u00fdch dru\u017estev, kter\u00e9 si navolily tentokr\u00e1t jako kapit\u00e1nky, star\u0161\u00ed d\u00edvky &#8211; <strong><span style=\"color: #800000;\">Bar\u010da Tlamkov\u00e1<\/span><\/strong>, <span style=\"color: #800000;\"><strong>Am\u00e1lka Gottwaldov\u00e1\u00a0<\/strong> <\/span>a <strong><span style=\"color: #800000;\">Eli\u0161ka Han\u00e1kov\u00e1.<\/span><\/strong><\/p>\n<figure id=\"attachment_10561\" aria-describedby=\"caption-attachment-10561\" style=\"width: 1500px\" class=\"wp-caption alignnone\"><a href=\"http:\/\/www.moravecteam.cz\/?attachment_id=10561\" rel=\"attachment wp-att-10561\"><img decoding=\"async\" loading=\"lazy\" class=\" wp-image-10561\" alt=\"IMG_2757\" src=\"http:\/\/www.moravecteam.cz\/wp-content\/uploads\/2017\/12\/IMG_2757.jpg\" width=\"1500\" height=\"2000\" srcset=\"https:\/\/www.moravecteam.cz\/wp-content\/uploads\/2017\/12\/IMG_2757.jpg 1500w, https:\/\/www.moravecteam.cz\/wp-content\/uploads\/2017\/12\/IMG_2757-225x300.jpg 225w, https:\/\/www.moravecteam.cz\/wp-content\/uploads\/2017\/12\/IMG_2757-768x1024.jpg 768w\" sizes=\"(max-width: 1500px) 100vw, 1500px\" \/><\/a><figcaption id=\"caption-attachment-10561\" class=\"wp-caption-text\">Kapit\u00e1nky \u0161tafetov\u00fdch dru\u017estev po z\u00e1v\u011bre\u010dn\u00e9m souboji.<\/figcaption><\/figure>\n<p style=\"text-align: justify;\">N\u00e1sledn\u00e9 z\u00e1vody \u0161tafet, ve kter\u00e9 d\u011blba do dru\u017estev vy\u00fastila,\u00a0byly &#8211; jako\u00a0obvykle &#8211; \u00a0velmi emotivn\u00ed a d\u00edky dobr\u00e9mu rozlo\u017een\u00ed sil i op\u011bt vz\u00e1cn\u011b vyrovnan\u00e9. V z\u00e1v\u011bre\u010dn\u00e9m GRAND FINAL m\u011blo po dramatick\u00e9m souboji nejv\u00edce sil uskupen\u00ed s kapit\u00e1nkou Am\u00e1lkou, ale pochvalu\u00a0za vzorn\u00fd p\u0159\u00edstup si zaslou\u017eili \u00a0beze zbytku v\u0161ichni! V z\u00e1v\u011bre\u010dn\u00e9 f\u00e1zi cvi\u010dka se tr\u00e9nuj\u00edc\u00ed grupa je\u0161t\u011b &#8222;rozpadla&#8220; do dvojic a &#8222;jeli&#8220; se z\u00e1vody dvou\u010dlenn\u00fdch mini\u0161tafet p\u0159es t\u011blocvi\u010dnu &#8222;na \u0161\u00ed\u0159&#8220;&#8230;<\/p>\n<figure id=\"attachment_10562\" aria-describedby=\"caption-attachment-10562\" style=\"width: 2000px\" class=\"wp-caption alignnone\"><a href=\"http:\/\/www.moravecteam.cz\/?attachment_id=10562\" rel=\"attachment wp-att-10562\"><img decoding=\"async\" loading=\"lazy\" class=\" wp-image-10562\" alt=\"IMG_2780\" src=\"http:\/\/www.moravecteam.cz\/wp-content\/uploads\/2017\/12\/IMG_2780.jpg\" width=\"2000\" height=\"1500\" srcset=\"https:\/\/www.moravecteam.cz\/wp-content\/uploads\/2017\/12\/IMG_2780.jpg 2000w, https:\/\/www.moravecteam.cz\/wp-content\/uploads\/2017\/12\/IMG_2780-300x225.jpg 300w, https:\/\/www.moravecteam.cz\/wp-content\/uploads\/2017\/12\/IMG_2780-1024x768.jpg 1024w\" sizes=\"(max-width: 2000px) 100vw, 2000px\" \/><\/a><figcaption id=\"caption-attachment-10562\" class=\"wp-caption-text\">Bojov\u00fd pok\u0159ik MORAVCE zadun\u011bl t\u011blocvi\u010dnou v z\u00e1v\u011bru cvi\u010den\u00ed.<\/figcaption><\/figure>\n<p style=\"text-align: justify;\">St\u00e1le popul\u00e1rn\u011bj\u0161\u00ed je u d\u011bt\u00ed hra na &#8222;Krab\u00edky&#8220;, kter\u00e9 prob\u011bhla v r\u00e1mci druh\u00e9 \u010d\u00e1sti cvi\u010den\u00ed hned t\u0159i &#8222;kola&#8220;! \u00daplnou te\u010dkou pak byla vy\u0159azovac\u00ed vyb\u00edjen\u00e1, kter\u00e1 vy\u00fastila v dramatick\u00fd souboj o prvenstv\u00ed mezi <strong><span style=\"color: #800000;\">Magdalenkou Barto\u0161ovou<\/span><\/strong>, <span style=\"color: #800000;\"><strong>Lucinkou Gottwaldovou<\/strong> <\/span>a <strong><span style=\"color: #800000;\">Maty\u00e1\u0161em Koudelkou<\/span><\/strong>. &#8222;Mates&#8220; si dok\u00e1zal s d\u00edv\u010d\u00edm obkl\u00ed\u010den\u00edm poradit a byl to pr\u00e1v\u011b on, kdo vze\u0161el z tohoto souboje jako v\u00edt\u011bz! A v \u00fapln\u00e9m z\u00e1v\u011bru je\u0161t\u011b t\u011blocvi\u010dnou zabur\u00e1cel hromov\u00fd bojov\u00fd odd\u00edlov\u00fd pok\u0159ik&#8230; Zde mrkn\u011bte <strong><a href=\"http:\/\/moravecteam.rajce.idnes.cz\/2017.12.06_Cviceni_v_telocvicne\/\">na p\u00e1r fotek <\/a><\/strong>ze st\u0159ede\u010dn\u00edho \u00a0Mikul\u00e1\u0161sk\u00e9ho tr\u00e9ninku&#8230;<\/p>\n","protected":false},"excerpt":{"rendered":"<p>St\u0159ede\u010dn\u00ed cvi\u010den\u00ed\u00a0prob\u011bhlo na den Sv. Mikul\u00e1\u0161e, legend\u00e1rn\u00edho dobrodince z d\u00e1vn\u00fdch \u010das\u016f, kter\u00fd byl za sv\u00e9 milosrdn\u00e9 \u010diny\u00a0zcela po pr\u00e1vu Svato\u0159e\u010den. Je u\u017e historicky za\u017eitou skute\u010dnost\u00ed, \u017ee pr\u00e1v\u011b\u00a0v p\u0159edve\u010der\u00a0sv\u00e1tku Sv. Mikul\u00e1\u0161e doch\u00e1z\u00ed k obdarov\u00e1n\u00ed v\u0161ech hodn\u00fdch (nejen) d\u011bt\u00ed, kdy\u00a0ob\u011btav\u00e9ho Mikul\u00e1\u0161e na jeho obdarovac\u00ed misi doprov\u00e1z\u00ed z\u00e1stupci mocnost\u00ed pekeln\u00fdch &#8211; \u010derti. A pr\u00e1v\u011b Ti, jakoby je\u0161t\u011b ve &hellip; <a href=\"https:\/\/www.moravecteam.cz\/?p=10554\" class=\"more-link\">Pokra\u010dov\u00e1n\u00ed textu <span class=\"screen-reader-text\">Tr\u00e9nik na Sv. Mikul\u00e1\u0161e&#8230;<\/span> <span class=\"meta-nav\">&rarr;<\/span><\/a><\/p>\n","protected":false},"author":3,"featured_media":10558,"comment_status":"open","ping_status":"closed","sticky":false,"template":"","format":"standard","meta":[],"categories":[9],"tags":[],"_links":{"self":[{"href":"https:\/\/www.moravecteam.cz\/index.php?rest_route=\/wp\/v2\/posts\/10554"}],"collection":[{"href":"https:\/\/www.moravecteam.cz\/index.php?rest_route=\/wp\/v2\/posts"}],"about":[{"href":"https:\/\/www.moravecteam.cz\/index.php?rest_route=\/wp\/v2\/types\/post"}],"author":[{"embeddable":true,"href":"https:\/\/www.moravecteam.cz\/index.php?rest_route=\/wp\/v2\/users\/3"}],"replies":[{"embeddable":true,"href":"https:\/\/www.moravecteam.cz\/index.php?rest_route=%2Fwp%2Fv2%2Fcomments&post=10554"}],"version-history":[{"count":7,"href":"https:\/\/www.moravecteam.cz\/index.php?rest_route=\/wp\/v2\/posts\/10554\/revisions"}],"predecessor-version":[{"id":10566,"href":"https:\/\/www.moravecteam.cz\/index.php?rest_route=\/wp\/v2\/posts\/10554\/revisions\/10566"}],"wp:featuredmedia":[{"embeddable":true,"href":"https:\/\/www.moravecteam.cz\/index.php?rest_route=\/wp\/v2\/media\/10558"}],"wp:attachment":[{"href":"https:\/\/www.moravecteam.cz\/index.php?rest_route=%2Fwp%2Fv2%2Fmedia&parent=10554"}],"wp:term":[{"taxonomy":"category","embeddable":true,"href":"https:\/\/www.moravecteam.cz\/index.php?rest_route=%2Fwp%2Fv2%2Fcategories&post=10554"},{"taxonomy":"post_tag","embeddable":true,"href":"https:\/\/www.moravecteam.cz\/index.php?rest_route=%2Fwp%2Fv2%2Ftags&post=10554"}],"curies":[{"name":"wp","href":"https:\/\/api.w.org\/{rel}","templated":true}]}}