{"id":10570,"date":"2017-12-10T18:08:22","date_gmt":"2017-12-10T17:08:22","guid":{"rendered":"http:\/\/www.moravecteam.cz\/?p=10570"},"modified":"2017-12-10T20:25:44","modified_gmt":"2017-12-10T19:25:44","slug":"moravec-a-kresadlo","status":"publish","type":"post","link":"https:\/\/www.moravecteam.cz\/?p=10570","title":{"rendered":"MORAVEC a &#8222;K\u0159esadlo&#8220;&#8230;"},"content":{"rendered":"<p style=\"text-align: justify;\"><strong><span style=\"color: #800000;\">R\u016fzn\u011b v regionech r\u00e1mci \u010cesk\u00e9 kotliny se ji\u017e po n\u011bkolik let ud\u011bluje\u00a0cena pro ob\u011btav\u00e9 lidi, kte\u0159\u00ed jsou ochotni ud\u011blat p\u0159i pln\u011bn\u00ed sv\u00fdch b\u011b\u017en\u00fdch ka\u017edodenn\u00edch povinnost\u00ed i n\u011bco na v\u00edc&#8230; Stru\u010dn\u011b se pro jedince tohoto zam\u011b\u0159en\u00ed v\u017eil v\u00fdsti\u017en\u00fd n\u00e1zev &#8211; DOBROVOLN\u00cdCI.\u00a0 <\/span><span style=\"color: #800000; background-color: #ffffff;\">N<\/span><span style=\"color: #800000;\">ejlep\u0161\u00ed z nejlep\u0161\u00edch dobrovoln\u00edk\u016f pak jsou\u00a0 ka\u017edoro\u010dn\u011b odm\u011bn\u011b\u0148ov\u00e1ni cenou &#8222;K\u0159esadlo&#8220;. Historick\u00fd n\u00e1stroj, kter\u00fd slou\u017eil v d\u00e1vn\u00e9 minulosti k zalo\u017een\u00ed ohn\u011b symbolizuje a vystihuje podstatu v\u011bci:\u00a0jiskrou za\u017eehnout v srdc\u00edch ostatn\u00edch\u00a0plam\u00ednek z\u00e1jmu ud\u011blat n\u011bco na v\u00edc,\u00a0odm\u00edtat lhostejnost ke \u0161patn\u00fdm v\u011bcem, milovat sv\u00e9ho bli\u017en\u00edho&#8230; Letos poprv\u00e9 se cena &#8222;K\u0159esadlo&#8220; ud\u011blovala i v r\u00e1mci Jihomoravsk\u00e9ho kraje&#8230;<\/span><\/strong><\/p>\n<p style=\"text-align: justify;\"><a href=\"http:\/\/www.moravecteam.cz\/?attachment_id=10575\" rel=\"attachment wp-att-10575\"><img decoding=\"async\" loading=\"lazy\" class=\"alignnone size-full wp-image-10575\" alt=\"Pozvanka_final-page-001\" src=\"http:\/\/www.moravecteam.cz\/wp-content\/uploads\/2017\/12\/Pozvanka_final-page-001.jpg\" width=\"1240\" height=\"585\" srcset=\"https:\/\/www.moravecteam.cz\/wp-content\/uploads\/2017\/12\/Pozvanka_final-page-001.jpg 1240w, https:\/\/www.moravecteam.cz\/wp-content\/uploads\/2017\/12\/Pozvanka_final-page-001-300x141.jpg 300w, https:\/\/www.moravecteam.cz\/wp-content\/uploads\/2017\/12\/Pozvanka_final-page-001-1024x483.jpg 1024w\" sizes=\"(max-width: 1240px) 100vw, 1240px\" \/><\/a><\/p>\n<p style=\"text-align: justify;\"><span style=\"color: #800000;\"><span style=\"color: #000000;\">MORAVEC Team by se o t\u00e9to\u00a0akci v\u016fbec nedozv\u011bd\u011bl, neb\u00fdt starosty <strong><a href=\"http:\/\/www.obecsuchy.cz\/\">obce Such\u00fd<\/a><\/strong>, na\u0161eho kamar\u00e1da <span style=\"color: #800000;\"><strong>Jakuba Hlubinky<\/strong><\/span>. Ten musel v ur\u010dit\u00e9m \u010dase\u00a0zahl\u00e9dnout\u00a0<strong><a href=\"http:\/\/www.hest.cz\/cs-CZ\/co-delame\/cena-kresadlo\">tento \u010dl\u00e1nek<\/a><\/strong> nebo <strong><a href=\"https:\/\/www.brno.cz\/brno-aktualne\/tiskovy-servis\/tiskove-zpravy\/a\/brno-bude-udelovat-cenu-kresadlo-2017\/\">jemu podobn\u00fd<\/a>&#8230;<\/strong> \u017de je\u00a0Kuba mu\u017e \u010dinu, d\u00e1vno dob\u0159e v\u00edme&#8230; Jinak bychom mu Terezku Tlamkovou za man\u017eelku ani nedali&#8230;\u00a0Abych to neprotahoval: p\u0159i\u0161la m\u011b\u00a0 pozv\u00e1nka a d\u00edky n\u011bmu jsem se\u00a0mezi nominovan\u00fdmi ocitnul jako kandid\u00e1t na\u00a0Cenu &#8222;K\u0159esadlo&#8220; 2017 za Jihomoravsk\u00fd kraj tedy i j\u00e1&#8230; P\u0159ekvapilo m\u011b to, ale z\u00e1rove\u0148 si Kubova pohledu na v\u011bc moc v\u00e1\u017e\u00edm a tak trochu jsem\u00a0byl dojat\u00fd&#8230; St\u00e1le m\u00e1m pocit, \u017ee to co d\u011bl\u00e1m mo\u017en\u00e1 na v\u00edc (m\u00e1m te\u010f na mysli aktivitu s n\u00e1zvem MORAVEC Team a t\u00edm dal\u0161\u00ed souvisej\u00edc\u00ed \u010dinnosti), nen\u00ed zas a\u017e tak v\u00fdjime\u010dn\u00e9 a hlavn\u011b: <span style=\"text-decoration: underline;\"><span style=\"color: #800000; text-decoration: underline;\"><strong>ned\u011bl\u00e1m to s\u00e1m&#8230;<\/strong><\/span><\/span> Je kolem m\u011b spousta dal\u0161\u00edch skv\u011bl\u00fdch, stejn\u011b a i v\u00edce ob\u011btav\u00fdch lid\u00ed&#8230; <span style=\"color: #800000;\"><strong>MORAVEC Team je hlavn\u011b o t\u00fdmov\u00e9 pr\u00e1ci!<\/strong><\/span> Tak\u017ee tu nominaci by si zaslou\u017eili ur\u010dit\u011b i dal\u0161\u00ed na\u0161i&#8230;\u00a0A\u0165 tak \u010di tak: Jakubovi moc d\u011bkuji, a moc si v\u00e1\u017e\u00edm toho, \u017ee d\u00edky n\u011bmu\u00a0byl MORAVEC Team\u00a0vid\u011bt\u00a07. prosince v podve\u010der v s\u00e1le\u00a0Divadla na Orl\u00ed v Brn\u011b&#8230; P\u0159e\u010dt\u011bte tedy stru\u010dnou report\u00e1\u017e ze slavnostn\u00edho p\u0159ed\u00e1n\u00ed cen &#8222;K\u0159esadlo&#8220;:<\/span><\/span><\/p>\n<figure id=\"attachment_10582\" aria-describedby=\"caption-attachment-10582\" style=\"width: 2000px\" class=\"wp-caption alignnone\"><a href=\"http:\/\/www.moravecteam.cz\/?attachment_id=10582\" rel=\"attachment wp-att-10582\"><img decoding=\"async\" loading=\"lazy\" class=\" wp-image-10582\" alt=\"IMG_2784\" src=\"http:\/\/www.moravecteam.cz\/wp-content\/uploads\/2017\/12\/IMG_2784.jpg\" width=\"2000\" height=\"1500\" srcset=\"https:\/\/www.moravecteam.cz\/wp-content\/uploads\/2017\/12\/IMG_2784.jpg 2000w, https:\/\/www.moravecteam.cz\/wp-content\/uploads\/2017\/12\/IMG_2784-300x225.jpg 300w, https:\/\/www.moravecteam.cz\/wp-content\/uploads\/2017\/12\/IMG_2784-1024x768.jpg 1024w\" sizes=\"(max-width: 2000px) 100vw, 2000px\" \/><\/a><figcaption id=\"caption-attachment-10582\" class=\"wp-caption-text\">Na p\u0159ed\u00e1v\u00e1n\u00ed ceny &#8222;K\u0159esadlo&#8220; byl MORAVEC Team zastoupen v s\u00edle t\u0159\u00ed reprezentant\u016f!<\/figcaption><\/figure>\n<p style=\"text-align: justify;\">Do Brna s sebou beru p\u0159edsedkyni na\u0161eho FAN Klubu <strong><span style=\"color: #800000;\">Maru\u0161ku Zouhavou<\/span><\/strong> a p\u0159ed divadlem se k n\u00e1m je\u0161t\u011b p\u0159ipojuje moje dcera <span style=\"color: #800000;\"><strong>Veronika Koudelkov\u00e1<\/strong><\/span>, znal\u00e1 dokonale metropolitn\u00edho &#8222;city&#8220;.\u00a0Znovu p\u0159ipom\u00edn\u00e1m, \u017ee v r\u00e1mci JmK byla tato cena vyhla\u0161ov\u00e1na poprv\u00e9, co\u017e bylo\u00a0mo\u017en\u00e1 \u00a0tak trochu na pr\u016fb\u011bhu slavnostn\u00edho ve\u010dera zn\u00e1t. Nominov\u00e1no n\u00e1s bylo celkem 52 a\u00a0 ceny &#8222;K\u0159esadlo&#8220; se vyhla\u0161ovaly v\u00a0sedmi kategori\u00edch. V\u00edt\u011bze vyb\u00edrala \u00b4porota slo\u017een\u00e1 z r\u016fzn\u00fdch odborn\u00edk\u016f, se vztahem k dobrovolnick\u00fdm \u010dinnostem. J\u00e1 byl nominov\u00e1n v kategorii, jej\u00ed\u017e sou\u010d\u00e1st\u00ed byly i volno\u010dasov\u00e9 aktivity.\u00a0V n\u011bkter\u00fdch kategori\u00edch byla &#8211; a to podle po\u010dtu nominovan\u00fdch &#8211; \u00a0vyhl\u00e1\u0161ena i dv\u011b &#8222;K\u0159esadla&#8220;, proto vid\u00edte na spole\u010dn\u00e9 fotce v\u0161ech v\u00edt\u011bz\u016f dobrovoln\u00edk\u016f v\u00edce ne\u017e bylo kategori\u00ed. Drobnost\u00ed, kter\u00e1 by se dala po\u0159adatel\u016fm vytknout bylo, \u017ee laure\u00e1t\u016fm ceny nedali p\u0159i p\u0159ed\u00e1v\u00e1n\u00ed slovo&#8230; Bylo vid\u011bt, \u017ee n\u011bkte\u0159\u00ed z nich cht\u011bli n\u011bco ostatn\u00edm \u0159\u00edct, minim\u00e1ln\u011b pod\u011bkovat&#8230;<\/p>\n<figure id=\"attachment_10578\" aria-describedby=\"caption-attachment-10578\" style=\"width: 2000px\" class=\"wp-caption alignnone\"><a href=\"http:\/\/www.moravecteam.cz\/?attachment_id=10578\" rel=\"attachment wp-att-10578\"><img decoding=\"async\" loading=\"lazy\" class=\" wp-image-10578\" alt=\"IMG_2820\" src=\"http:\/\/www.moravecteam.cz\/wp-content\/uploads\/2017\/12\/IMG_2820.jpg\" width=\"2000\" height=\"1500\" srcset=\"https:\/\/www.moravecteam.cz\/wp-content\/uploads\/2017\/12\/IMG_2820.jpg 2000w, https:\/\/www.moravecteam.cz\/wp-content\/uploads\/2017\/12\/IMG_2820-300x225.jpg 300w, https:\/\/www.moravecteam.cz\/wp-content\/uploads\/2017\/12\/IMG_2820-1024x768.jpg 1024w\" sizes=\"(max-width: 2000px) 100vw, 2000px\" \/><\/a><figcaption id=\"caption-attachment-10578\" class=\"wp-caption-text\">Vpravo ode m\u011b (z Va\u0161eho pohledu vlevo) je pan\u00ed, kter\u00e1 se stala dr\u017eitelkou hned dvou cen &#8222;K\u0159esadlo&#8220;.<\/figcaption><\/figure>\n<p style=\"text-align: justify;\">Jinak jsme ale s holkami za\u017eili pohodov\u00fd podve\u010der mezi bezva lidmi na\u0161\u00ed &#8222;krevn\u00ed skupiny&#8220;, kter\u00fd v\u00fdborn\u011b doplnily t\u0159i vystoupen\u00ed \u010dlen\u016f improviza\u010dn\u00edho <strong><a href=\"http:\/\/www.bafni.cz\/\">divadla Bafni<\/a><\/strong>\u00a0(ch\u00e1pu, \u017ee to z\u0159ejm\u011b znamen\u00e1\u00a0\u00a0\u00a0vybafni, \u0161t\u011bkni&#8230;), kdy\u017e do druh\u00e9ho z nich byla zapojena drobn\u00fdm \u00fakolem i na\u0161e Maru\u0161ka Zouharov\u00e1. V z\u00e1v\u011bru byli pozv\u00e1ni p\u0159ed p\u00f3dium a dekorov\u00e1ni v\u0161ichni nominovan\u00ed, jako\u017e byla i vyhl\u00e1\u0161ena cena s n\u00e1zvem &#8222;Div<span style=\"color: #2b2b2b; background-color: #ffffff;\">o<\/span>k\u00e1 karta&#8220;. O t\u00e9 rozhodovali hlasov\u00e1n\u00edm p\u0159es masm\u00e9dia p\u0159\u00edznivci nominovan\u00fdch. Kr\u00e1lem, resp. Kr\u00e1lovnou leto\u0161n\u00edho brn\u011bnsk\u00e9ho &#8222;K\u0159esadla&#8220; je pan\u00ed, kter\u00e1 stoj\u00ed na spole\u010dn\u00e9 fotce z Va\u0161eho pohledu ode m\u011b vlevo. Vyhr\u00e1la jak jednu z \u0161esti kategori\u00ed, tak i cenu v r\u00e1mci &#8222;Divok\u00e9 karty&#8220;. Podrobn\u011bj\u0161\u00ed informace (jm\u00e9na laure\u00e1t\u016f, n\u00e1zvy \u0161esti kategori\u00ed&#8230;) V\u00e1m bohu\u017eel nejsem schopen sd\u011blit, ten ve\u010der jsem si u\u017e\u00edval jako nominovan\u00fd, a zcela ponechal stranou sv\u016fj\u00a0jindy siln\u00fd novin\u00e1\u0159sk\u00fd a report\u00e9rsk\u00fd z\u00e1pal. Snad se \u010dasem n\u011bkde objev\u00ed podrobnosti\u00a0ze \u010dtvrte\u010dn\u00edho podve\u010dera, v\u010detn\u011b dal\u0161\u00edch fotogaleri\u00ed&#8230;\u00a0Fotograf\u016f tam toti\u017e bylo nadpr\u016fm\u011brn\u011b&#8230; <strong><span style=\"color: #800000;\">Jakube, je\u0161t\u011b jednou za v\u0161echny dobrovoln\u00edky MORAVEC Teamu: MOC D\u011aKUJI!!!<\/span><\/strong> Fotogalerie se n\u00e1m ale poda\u0159ila nasn\u00edmat&#8230; <strong><a href=\"http:\/\/moravecteam.rajce.idnes.cz\/2017.12.07_Predavani_cen_Kresadlo\/\">Mrkn\u011bte<\/a>&#8230;<\/strong><\/p>\n<p style=\"text-align: justify;\"><a href=\"http:\/\/www.moravecteam.cz\/?attachment_id=10604\" rel=\"attachment wp-att-10604\"><img decoding=\"async\" loading=\"lazy\" class=\"alignnone size-full wp-image-10604\" alt=\"IMG_20171210_0001\" src=\"http:\/\/www.moravecteam.cz\/wp-content\/uploads\/2017\/12\/IMG_20171210_0001.jpg\" width=\"3504\" height=\"2448\" srcset=\"https:\/\/www.moravecteam.cz\/wp-content\/uploads\/2017\/12\/IMG_20171210_0001.jpg 3504w, https:\/\/www.moravecteam.cz\/wp-content\/uploads\/2017\/12\/IMG_20171210_0001-300x209.jpg 300w, https:\/\/www.moravecteam.cz\/wp-content\/uploads\/2017\/12\/IMG_20171210_0001-1024x715.jpg 1024w\" sizes=\"(max-width: 3504px) 100vw, 3504px\" \/><\/a><\/p>\n","protected":false},"excerpt":{"rendered":"<p>R\u016fzn\u011b v regionech r\u00e1mci \u010cesk\u00e9 kotliny se ji\u017e po n\u011bkolik let ud\u011bluje\u00a0cena pro ob\u011btav\u00e9 lidi, kte\u0159\u00ed jsou ochotni ud\u011blat p\u0159i pln\u011bn\u00ed sv\u00fdch b\u011b\u017en\u00fdch ka\u017edodenn\u00edch povinnost\u00ed i n\u011bco na v\u00edc&#8230; Stru\u010dn\u011b se pro jedince tohoto zam\u011b\u0159en\u00ed v\u017eil v\u00fdsti\u017en\u00fd n\u00e1zev &#8211; DOBROVOLN\u00cdCI.\u00a0 Nejlep\u0161\u00ed z nejlep\u0161\u00edch dobrovoln\u00edk\u016f pak jsou\u00a0 ka\u017edoro\u010dn\u011b odm\u011bn\u011b\u0148ov\u00e1ni cenou &#8222;K\u0159esadlo&#8220;. Historick\u00fd n\u00e1stroj, kter\u00fd slou\u017eil v &hellip; <a href=\"https:\/\/www.moravecteam.cz\/?p=10570\" class=\"more-link\">Pokra\u010dov\u00e1n\u00ed textu <span class=\"screen-reader-text\">MORAVEC a &#8222;K\u0159esadlo&#8220;&#8230;<\/span> <span class=\"meta-nav\">&rarr;<\/span><\/a><\/p>\n","protected":false},"author":3,"featured_media":10579,"comment_status":"open","ping_status":"closed","sticky":false,"template":"","format":"standard","meta":[],"categories":[13],"tags":[],"_links":{"self":[{"href":"https:\/\/www.moravecteam.cz\/index.php?rest_route=\/wp\/v2\/posts\/10570"}],"collection":[{"href":"https:\/\/www.moravecteam.cz\/index.php?rest_route=\/wp\/v2\/posts"}],"about":[{"href":"https:\/\/www.moravecteam.cz\/index.php?rest_route=\/wp\/v2\/types\/post"}],"author":[{"embeddable":true,"href":"https:\/\/www.moravecteam.cz\/index.php?rest_route=\/wp\/v2\/users\/3"}],"replies":[{"embeddable":true,"href":"https:\/\/www.moravecteam.cz\/index.php?rest_route=%2Fwp%2Fv2%2Fcomments&post=10570"}],"version-history":[{"count":14,"href":"https:\/\/www.moravecteam.cz\/index.php?rest_route=\/wp\/v2\/posts\/10570\/revisions"}],"predecessor-version":[{"id":10612,"href":"https:\/\/www.moravecteam.cz\/index.php?rest_route=\/wp\/v2\/posts\/10570\/revisions\/10612"}],"wp:featuredmedia":[{"embeddable":true,"href":"https:\/\/www.moravecteam.cz\/index.php?rest_route=\/wp\/v2\/media\/10579"}],"wp:attachment":[{"href":"https:\/\/www.moravecteam.cz\/index.php?rest_route=%2Fwp%2Fv2%2Fmedia&parent=10570"}],"wp:term":[{"taxonomy":"category","embeddable":true,"href":"https:\/\/www.moravecteam.cz\/index.php?rest_route=%2Fwp%2Fv2%2Fcategories&post=10570"},{"taxonomy":"post_tag","embeddable":true,"href":"https:\/\/www.moravecteam.cz\/index.php?rest_route=%2Fwp%2Fv2%2Ftags&post=10570"}],"curies":[{"name":"wp","href":"https:\/\/api.w.org\/{rel}","templated":true}]}}