{"id":10586,"date":"2017-12-10T19:01:04","date_gmt":"2017-12-10T18:01:04","guid":{"rendered":"http:\/\/www.moravecteam.cz\/?p=10586"},"modified":"2017-12-10T19:11:21","modified_gmt":"2017-12-10T18:11:21","slug":"patek-moravce-svatek","status":"publish","type":"post","link":"https:\/\/www.moravecteam.cz\/?p=10586","title":{"rendered":"P\u00e1tek, MORAVCE sv\u00e1tek!"},"content":{"rendered":"<p style=\"text-align: justify;\"><span style=\"color: #800000;\"><strong>Skute\u010dn\u00fdm sv\u00e1tkem se pro MORAVEC Team staly p\u00e1te\u010dn\u00ed &#8222;Vojtovy kapky&#8220;! Nebo-li\u00a0tr\u00e9ninky s nov\u00fdm cvi\u010ditelem Vojtou Gr\u00fcnem. Pln\u00fdmi dou\u0161ky jsme si je u\u017eili i\u00a0ty posledn\u00ed, by\u0165 n\u011bkte\u0159\u00ed pravideln\u00ed \u00fa\u010dastn\u00edci, z d\u016fvodu osobn\u00ed \u00fa\u010dasti na cyklokrosov\u00e9m Mistrovstv\u00ed republiky ml\u00e1de\u017enick\u00fdch kategori\u00ed v Kol\u00edn\u011b, tentokr\u00e1t absentovali&#8230;\u00a0<\/strong><\/span><\/p>\n<p style=\"text-align: justify;\">Na p\u0159\u00edstupu tr\u00e9nuj\u00edc\u00edch \u010di jejich kvantitativn\u00edch ukazatel<span style=\"color: #000000; background-color: #ff8888;\">\u00ed<\/span>ch to nebylo ale nijak zn\u00e1t&#8230; A co v\u00edc: k m\u00e9 velk\u00e9 radosti mi u\u017e v sobotu &#8222;p\u0159ist\u00e1la&#8220; v moj\u00ed e-mailov\u00e9 schr\u00e1nce ze cvi\u010den\u00ed supr report\u00e1\u017e, kterou V\u00e1m\u00a0moc r\u00e1d\u00a0posunuji ve &#8222;full version&#8220;:&#8230;<\/p>\n<p style=\"text-align: justify;\"><em><a href=\"http:\/\/www.moravecteam.cz\/?attachment_id=10591\" rel=\"attachment wp-att-10591\"><img decoding=\"async\" loading=\"lazy\" class=\"size-full wp-image-10591 alignleft\" title=\"Monika je nejen v\u00fdborn\u00e1 bikerka, ale evidentn\u011b i stejn\u011b kvalitn\u00ed report\u00e9rka!\" alt=\"IMG_2513\" src=\"http:\/\/www.moravecteam.cz\/wp-content\/uploads\/2017\/12\/IMG_2513.jpg\" width=\"196\" height=\"354\" srcset=\"https:\/\/www.moravecteam.cz\/wp-content\/uploads\/2017\/12\/IMG_2513.jpg 196w, https:\/\/www.moravecteam.cz\/wp-content\/uploads\/2017\/12\/IMG_2513-166x300.jpg 166w\" sizes=\"(max-width: 196px) 100vw, 196px\" \/><\/a>Ahoj Koudy, v\u010derej\u0161\u00ed cvi\u010den\u00ed bylo velmi vyda\u0159en\u00e9 a dali jsme do n\u011bj v\u0161e! A jako v\u017edy bylo v n\u011b\u010dem jin\u00e9 a o to v\u00edc pro m\u011b z\u00e1bavn\u00e9.\u00a0<\/em><br \/>\n<em>V\u0161e zapo\u010dalo rozb\u011bh\u00e1n\u00edm s prvky z atletick\u00e9 abecedy. Pro tentokr\u00e1t Vojta zvolil pro m\u011b nezn\u00e1m\u00fd cvik\u2026 dva kroky a dotek podlahy rukou\u2026 to pro m\u011b bylo zprvu matouc\u00ed, ale pak u\u017e to n\u011bjak \u0161lo.\u00a0\u201cHlavn\u00ed\u201d \u010d\u00e1st cvi\u010den\u00ed byla zam\u011b\u0159en\u00e1 na v\u00fdbu\u0161nou s\u00edlu sval\u016f (douf\u00e1m, \u017ee je to tak spr\u00e1vn\u011b) na nohou. Toto cvi\u010den\u00ed by n\u00e1m m\u011blo pomoci pro rychlej\u0161\u00ed starty. \u0160lo o seskok ze t\u0159et\u00edho patra \u0161v\u00e9dsk\u00e9 bedny a rychl\u00fd v\u00fdskok na lavi\u010dku. Takto to zn\u00ed snadno, av\u0161ak pointou bylo m\u00edt co nejkrat\u0161\u00ed kontakt s podlahou mezi seskokem a v\u00fdskokem\u2026 Po\u0159\u00e1d se to zd\u00e1 snadn\u00e9? Opak je pravdou \u010dty\u0159i s\u00e9rie po dvaceti nebyla \u017e\u00e1dn\u00e1 sranda a v\u0161ichni jsme si m\u00e1kli. Tato \u010d\u00e1st byla zakon\u010dena prota\u017een\u00edm.\u00a0<\/em><br \/>\n<em>Na \u0159adu p\u0159i\u0161ly starty, ale jak u\u017e jsme u Vojty zvykl\u00ed, nebyla to \u017e\u00e1dn\u00e1 \u201cklasika\u201d&#8230; Poskoky, v\u00fdskoky, oto\u010dky, angli\u010d\u00e1ky a r\u016fzn\u00e9 \u201cp\u0159evalov\u00e1n\u00ed\u201d na zemi n\u00e1m u\u017e nen\u00ed ciz\u00ed. Po mnoha startech m\u00e1m pocit, \u017ee jsme za\u010dali poci\u0165ovat \u00fanavu a Vojta si toho taky v\u0161iml, a proto p\u0159i\u0161la na \u0159adu hra.\u00a0<\/em><br \/>\n<em>Tentokr\u00e1t se jednalo o fotbal s t\u011b\u017ek\u00fdm, pro mne do t\u00e9 dob\u011b doby nezn\u00e1m\u00fdm, mal\u00fdm fialov\u00fdm m\u00ed\u010dem. Kapit\u00e1ni Lucka a Maty Koudelkovi si vybrali sv\u00e9 hr\u00e1\u010de.\u00a0<\/em><br \/>\n<em>Team Lucky: Vojta, Pavel a Bar\u010da Tlamkovi a samoz\u0159ejm\u011b Lucka.\u00a0<\/em><br \/>\n<em>Team Matyho: Franta, Eva Zem\u00e1nkov\u00e1, j\u00e1 (Monika) a Maty\u00a0<\/em><br \/>\n<em>Zprvu sk\u00f3roval team Maty, ale jeliko\u017e Vojta je t\u00e9m\u011b\u0159 profesion\u00e1ln\u00ed fotbalista pohl\u00eddal si aby se rychle dostali do veden\u00ed. Samoz\u0159ejm\u011b n\u00e1\u0161 team se nevzd\u00e1val a po urputn\u00e9m boji, p\u0159i sk\u00f3re 7:7, Monika (mus\u00edm se p\u0159eci pochv\u00e1lit) zakon\u010dila hru osm\u00fdm, a pro n\u00e1s v\u00edt\u011bzn\u00fdm, g\u00f3lem. Samoz\u0159ejm\u011b mus\u00edm \u0159\u00edct, \u017ee na\u0161e v\u00fdkony v kopan\u00e9 byly \u00factyhodn\u00e9 a proto v\u00edt\u011bzi jsme byli konec konc\u016f v\u0161ichni.\u00a0<\/em><br \/>\n<em>Kone\u010dn\u00e9 prota\u017een\u00ed a vyd\u00fdch\u00e1n\u00ed, kdy jsme protr\u00e9novali na\u0161i kapacitu plic a spr\u00e1vn\u00e9 d\u00fdch\u00e1n\u00ed. Cel\u00e9 cvi\u010den\u00ed jsme zakon\u010dili na\u0161\u00edm obl\u00edben\u00fdm ZADAREC MORAVEC!\u00a0Toto bylo m\u00e9 shrnut\u00ed p\u00e1te\u010dn\u00edho cvi\u010den\u00ed Monika Kone\u010dn\u00e1.\u00a0<\/em><\/p>\n<p style=\"text-align: justify;\">A j\u00e1 jen dod\u00e1v\u00e1m, \u017ee i kdyby se Monika nepochv\u00e1lila za vst\u0159elenou rozhoduj\u00edc\u00ed v\u00edt\u011bznou branku, pochv\u00e1lil bych ji j\u00e1 za tento moc p\u011bkn\u00fd report a r\u00e1d tak tedy \u010din\u00edm! Vedle Ad\u00e9lky a st. Jirky Zav\u0159elov\u00fdch\u00a0 m\u00e1me na na\u0161e www, zd\u00e1 se, dal\u0161\u00edho zdatn\u00e9ho dopisovatele! D\u00edky moc, Moni!<\/p>\n<p style=\"text-align: justify;\">\n","protected":false},"excerpt":{"rendered":"<p>Skute\u010dn\u00fdm sv\u00e1tkem se pro MORAVEC Team staly p\u00e1te\u010dn\u00ed &#8222;Vojtovy kapky&#8220;! Nebo-li\u00a0tr\u00e9ninky s nov\u00fdm cvi\u010ditelem Vojtou Gr\u00fcnem. Pln\u00fdmi dou\u0161ky jsme si je u\u017eili i\u00a0ty posledn\u00ed, by\u0165 n\u011bkte\u0159\u00ed pravideln\u00ed \u00fa\u010dastn\u00edci, z d\u016fvodu osobn\u00ed \u00fa\u010dasti na cyklokrosov\u00e9m Mistrovstv\u00ed republiky ml\u00e1de\u017enick\u00fdch kategori\u00ed v Kol\u00edn\u011b, tentokr\u00e1t absentovali&#8230;\u00a0 Na p\u0159\u00edstupu tr\u00e9nuj\u00edc\u00edch \u010di jejich kvantitativn\u00edch ukazatel\u00edch to nebylo ale nijak zn\u00e1t&#8230; A &hellip; <a href=\"https:\/\/www.moravecteam.cz\/?p=10586\" class=\"more-link\">Pokra\u010dov\u00e1n\u00ed textu <span class=\"screen-reader-text\">P\u00e1tek, MORAVCE sv\u00e1tek!<\/span> <span class=\"meta-nav\">&rarr;<\/span><\/a><\/p>\n","protected":false},"author":3,"featured_media":10596,"comment_status":"open","ping_status":"closed","sticky":false,"template":"","format":"standard","meta":[],"categories":[9],"tags":[],"_links":{"self":[{"href":"https:\/\/www.moravecteam.cz\/index.php?rest_route=\/wp\/v2\/posts\/10586"}],"collection":[{"href":"https:\/\/www.moravecteam.cz\/index.php?rest_route=\/wp\/v2\/posts"}],"about":[{"href":"https:\/\/www.moravecteam.cz\/index.php?rest_route=\/wp\/v2\/types\/post"}],"author":[{"embeddable":true,"href":"https:\/\/www.moravecteam.cz\/index.php?rest_route=\/wp\/v2\/users\/3"}],"replies":[{"embeddable":true,"href":"https:\/\/www.moravecteam.cz\/index.php?rest_route=%2Fwp%2Fv2%2Fcomments&post=10586"}],"version-history":[{"count":8,"href":"https:\/\/www.moravecteam.cz\/index.php?rest_route=\/wp\/v2\/posts\/10586\/revisions"}],"predecessor-version":[{"id":10600,"href":"https:\/\/www.moravecteam.cz\/index.php?rest_route=\/wp\/v2\/posts\/10586\/revisions\/10600"}],"wp:featuredmedia":[{"embeddable":true,"href":"https:\/\/www.moravecteam.cz\/index.php?rest_route=\/wp\/v2\/media\/10596"}],"wp:attachment":[{"href":"https:\/\/www.moravecteam.cz\/index.php?rest_route=%2Fwp%2Fv2%2Fmedia&parent=10586"}],"wp:term":[{"taxonomy":"category","embeddable":true,"href":"https:\/\/www.moravecteam.cz\/index.php?rest_route=%2Fwp%2Fv2%2Fcategories&post=10586"},{"taxonomy":"post_tag","embeddable":true,"href":"https:\/\/www.moravecteam.cz\/index.php?rest_route=%2Fwp%2Fv2%2Ftags&post=10586"}],"curies":[{"name":"wp","href":"https:\/\/api.w.org\/{rel}","templated":true}]}}