{"id":10601,"date":"2017-12-10T21:44:05","date_gmt":"2017-12-10T20:44:05","guid":{"rendered":"http:\/\/www.moravecteam.cz\/?p=10601"},"modified":"2017-12-10T21:44:05","modified_gmt":"2017-12-10T20:44:05","slug":"cil-byl-v-koline","status":"publish","type":"post","link":"https:\/\/www.moravecteam.cz\/?p=10601","title":{"rendered":"C\u00edl byl v Kol\u00edn\u011b!"},"content":{"rendered":"<p style=\"text-align: justify;\"><span style=\"color: #800000;\"><strong>Definitivn\u011b jsme &#8222;odzvonili&#8220; leto\u0161n\u00ed sez\u00f3n\u011b na cyklokrosov\u00e9m Mistrovstv\u00ed \u010cesk\u00e9 republiky v ml\u00e1de\u017enick\u00fdch kategori\u00edch minulou sobotu ve st\u0159edo\u010desk\u00e9m Kol\u00edn\u011b. P\u016fvodn\u011b tren\u00e9ry stanoven\u00e1 sedmi\u010dlenn\u00e1 do\u010dasn\u00e1 cyklokrosa\u0159sk\u00e1 rota se na\u00a0vyvrcholen\u00ed sez\u00f3ny &#8222;smrskla&#8220; na pouhou jedinou z\u00e1vodnici, kdy\u017e neb\u00fdvalou devastaci v podob\u011b ne\u010dekan\u00e9ho \u00fabytku &#8222;pracovn\u00edch sil&#8220; letos\u00a0zp\u016fsobily\u00a0nejen zdravotn\u00ed probl\u00e9my na\u0161ich kl\u00ed\u010dov\u00fdch rajdr\u016f&#8230;\u00a0Leto\u0161n\u00ed\u00a0 cyklokrosov\u00e9 fiasko je velk\u00fdm pou\u010den\u00edm pro dal\u0161\u00ed dny a u\u017e te\u010f je zcela jasn\u00e9, \u017ee pro p\u0159\u00ed\u0161t\u00ed sez\u00f3nu bude hodn\u011b v\u011bc\u00ed, souvisej\u00edc\u00edch s vrcholovou reprezentac\u00ed MORAVEC Teamu &#8211; \u0159e\u0161eno \u00fapln\u011b jinak&#8230;<\/strong><\/span><\/p>\n<figure id=\"attachment_10619\" aria-describedby=\"caption-attachment-10619\" style=\"width: 841px\" class=\"wp-caption alignnone\"><a href=\"http:\/\/www.moravecteam.cz\/?attachment_id=10619\" rel=\"attachment wp-att-10619\"><img decoding=\"async\" loading=\"lazy\" class=\" wp-image-10619\" alt=\"Untitled\" src=\"http:\/\/www.moravecteam.cz\/wp-content\/uploads\/2017\/12\/Untitled.jpg\" width=\"841\" height=\"565\" srcset=\"https:\/\/www.moravecteam.cz\/wp-content\/uploads\/2017\/12\/Untitled.jpg 841w, https:\/\/www.moravecteam.cz\/wp-content\/uploads\/2017\/12\/Untitled-300x201.jpg 300w\" sizes=\"(max-width: 841px) 100vw, 841px\" \/><\/a><figcaption id=\"caption-attachment-10619\" class=\"wp-caption-text\">Soust\u0159ed\u011bn\u00e1 Eli\u0161ka Han\u00e1kov\u00e1 na startu sv\u00e9ho prvn\u00edho cyklokrosov\u00e9ho &#8222;mistr\u00e1ku&#8220; v Kol\u00edn\u011b.<\/figcaption><\/figure>\n<p style=\"text-align: justify;\">Ale vra\u0165me se do Kol\u00edna, kde na\u0161i letos toliko bolavou cyklokrosovou du\u0161i\u010dku alespo\u0148 \u00b4trochu zhojila v\u011bkem je\u0161t\u011b \u017e\u00e1kyn\u011b <strong><span style=\"color: #800000;\">Eli\u0161ka Han\u00e1kov\u00e1.<\/span><\/strong> Bez \u00favodn\u00edch dvou z\u00e1vod\u016f jich odjela v\u0161ech zbyl\u00fdch osm a v\u00fdkonov\u011b i v\u00fdsledkov\u011b kulminovala pr\u00e1v\u011b na sobotn\u00edm kol\u00ednsk\u00e9m &#8222;mistr\u00e1ku&#8220;, p\u0159i\u010dem\u017e z\u00e1vodila ofici\u00e1ln\u011b v kategorii kadetek, tud\u00ed\u017e jej\u00edmi soupe\u0159kami byla vesm\u011bs d\u011bv\u010data o hodn\u011b star\u0161\u00ed. O to v\u00edc vynikaj\u00ed v\u00fdsledky na\u0161\u00ed mlad\u00e9 cyklistky, kter\u00e1 je pr\u00e1vem cyklistick\u00fdmi odborn\u00edky ozna\u010dov\u00e1na jako jeden z\u00a0 objev\u016f leto\u0161n\u00ed sez\u00f3ny!<\/p>\n<figure id=\"attachment_10617\" aria-describedby=\"caption-attachment-10617\" style=\"width: 367px\" class=\"wp-caption aligncenter\"><a href=\"http:\/\/www.moravecteam.cz\/?attachment_id=10617\" rel=\"attachment wp-att-10617\"><img decoding=\"async\" loading=\"lazy\" class=\"size-full wp-image-10617 \" alt=\"IMG_2871\" src=\"http:\/\/www.moravecteam.cz\/wp-content\/uploads\/2017\/12\/IMG_2871.jpg\" width=\"367\" height=\"415\" srcset=\"https:\/\/www.moravecteam.cz\/wp-content\/uploads\/2017\/12\/IMG_2871.jpg 367w, https:\/\/www.moravecteam.cz\/wp-content\/uploads\/2017\/12\/IMG_2871-265x300.jpg 265w\" sizes=\"(max-width: 367px) 100vw, 367px\" \/><\/a><figcaption id=\"caption-attachment-10617\" class=\"wp-caption-text\">Spokojen\u00fd \u00fasm\u011bv za c\u00edlovou p\u00e1skou byl u Eli\u0161ky po v\u00fdborn\u00e9m v\u00fdkonu zcela na m\u00edst\u011b!<\/figcaption><\/figure>\n<p style=\"text-align: justify;\">I v Kol\u00edn\u011b, podobn\u011b jako v p\u0159edchoz\u00edch z\u00e1vodech,\u00a0se musela &#8222;Ellis&#8220; vyrovnat se skute\u010dnost\u00ed startu ze zadn\u00edch \u0159ad, kdy tuto skute\u010dnost ur\u010duje vyjet\u00fd po\u010det bod\u016f z dosavadn\u00edch poh\u00e1rov\u00fdch z\u00e1vod\u016f. To, \u017ee z d\u016fvodu nemoci prvn\u00ed dva vynechala, sehr\u00e1lo samoz\u0159ejm\u011b roli, stejn\u011b jako jabkenick\u00e1 sm\u016fla, kdy z\u00e1vod po technick\u00fdch probl\u00e9mech dokon\u010dila na nebodovan\u00e9 pozici. P\u0159esto, nebo pr\u00e1v\u011b proto, se postupn\u011b dok\u00e1zala Eli\u0161ka trp\u011bliv\u011b &#8222;prokous\u00e1vat lesem&#8220; soupe\u0159ek z\u00e1vod od z\u00e1vodu na vy\u0161\u0161\u00ed stup\u00ednky, aby se v posledn\u00edch dvou &#8222;race&#8220; dokonce pevn\u011b\u00a0usadila v elitn\u00ed dvac\u00edtce v\u00fdsledkov\u00fdch listin! Po sobotn\u00edm Kol\u00edn\u011b m\u00e1me tedy v na\u0161ich \u0159ad\u00e1ch 17. nejlep\u0161\u00ed &#8222;kadetku&#8220; v \u010cR a na okam\u017eik, kdy v z\u00e1v\u011bre\u010dn\u00e9m kole na ob\u00e1van\u00e9 \u010d\u00e1sti trat\u011b, kterou je m\u00edstn\u00ed pov\u011bstn\u00e1, zcela p\u0159\u00edrodn\u00ed, p\u00edse\u010dn\u00e1 duna, &#8222;skolila&#8220; hned dv\u011b soupe\u0159ky, budeme je\u0161t\u011b hodn\u011b dlouho vzpom\u00ednat! Eli\u0161ko bravo a d\u00edky za vzorn\u00e9 repre odd\u00edlu po celou sez\u00f3nu! Jen tak d\u00e1l! Je\u0161t\u011b p\u0159ipomenu, \u017ee celkov\u011b se &#8222;Elsa&#8220; um\u00edstila v \u010cP na 23. m\u00edst\u011b se ziskem 70 bod\u016f a v konkurenci 48 soupe\u0159ek se tedy za\u0159adila do horn\u00ed poloviny sum\u00e1rn\u00ed v\u00fdsledkov\u00e9 listiny.<\/p>\n<figure id=\"attachment_10616\" aria-describedby=\"caption-attachment-10616\" style=\"width: 509px\" class=\"wp-caption alignnone\"><a href=\"http:\/\/www.moravecteam.cz\/?attachment_id=10616\" rel=\"attachment wp-att-10616\"><img decoding=\"async\" loading=\"lazy\" class=\" wp-image-10616\" alt=\"01c-8478\" src=\"http:\/\/www.moravecteam.cz\/wp-content\/uploads\/2017\/12\/01c-8478.jpg\" width=\"509\" height=\"355\" srcset=\"https:\/\/www.moravecteam.cz\/wp-content\/uploads\/2017\/12\/01c-8478.jpg 509w, https:\/\/www.moravecteam.cz\/wp-content\/uploads\/2017\/12\/01c-8478-300x209.jpg 300w\" sizes=\"(max-width: 509px) 100vw, 509px\" \/><\/a><figcaption id=\"caption-attachment-10616\" class=\"wp-caption-text\">Tom\u00e1\u0161 Tlamka &#8222;Contador&#8220; v pozici &#8222;hon\u00edc\u00edho psa&#8220;. V Kol\u00edn\u011b zajel op\u011bt v\u00fdborn\u011b a medaile mu unikla jen velmi t\u011bsn\u011b&#8230;<\/figcaption><\/figure>\n<p style=\"text-align: justify;\">Pravideln\u011b jsme na poh\u00e1rov\u00fdch cyklokrosech ma\u010dkali palce i na\u0161im odchovanc\u016fm, <strong><span style=\"color: #800000;\">Ad\u00e9le \u0160af\u00e1\u0159ov\u00e9<\/span><\/strong> a Tom\u00e1\u0161i Tlamkovi &#8222;Contadorovi&#8220;, kte\u0159\u00ed aktu\u00e1ln\u011b obl\u00e9kaj\u00ed dresy Nutrend Specialized Teamu. Ani mlad\u00ed &#8222;Rud\u00ed \u010f\u00e1blov\u00e9&#8220; nebyli v Kol\u00edn\u011b kompletn\u00ed. P\u0159i ne\u00fa\u010dasti Ad\u00e9ly \u0160af\u00e1\u0159ov\u00e9 (naj\u00ed\u017ed\u00ed ji\u017e objemov\u00e9 kilometry pro sez\u00f3nu 2018 v teple ostova Malorca), jsme tedy povzbudili alespo\u0148 <span style=\"color: #800000;\"><strong>Tom\u00e1\u0161e Tlamku &#8222;Contadora&#8220;<\/strong><\/span>. Na &#8222;bednu&#8220; jsme ho nakonec sice &#8222;nezahnali&#8220;, nicm\u00e9n\u011b Tomova &#8222;bramborov\u00e1&#8220; medaile m\u00e1 &#8211; vzhledem k jeho zdravotn\u00ed sm\u016fle z \u00favodu sez\u00f3ny &#8211; ur\u010dit\u011b cenu! T\u00edm v\u011bt\u0161\u00ed, kdy\u017e v boji o bronz m\u011bl &#8222;Contador&#8220; stejn\u00fd \u0161as jako David \u0160ulc a oba na v\u00edt\u011bzn\u00e9ho, n\u00e1m dob\u0159e zn\u00e1m\u00e9ho z leto\u0161n\u00ed MTB &#8222;Vrchoviny&#8220; ve Valchov\u011b, Honzu Zatloukala, ztratili pouh\u00fdch 19 vte\u0159inek&#8230; Celkov\u011b bral Tom\u00e1\u0161, co by t\u0159et\u00ed vicemistr, v kone\u010dn\u00e9m hodnocen\u00ed \u010cesk\u00e9ho poh\u00e1ru v cyklokrosu v kategorii kadet\u016f 5. m\u00edsto. Zde si odkontrolujte <strong><a href=\"http:\/\/www.cyklokros.cz\/cz\/toi-toi-cup\/toi-toi-cup-2017\/kolin\/vysledky\">v\u00fdsledky z mistrovsk\u00e9ho Kol\u00edna<\/a><\/strong> a tu\u0165 je k vid\u011bn\u00ed i <strong><a href=\"http:\/\/moravecteam.rajce.idnes.cz\/2017.12.09_MCR_v_cyklokrosu_-_Kolin\/\">fotogalerie<\/a><\/strong>&#8230;<\/p>\n","protected":false},"excerpt":{"rendered":"<p>Definitivn\u011b jsme &#8222;odzvonili&#8220; leto\u0161n\u00ed sez\u00f3n\u011b na cyklokrosov\u00e9m Mistrovstv\u00ed \u010cesk\u00e9 republiky v ml\u00e1de\u017enick\u00fdch kategori\u00edch minulou sobotu ve st\u0159edo\u010desk\u00e9m Kol\u00edn\u011b. P\u016fvodn\u011b tren\u00e9ry stanoven\u00e1 sedmi\u010dlenn\u00e1 do\u010dasn\u00e1 cyklokrosa\u0159sk\u00e1 rota se na\u00a0vyvrcholen\u00ed sez\u00f3ny &#8222;smrskla&#8220; na pouhou jedinou z\u00e1vodnici, kdy\u017e neb\u00fdvalou devastaci v podob\u011b ne\u010dekan\u00e9ho \u00fabytku &#8222;pracovn\u00edch sil&#8220; letos\u00a0zp\u016fsobily\u00a0nejen zdravotn\u00ed probl\u00e9my na\u0161ich kl\u00ed\u010dov\u00fdch rajdr\u016f&#8230;\u00a0Leto\u0161n\u00ed\u00a0 cyklokrosov\u00e9 fiasko je velk\u00fdm pou\u010den\u00edm pro dal\u0161\u00ed &hellip; <a href=\"https:\/\/www.moravecteam.cz\/?p=10601\" class=\"more-link\">Pokra\u010dov\u00e1n\u00ed textu <span class=\"screen-reader-text\">C\u00edl byl v Kol\u00edn\u011b!<\/span> <span class=\"meta-nav\">&rarr;<\/span><\/a><\/p>\n","protected":false},"author":3,"featured_media":10615,"comment_status":"open","ping_status":"closed","sticky":false,"template":"","format":"standard","meta":[],"categories":[1],"tags":[],"_links":{"self":[{"href":"https:\/\/www.moravecteam.cz\/index.php?rest_route=\/wp\/v2\/posts\/10601"}],"collection":[{"href":"https:\/\/www.moravecteam.cz\/index.php?rest_route=\/wp\/v2\/posts"}],"about":[{"href":"https:\/\/www.moravecteam.cz\/index.php?rest_route=\/wp\/v2\/types\/post"}],"author":[{"embeddable":true,"href":"https:\/\/www.moravecteam.cz\/index.php?rest_route=\/wp\/v2\/users\/3"}],"replies":[{"embeddable":true,"href":"https:\/\/www.moravecteam.cz\/index.php?rest_route=%2Fwp%2Fv2%2Fcomments&post=10601"}],"version-history":[{"count":7,"href":"https:\/\/www.moravecteam.cz\/index.php?rest_route=\/wp\/v2\/posts\/10601\/revisions"}],"predecessor-version":[{"id":10622,"href":"https:\/\/www.moravecteam.cz\/index.php?rest_route=\/wp\/v2\/posts\/10601\/revisions\/10622"}],"wp:featuredmedia":[{"embeddable":true,"href":"https:\/\/www.moravecteam.cz\/index.php?rest_route=\/wp\/v2\/media\/10615"}],"wp:attachment":[{"href":"https:\/\/www.moravecteam.cz\/index.php?rest_route=%2Fwp%2Fv2%2Fmedia&parent=10601"}],"wp:term":[{"taxonomy":"category","embeddable":true,"href":"https:\/\/www.moravecteam.cz\/index.php?rest_route=%2Fwp%2Fv2%2Fcategories&post=10601"},{"taxonomy":"post_tag","embeddable":true,"href":"https:\/\/www.moravecteam.cz\/index.php?rest_route=%2Fwp%2Fv2%2Ftags&post=10601"}],"curies":[{"name":"wp","href":"https:\/\/api.w.org\/{rel}","templated":true}]}}