{"id":1061,"date":"2015-07-20T22:51:06","date_gmt":"2015-07-20T20:51:06","guid":{"rendered":"http:\/\/www.moravecteam.cz\/?p=1061"},"modified":"2015-07-20T23:28:02","modified_gmt":"2015-07-20T21:28:02","slug":"frantisek-ladislav-za-dvermi","status":"publish","type":"post","link":"https:\/\/www.moravecteam.cz\/?p=1061","title":{"rendered":"F. L. je za dve\u0159mi&#8230;"},"content":{"rendered":"<p style=\"text-align: justify;\"><span style=\"color: #800000;\"><strong>Po nahu\u0161t\u011bn\u00e9m z\u00e1vodn\u00edm programu z minul\u00fdch dn\u00ed je na \u010dase si &#8222;d\u00e1t voraz&#8220;&#8230; Jen tak si v klidu vysko\u010dit do sedla biku a jen tak si zajet tam \u010di onam, onde si d\u00e1t zmrzku, dobrou &#8222;ch\u00e1lku&#8220;, tu spl\u00e1chnout studen\u00fdm piv\u00ednkem, \u010di kofolkou&#8230;\u00a0<\/strong><\/span><\/p>\n<p style=\"text-align: justify;\">V\u011b\u0159\u00edm, \u017ee takovou to cyklistickou pohodu, kl\u00eddek (a v p\u0159\u00edpad\u011b MORAVC\u016e vesm\u011b bez tab\u00e1\u010dku) n\u00e1m od pond\u011bl\u00ed 27. \u010dervence do \u010dtvrtku 30. \u010dervence poskytne tradi\u010dn\u00ed, nev\u00edm u\u017e kolik\u00e1t\u00fd odd\u00edlov\u00fd kemp. Je tak trochu ironi\u00ed osudu, \u017ee by\u0165 MORAVEC se ji\u017e nach\u00e1z\u00ed sv\u00fdm st\u00e1\u0159\u00edm v pubert\u011b, do rodn\u00fdch kon\u010din na\u0161\u00ed Ikony &#8211; Vlastimila MORAVCE &#8222;zabrous\u00edme&#8220; a\u017e letos&#8230; Obec Spy, kde se Vlast\u00edk narodil, a kter\u00e1 je dnes sou\u010d\u00e1st\u00ed Nov\u00e9ho M\u011bsta nad Metuj\u00ed, nen\u00ed zrovna &#8222;za rohem&#8220; a toto snad budi\u017e omluvou, \u017ee jedeme do MORAVCOVA rodi\u0161t\u011b s takov\u00fdm zpo\u017ed\u011bn\u00edm&#8230; Logicky mus\u00edme pou\u017e\u00edt i zcela jin\u00fd, dosud neov\u011b\u0159en\u00fd zp\u016fsob p\u0159epravy do c\u00edlov\u00e9 lokality. A jestli\u017ee minul\u00e9 na\u0161e kempy byly veskrze riskantn\u00edmi podniky, tak ten leto\u0161n\u00ed bude &#8211; v\u011b\u0159te &#8211; riskantn\u00ed dvojn\u00e1sob. Snad proto se mi p\u0159ihl\u00e1sili v po\u017eadovan\u00e9m term\u00ednu Ti nejstate\u010dn\u011bj\u0161\u00ed z nejstate\u010dn\u011bj\u0161\u00edch z na\u0161ich \u0159ad&#8230; Tak\u017ee stru\u010dn\u011b k p\u0159edb\u011b\u017en\u00e9mu sc\u00e9n\u00e1\u0159i operace s kryc\u00edm n\u00e1zvem <span style=\"color: #800000;\"><strong>FRANTI\u0160EK LADISLAV (F.L.):<\/strong><\/span><\/p>\n<ul>\n<li style=\"text-align: justify;\">Sraz s koly a bato\u017einami bude v den &#8222;D&#8220; v 9.00 na vlakov\u00e9m n\u00e1dra\u017e\u00ed ve Skalici nad Svitavou.<\/li>\n<li style=\"text-align: justify;\">Bato\u017einy nalo\u017e\u00edme do doprovodn\u00e9ho vozidla s volac\u00edm zakem Apollo 18.<\/li>\n<li style=\"text-align: justify;\">Sebe a kola nalo\u017e\u00edme do rychl\u00edku \u0160pilberk, kter\u00e1 se s n\u00e1mi rozjede v 9.30 a po ho\u010fce rychl\u00e9 j\u00edzdy z neho vysk\u00e1\u010deme ladn\u00fdmi paraktouly v \u017eelezni\u010dn\u00ed stanici jm\u00e9nem Choce\u0148.<\/li>\n<li style=\"text-align: justify;\">Odtud popojedeme (cca 40km) za sistence Apolla 18 na do\u010dasnou z\u00e1kladnu, kterou bude ponzion Jord\u00e1nek ve m\u011bste\u010dku Opo\u010dno.\u00a0<strong><a href=\"http:\/\/www.jordanek.cz\/\">http:\/\/www.jordanek.cz\/<\/a><\/strong><\/li>\n<li style=\"text-align: justify;\">V \u00fater\u00fd a st\u0159edu n\u00e1s \u010dekaj\u00ed tradi\u010dn\u00ed v\u00fdlety, kter\u00e9 povedou nejen po stop\u00e1ch Vlastimila MORAVCE, ve stejn\u00e9 dny + v pond\u011bl\u00ed se m\u016f\u017eete t\u011b\u0161it i na tradi\u010dn\u00ed t\u00e1bor\u00e1\u010dky&#8230;<\/li>\n<li style=\"text-align: justify;\">Obr\u00e1cen\u00fdm postupem se vr\u00e1t\u00edme zp\u011bt ve \u010dtvrtek 30. \u010dervence, p\u00e1tek 31.7.2015 vyu\u017eijeme na regeneraci p\u0159ed d\u016fle\u017eit\u00fdm z\u00e1vodem PDV ve Valchov\u011b. Co se n\u00e1klad\u016f na cestu t\u00fd\u010de, uvedu v\u0161e zde do konce tohoto pracovn\u00edho t\u00fddne, p\u0159i\u010dem\u017e inspek\u010dn\u00ed pr\u016fzkumnou cestu do c\u00edlov\u00e9 lokality vykon\u00e1m osobn\u011b je\u0161t\u011b p\u0159ed na\u0161\u00edm ostr\u00fdm v\u00fdpadem.<\/li>\n<\/ul>\n<p style=\"text-align: justify;\">N\u00ed\u017ee je seznam nahl\u00e1\u0161n\u00fdch \u00fa\u010dastn\u00edk\u016f z\u00e1jezdu se kter\u00fdmi po\u010d\u00edt\u00e1m. V p\u0159\u00edpad\u011b zm\u011bny mi dejte v\u011bd\u011bt nejpozd\u011bji v pr\u016fb\u011bhu z\u00edt\u0159ka, <strong><span style=\"color: #800000;\">\u00fater\u00fd 21.7.2015<\/span><\/strong> (kv\u016fli rezervaci m\u00edstenek u \u010cD).\u00a0<strong><a href=\"http:\/\/www.moravecteam.cz\/?attachment_id=1071\" rel=\"attachment wp-att-1071\">Kemp Opo\u010dno 2015 &#8211; seznam \u00fa\u010dastn\u00edk\u016f<\/a><\/strong><\/p>\n","protected":false},"excerpt":{"rendered":"<p>Po nahu\u0161t\u011bn\u00e9m z\u00e1vodn\u00edm programu z minul\u00fdch dn\u00ed je na \u010dase si &#8222;d\u00e1t voraz&#8220;&#8230; Jen tak si v klidu vysko\u010dit do sedla biku a jen tak si zajet tam \u010di onam, onde si d\u00e1t zmrzku, dobrou &#8222;ch\u00e1lku&#8220;, tu spl\u00e1chnout studen\u00fdm piv\u00ednkem, \u010di kofolkou&#8230;\u00a0 V\u011b\u0159\u00edm, \u017ee takovou to cyklistickou pohodu, kl\u00eddek (a v p\u0159\u00edpad\u011b MORAVC\u016e vesm\u011b bez &hellip; <a href=\"https:\/\/www.moravecteam.cz\/?p=1061\" class=\"more-link\">Pokra\u010dov\u00e1n\u00ed textu <span class=\"screen-reader-text\">F. L. je za dve\u0159mi&#8230;<\/span> <span class=\"meta-nav\">&rarr;<\/span><\/a><\/p>\n","protected":false},"author":3,"featured_media":1067,"comment_status":"closed","ping_status":"closed","sticky":false,"template":"","format":"standard","meta":[],"categories":[13],"tags":[],"_links":{"self":[{"href":"https:\/\/www.moravecteam.cz\/index.php?rest_route=\/wp\/v2\/posts\/1061"}],"collection":[{"href":"https:\/\/www.moravecteam.cz\/index.php?rest_route=\/wp\/v2\/posts"}],"about":[{"href":"https:\/\/www.moravecteam.cz\/index.php?rest_route=\/wp\/v2\/types\/post"}],"author":[{"embeddable":true,"href":"https:\/\/www.moravecteam.cz\/index.php?rest_route=\/wp\/v2\/users\/3"}],"replies":[{"embeddable":true,"href":"https:\/\/www.moravecteam.cz\/index.php?rest_route=%2Fwp%2Fv2%2Fcomments&post=1061"}],"version-history":[{"count":9,"href":"https:\/\/www.moravecteam.cz\/index.php?rest_route=\/wp\/v2\/posts\/1061\/revisions"}],"predecessor-version":[{"id":1073,"href":"https:\/\/www.moravecteam.cz\/index.php?rest_route=\/wp\/v2\/posts\/1061\/revisions\/1073"}],"wp:featuredmedia":[{"embeddable":true,"href":"https:\/\/www.moravecteam.cz\/index.php?rest_route=\/wp\/v2\/media\/1067"}],"wp:attachment":[{"href":"https:\/\/www.moravecteam.cz\/index.php?rest_route=%2Fwp%2Fv2%2Fmedia&parent=1061"}],"wp:term":[{"taxonomy":"category","embeddable":true,"href":"https:\/\/www.moravecteam.cz\/index.php?rest_route=%2Fwp%2Fv2%2Fcategories&post=1061"},{"taxonomy":"post_tag","embeddable":true,"href":"https:\/\/www.moravecteam.cz\/index.php?rest_route=%2Fwp%2Fv2%2Ftags&post=1061"}],"curies":[{"name":"wp","href":"https:\/\/api.w.org\/{rel}","templated":true}]}}