{"id":10625,"date":"2017-12-11T08:35:02","date_gmt":"2017-12-11T07:35:02","guid":{"rendered":"http:\/\/www.moravecteam.cz\/?p=10625"},"modified":"2017-12-11T08:35:02","modified_gmt":"2017-12-11T07:35:02","slug":"adventni-behani","status":"publish","type":"post","link":"https:\/\/www.moravecteam.cz\/?p=10625","title":{"rendered":"Adventn\u00ed b\u011bh\u00e1n\u00ed&#8230;"},"content":{"rendered":"<p style=\"text-align: justify;\"><strong><span style=\"color: #800000;\">Hned t\u0159i z\u00e1vody m\u00e1 v \u010dase Adventu popul\u00e1rn\u00ed b\u011b\u017eeck\u00e1 s\u00e9rie Brn\u011bnsk\u00fd b\u011b\u017eeck\u00fd poh\u00e1r, p\u0159i\u010dem\u017e druh\u00fd z t\u011bch Adventn\u00edch, z\u00e1vod ve Vranov\u011b &#8211; &#8222;Vranovsk\u00fd \u017eleb&#8220;, se b\u011b\u017eel minulou sobotu, stejn\u011b jako b\u011b\u017eeck\u00e9 z\u00e1vody ve Sv\u011btl\u00e9 u Cetkovic, kde se ve stejn\u00e9m term\u00ednu b\u011b\u017eel Klimatex Mikul\u00e1\u0161sk\u00fd b\u011bh. Ani jeden z obou atletick\u00fdch podnik\u016f nebyl prost \u010dlen\u016f MORAVEC Teamu a dosa\u017een\u00e9 v\u00fdsledky na\u0161ich mlad\u00fdch atlet\u016f jsou v\u00edce ne\u017e pozoruhodn\u00e9!<\/span><\/strong><\/p>\n<figure id=\"attachment_10632\" aria-describedby=\"caption-attachment-10632\" style=\"width: 1550px\" class=\"wp-caption alignnone\"><a href=\"http:\/\/www.moravecteam.cz\/?attachment_id=10632\" rel=\"attachment wp-att-10632\"><img decoding=\"async\" loading=\"lazy\" class=\" wp-image-10632\" alt=\"264\" src=\"http:\/\/www.moravecteam.cz\/wp-content\/uploads\/2017\/12\/264.jpg\" width=\"1550\" height=\"1452\" srcset=\"https:\/\/www.moravecteam.cz\/wp-content\/uploads\/2017\/12\/264.jpg 1550w, https:\/\/www.moravecteam.cz\/wp-content\/uploads\/2017\/12\/264-300x281.jpg 300w, https:\/\/www.moravecteam.cz\/wp-content\/uploads\/2017\/12\/264-1024x959.jpg 1024w\" sizes=\"(max-width: 1550px) 100vw, 1550px\" \/><\/a><figcaption id=\"caption-attachment-10632\" class=\"wp-caption-text\">Zlato a bronz brala d\u011bv\u010data MORAVEC Teamu na Mikul\u00e1\u0161sk\u00e9m b\u011bhu ve Sv\u011btl\u00e9m v kategorii do 6 let.<\/figcaption><\/figure>\n<p style=\"text-align: justify;\">Poj\u010fme na to chronologicky, jak \u0161ly ob\u011b &#8222;race&#8220; za sebou&#8230; BBP se b\u011bh\u00e1 dopoledne a ve Vranov\u011b tomu nebylo jinak. Pot\u011b\u0161ilo p\u011bt na\u0161ich snajpr\u016f na startu, je\u0161t\u011b v\u00edc pot\u011b\u0161ilo, \u017ee se v\u0161ichni v\u00fdsledkov\u011b ve\u0161li do TOP 15 a kdy\u017e u\u017e jsme u toho stup\u0148ov\u00e1n\u00ed: \u00fapln\u011b nejv\u00edce pot\u011b\u0161ily st\u0159\u00edbrn\u00e1 medaile na\u0161\u00ed <strong><span style=\"color: #800000;\">Just\u00fdnky Novotn\u00e9<\/span> <\/strong>v z\u00e1vod\u011b kategorie &#8222;P\u0159\u00edpravka mlad\u0161\u00ed d\u00edvky&#8220;! Blahop\u0159ejeme! Rtu\u0165ovit\u00e1\u00a0Jus\u0165a tak nav\u00e1zala na medailovou stopu <strong><span style=\"color: #800000;\">Filipa Eclera<\/span> <\/strong>z Mikul\u00e1\u0161sk\u00e9ho b\u011bhu z p\u0159ed t\u00fddne na Okrouhl\u00e9. V kategorii star\u0161\u00edch \u017e\u00e1ky\u0148 se na startu BBP letos poprv\u00e9 objevila <strong><span style=\"color: #800000;\">Ad\u00e9la Kubinov\u00e1<\/span> <\/strong>a bl\u00fdskla se 6. m\u00edstem. V z\u00e1vod\u011b kategorie &#8222;P\u0159\u00edpravka star\u0161\u00ed d\u00edvky&#8220; si vedla velmi dob\u0159e v c\u00edli 12. <span style=\"color: #800000;\"><strong>Barbora Janovsk\u00e1<\/strong> <\/span>a jen stup\u00ednek n\u00ed\u017ee dob\u011bhl mezi mlad\u0161\u00edmi \u017e\u00e1ky <strong><span style=\"color: #800000;\">Roman \u0160indel\u00e1\u0159<\/span> <\/strong>(13. m\u00edsto). V z\u00e1vod\u011b kategorie &#8222;P\u0159\u00edpravka nejmlad\u0161\u00ed ho\u0161i&#8220; zavr\u0161il velmi zd\u00e1rn\u011b na\u0161i vranovskou atletickou misi 15. m\u00edstem <strong><span style=\"color: #800000;\">Jon\u00e1\u0161ek Janovsk\u00fd<\/span><\/strong>! Palce jsme dr\u017eeli v z\u00e1vod\u011b mu\u017e\u016f i na\u0161emu p\u00e1te\u010dn\u00edmu pravideln\u00e9mu &#8222;tr\u00fdzniteli&#8220;,<span style=\"color: #800000;\"><strong>\u00a0Vojtovi Gr\u00fcnovi<\/strong><\/span>, kter\u00fd dob\u011bhl na kvalitn\u00edm, 7. m\u00edst\u011b se ztr\u00e1tou p\u016fldruh\u00e9 minutky na v\u00edt\u011bze Honzy Kohuta.\u00a0\u00a0Bravo MORAVEC! Zde je z Vranova ke kontrole v\u00fdsledkov\u00fd servis&#8230;<\/p>\n<figure id=\"attachment_10631\" aria-describedby=\"caption-attachment-10631\" style=\"width: 1962px\" class=\"wp-caption alignnone\"><a href=\"http:\/\/www.moravecteam.cz\/?attachment_id=10631\" rel=\"attachment wp-att-10631\"><img decoding=\"async\" loading=\"lazy\" class=\" wp-image-10631\" alt=\"260\" src=\"http:\/\/www.moravecteam.cz\/wp-content\/uploads\/2017\/12\/260.jpg\" width=\"1962\" height=\"1569\" srcset=\"https:\/\/www.moravecteam.cz\/wp-content\/uploads\/2017\/12\/260.jpg 1962w, https:\/\/www.moravecteam.cz\/wp-content\/uploads\/2017\/12\/260-300x239.jpg 300w, https:\/\/www.moravecteam.cz\/wp-content\/uploads\/2017\/12\/260-1024x818.jpg 1024w\" sizes=\"(max-width: 1962px) 100vw, 1962px\" \/><\/a><figcaption id=\"caption-attachment-10631\" class=\"wp-caption-text\">Nejmlad\u0161\u00ed el\u00e9vov\u00e9 byli je\u0161t\u011b lep\u0161\u00ed na\u0161ich holek, kdy\u017e brali &#8222;double&#8220;: Zlato Honza, st\u0159\u00edbro Jon\u00e1\u0161ek!<\/figcaption><\/figure>\n<p style=\"text-align: justify;\">Mikul\u00e1\u0161sk\u00fd b\u011bh ve Sv\u011btl\u00e9 startoval a\u017e v sobotu po poledni, tak\u017ee nap\u0159\u00edklad podp\u016frn\u00e9 t\u00fdmy Barunky\u00a0a Jon\u00e1\u0161ka Janovsk\u00fdch\u00a0\u010di Ad\u00e9ly Kubinov\u00e9 zvl\u00e1dly p\u0159ejet z Vranova i do Sv\u011btl\u00e9 a\u00a0na\u0161i mlad\u00ed rajd\u0159i stihnuli\u00a0je\u0161t\u011b i druhou atletickou &#8222;kl\u00e1du&#8220;! Pochvala! Krom\u011b nich si Sv\u011btlou &#8222;st\u0159ihlo&#8220; je\u0161t\u011b dal\u0161\u00edch\u00a0\u0161est MORAVC\u016e a v\u011b\u0159te &#8211; nev\u011b\u0159te, v\u0161ichni vybojovali medaile!\u00a0\u0160est zlat\u00fdch, dv\u011b st\u0159\u00edbrn\u00e9 a jednu bronzovou! Znovu velk\u00e1 gratulace! Poj\u010fme si par\u00e1dn\u00ed v\u00fdsledky na\u0161ich zrekapitulovat:<\/p>\n<ul>\n<li>\n<div style=\"text-align: justify;\">Chlapci do 6 let &#8211; 150m: <span style=\"color: #ff6600;\"><strong>1. Honza Franti\u0161ek Lipensk\u00fd<\/strong><\/span>, <strong><span style=\"color: #808080;\">2. Jon\u00e1\u0161ek Janovsk\u00fd<\/span><\/strong><\/div>\n<\/li>\n<li>D\u00edvky do 6 let &#8211; 150 m:<strong><span style=\"color: #ff6600;\"> 1. Jana Maru\u0161ka Lipensk\u00e1<\/span><\/strong>, &#8230; <strong><span style=\"color: #800000;\">3. Leonka Eclerov\u00e1<\/span><\/strong><\/li>\n<li>Chlapci 7 &#8211; 9 let &#8211; 300m: <span style=\"color: #ff9900;\"><strong><span style=\"color: #ff6600;\">1. Matou\u0161 Lipensk\u00fd<\/span><\/strong><\/span>, <strong><span style=\"color: #808080;\">2. Filip Ecler<\/span><\/strong><\/li>\n<li>D\u00edvky 7 &#8211; 9 let &#8211; 300m: <strong><span style=\"color: #ff6600;\">1. Barunka Janovsk\u00e1<\/span><\/strong><\/li>\n<li>Chlapci +10 let: <strong><span style=\"color: #ff6600;\">1. V\u00ed\u0165a Lipensk\u00fd<\/span><\/strong><\/li>\n<li>D\u00edvky +10 let: <strong><span style=\"color: #ff6600;\">1. Ad\u00e9la Kubinov\u00e1<\/span><\/strong><\/li>\n<\/ul>\n<figure id=\"attachment_10633\" aria-describedby=\"caption-attachment-10633\" style=\"width: 1334px\" class=\"wp-caption alignnone\"><a href=\"http:\/\/www.moravecteam.cz\/?attachment_id=10633\" rel=\"attachment wp-att-10633\"><img decoding=\"async\" loading=\"lazy\" class=\" wp-image-10633\" alt=\"272\" src=\"http:\/\/www.moravecteam.cz\/wp-content\/uploads\/2017\/12\/272.jpg\" width=\"1334\" height=\"1302\" srcset=\"https:\/\/www.moravecteam.cz\/wp-content\/uploads\/2017\/12\/272.jpg 1334w, https:\/\/www.moravecteam.cz\/wp-content\/uploads\/2017\/12\/272-25x25.jpg 25w, https:\/\/www.moravecteam.cz\/wp-content\/uploads\/2017\/12\/272-300x292.jpg 300w, https:\/\/www.moravecteam.cz\/wp-content\/uploads\/2017\/12\/272-1024x999.jpg 1024w\" sizes=\"(max-width: 1334px) 100vw, 1334px\" \/><\/a><figcaption id=\"caption-attachment-10633\" class=\"wp-caption-text\">Druh\u00e9 &#8222;double&#8220; pro MORAVEC bylo z &#8222;autorsk\u00e9 d\u00edlny&#8220; Matou\u0161 Lipensk\u00fd \/ Filip Ecler.<\/figcaption><\/figure>\n<p style=\"text-align: justify;\">Bravo MORAVEC! Je\u0161t\u011b jednou blahop\u0159ejeme a d\u00edky v\u0161em za vzorn\u00e9 repre odd\u00edlu! D\u00edky tak\u00e9, samo, \u017ee, podp\u016frn\u00fdm rodinn\u00fdm t\u00fdm\u016fm! Pochv\u00e1l\u00edme i po\u0159adatele Mikul\u00e1\u0161sk\u00e9ho b\u011bhu za vzorn\u011b zorganizovan\u00fd z\u00e1vod, kter\u00fd byl &#8211; tak jak se na Mikul\u00e1\u0161sk\u00fd b\u011bh slu\u0161\u00ed &#8211; i z hlediska odm\u011b\u0148ov\u00e1n\u00ed d\u011bt\u00ed &#8211; nad pr\u016fm\u011br \u0161t\u011bdr\u00fd! Zde je ke studiu ji\u017e\u00a0<a href=\"http:\/\/behsvetlou.matesing.cz\/index.php?mid=1\"><strong>kompletn\u00ed v\u00fdsledkov\u00fd servis<\/strong><\/a>.<\/p>\n<figure id=\"attachment_10634\" aria-describedby=\"caption-attachment-10634\" style=\"width: 1476px\" class=\"wp-caption alignnone\"><a href=\"http:\/\/www.moravecteam.cz\/?attachment_id=10634\" rel=\"attachment wp-att-10634\"><img decoding=\"async\" loading=\"lazy\" class=\" wp-image-10634\" alt=\"278\" src=\"http:\/\/www.moravecteam.cz\/wp-content\/uploads\/2017\/12\/278.jpg\" width=\"1476\" height=\"1598\" srcset=\"https:\/\/www.moravecteam.cz\/wp-content\/uploads\/2017\/12\/278.jpg 1476w, https:\/\/www.moravecteam.cz\/wp-content\/uploads\/2017\/12\/278-277x300.jpg 277w, https:\/\/www.moravecteam.cz\/wp-content\/uploads\/2017\/12\/278-945x1024.jpg 945w\" sizes=\"(max-width: 1476px) 100vw, 1476px\" \/><\/a><figcaption id=\"caption-attachment-10634\" class=\"wp-caption-text\">V\u0161e zavr\u0161ili v\u00edt\u011bzstv\u00edmi ve sv\u00fdch kategori\u00edch V\u00ed\u0165a Lipensk\u00fd (na sn\u00edmku) a Ad\u00e9la Kubinov\u00e1.<\/figcaption><\/figure>\n<p style=\"text-align: justify;\">\n","protected":false},"excerpt":{"rendered":"<p>Hned t\u0159i z\u00e1vody m\u00e1 v \u010dase Adventu popul\u00e1rn\u00ed b\u011b\u017eeck\u00e1 s\u00e9rie Brn\u011bnsk\u00fd b\u011b\u017eeck\u00fd poh\u00e1r, p\u0159i\u010dem\u017e druh\u00fd z t\u011bch Adventn\u00edch, z\u00e1vod ve Vranov\u011b &#8211; &#8222;Vranovsk\u00fd \u017eleb&#8220;, se b\u011b\u017eel minulou sobotu, stejn\u011b jako b\u011b\u017eeck\u00e9 z\u00e1vody ve Sv\u011btl\u00e9 u Cetkovic, kde se ve stejn\u00e9m term\u00ednu b\u011b\u017eel Klimatex Mikul\u00e1\u0161sk\u00fd b\u011bh. Ani jeden z obou atletick\u00fdch podnik\u016f nebyl prost \u010dlen\u016f MORAVEC &hellip; <a href=\"https:\/\/www.moravecteam.cz\/?p=10625\" class=\"more-link\">Pokra\u010dov\u00e1n\u00ed textu <span class=\"screen-reader-text\">Adventn\u00ed b\u011bh\u00e1n\u00ed&#8230;<\/span> <span class=\"meta-nav\">&rarr;<\/span><\/a><\/p>\n","protected":false},"author":3,"featured_media":10635,"comment_status":"open","ping_status":"closed","sticky":false,"template":"","format":"standard","meta":[],"categories":[1],"tags":[],"_links":{"self":[{"href":"https:\/\/www.moravecteam.cz\/index.php?rest_route=\/wp\/v2\/posts\/10625"}],"collection":[{"href":"https:\/\/www.moravecteam.cz\/index.php?rest_route=\/wp\/v2\/posts"}],"about":[{"href":"https:\/\/www.moravecteam.cz\/index.php?rest_route=\/wp\/v2\/types\/post"}],"author":[{"embeddable":true,"href":"https:\/\/www.moravecteam.cz\/index.php?rest_route=\/wp\/v2\/users\/3"}],"replies":[{"embeddable":true,"href":"https:\/\/www.moravecteam.cz\/index.php?rest_route=%2Fwp%2Fv2%2Fcomments&post=10625"}],"version-history":[{"count":7,"href":"https:\/\/www.moravecteam.cz\/index.php?rest_route=\/wp\/v2\/posts\/10625\/revisions"}],"predecessor-version":[{"id":10637,"href":"https:\/\/www.moravecteam.cz\/index.php?rest_route=\/wp\/v2\/posts\/10625\/revisions\/10637"}],"wp:featuredmedia":[{"embeddable":true,"href":"https:\/\/www.moravecteam.cz\/index.php?rest_route=\/wp\/v2\/media\/10635"}],"wp:attachment":[{"href":"https:\/\/www.moravecteam.cz\/index.php?rest_route=%2Fwp%2Fv2%2Fmedia&parent=10625"}],"wp:term":[{"taxonomy":"category","embeddable":true,"href":"https:\/\/www.moravecteam.cz\/index.php?rest_route=%2Fwp%2Fv2%2Fcategories&post=10625"},{"taxonomy":"post_tag","embeddable":true,"href":"https:\/\/www.moravecteam.cz\/index.php?rest_route=%2Fwp%2Fv2%2Ftags&post=10625"}],"curies":[{"name":"wp","href":"https:\/\/api.w.org\/{rel}","templated":true}]}}