{"id":10638,"date":"2017-12-15T12:38:52","date_gmt":"2017-12-15T11:38:52","guid":{"rendered":"http:\/\/www.moravecteam.cz\/?p=10638"},"modified":"2017-12-15T12:48:38","modified_gmt":"2017-12-15T11:48:38","slug":"na-treti-advent","status":"publish","type":"post","link":"https:\/\/www.moravecteam.cz\/?p=10638","title":{"rendered":"Na t\u0159et\u00ed Advent&#8230;"},"content":{"rendered":"<p style=\"text-align: justify;\"><span style=\"color: #800000;\"><strong>\u2026prob\u011bhlo pravideln\u00e9 st\u0159ede\u010dn\u00ed cvi\u010den\u00ed a \u017ee se bl\u00ed\u017e\u00ed nejkr\u00e1sn\u011bj\u0161\u00ed sv\u00e1tky v\u00a0roce, bylo na mlad\u00fdch cvi\u010denc\u00edch\u00a0 hodn\u011b zn\u00e1t\u2026 P\u0159irozen\u00e1 vitalita a temperament zdrav\u00fdch d\u011bt\u00ed\u00a0 b\u00fdvaj\u00ed o\u010dek\u00e1v\u00e1n\u00edm ud\u00e1lost\u00ed na kter\u00e9 se\u00a0t\u011b\u0161\u00ed,\u00a0 zpravidla je\u0161t\u011b umocn\u011bny \u00a0a nejinak tomu bylo i se skupinou tr\u00e9nuj\u00edc\u00edch \u201emlad\u00fdch pu\u0161ek\u201c MORAVEC Teamu minulou st\u0159edu na sv\u00e1tek Svat\u00e9 Lucie. V\u017edy se ale l\u00e9pe tren\u00e9r\u016fm pracuje, kdy\u017e je p\u0159\u00edstup\u00a0 sv\u011b\u0159enc\u016f veskrze aktivn\u00ed,\u00a0 i kdy\u017e t\u0159eba n\u011bkdy \u201ep\u0159es m\u00edru\u201c, ne\u017e kdy\u017e je tren\u00e9r nucen \u201enutit k\u00a0\u017eivotu mrtvoly\u201c\u2026<\/strong><\/span><\/p>\n<figure id=\"attachment_10641\" aria-describedby=\"caption-attachment-10641\" style=\"width: 1109px\" class=\"wp-caption alignnone\"><a href=\"http:\/\/www.moravecteam.cz\/?attachment_id=10641\" rel=\"attachment wp-att-10641\"><img decoding=\"async\" loading=\"lazy\" class=\" wp-image-10641\" alt=\"IMG_2960\" src=\"http:\/\/www.moravecteam.cz\/wp-content\/uploads\/2017\/12\/IMG_2960.jpg\" width=\"1109\" height=\"1033\" srcset=\"https:\/\/www.moravecteam.cz\/wp-content\/uploads\/2017\/12\/IMG_2960.jpg 1109w, https:\/\/www.moravecteam.cz\/wp-content\/uploads\/2017\/12\/IMG_2960-300x279.jpg 300w, https:\/\/www.moravecteam.cz\/wp-content\/uploads\/2017\/12\/IMG_2960-1024x953.jpg 1024w\" sizes=\"(max-width: 1109px) 100vw, 1109px\" \/><\/a><figcaption id=\"caption-attachment-10641\" class=\"wp-caption-text\">Oporou t\u00fdmu Zitu\u0161ky \u017dern\u00ed\u010dkov\u00e9 byl p\u0159i \u0161tafet\u00e1ch \u0161ikovn\u00fd Filip Ecler.<\/figcaption><\/figure>\n<p style=\"text-align: justify;\">O tr\u00e9nuj\u00edc\u00edch posledn\u011b jmenovan\u00e9ho typu ale nebylo ve st\u0159edu v\u016fbec \u0159e\u010di, u cvi\u010d\u00edc\u00edch MORAVC\u016e jednozna\u010dn\u011b p\u0159evl\u00e1dala v\u00fdbu\u0161nost, nadpr\u016fm\u011brn\u00e1 pohyblivost a zdrav\u00e1 chu\u0165 cvi\u010den\u00ed odpov\u011bdn\u011b \u201eodmakat\u201c a hlavn\u011b si ho u\u017e\u00edt! \u00a0Prvn\u00ed polovina tr\u00e9ninkov\u00e9 \u201e\u0159ehole\u201c\u00a0 prob\u00edhala v\u00a0za\u017eit\u00fdch kolej\u00edch, kdy posloupnost jednotliv\u00fdch prvk\u016f p\u0159i rozb\u011bh\u00e1n\u00ed a hlavn\u011b p\u0159i rozcvi\u010dce, se\u00a0 sna\u017eil Petr variabiln\u011b obm\u011bnit tak, aby zimn\u00ed p\u0159\u00edprava s\u00a0postupem \u010dasu nebyla spojov\u00e1na se slovem \u201e\u0161ablonovitost\u201c.<\/p>\n<figure id=\"attachment_10642\" aria-describedby=\"caption-attachment-10642\" style=\"width: 1264px\" class=\"wp-caption alignnone\"><a href=\"http:\/\/www.moravecteam.cz\/?attachment_id=10642\" rel=\"attachment wp-att-10642\"><img decoding=\"async\" loading=\"lazy\" class=\" wp-image-10642\" alt=\"IMG_2981\" src=\"http:\/\/www.moravecteam.cz\/wp-content\/uploads\/2017\/12\/IMG_2981.jpg\" width=\"1264\" height=\"1296\" srcset=\"https:\/\/www.moravecteam.cz\/wp-content\/uploads\/2017\/12\/IMG_2981.jpg 1264w, https:\/\/www.moravecteam.cz\/wp-content\/uploads\/2017\/12\/IMG_2981-25x25.jpg 25w, https:\/\/www.moravecteam.cz\/wp-content\/uploads\/2017\/12\/IMG_2981-292x300.jpg 292w, https:\/\/www.moravecteam.cz\/wp-content\/uploads\/2017\/12\/IMG_2981-998x1024.jpg 998w\" sizes=\"(max-width: 1264px) 100vw, 1264px\" \/><\/a><figcaption id=\"caption-attachment-10642\" class=\"wp-caption-text\">J\u00e1ra Cimrman \u0159\u00edkal: &#8222;P\u0159esko\u010d, p\u0159elez, ale nepodlez&#8230;&#8220;. My dopl\u0148ujeme: &#8222;M\u016f\u017ee\u0161 i prol\u00e9zt&#8230;&#8220;.<\/figcaption><\/figure>\n<p style=\"text-align: justify;\">Relaxa\u010dn\u00ed hry \u201eRyb\u00e1\u0159i a rybi\u010dky\u201c s \u201et\u0159\u00edd\u0159epovou\u201c vybi\u0161kou jsou v\u017edy v\u00edtan\u00fdm zpest\u0159en\u00edm a jejich dynamick\u00e1 povaha dob\u0159e d\u011bti naladila do nosn\u00e9 f\u00e1ze tr\u00e9ninku \u2013 \u0161tafetov\u00e9mu z\u00e1vodu. Po star\u0161\u00edch chlapc\u00edch a star\u0161\u00edch d\u00edvk\u00e1ch byly tentokr\u00e1t kapit\u00e1ni stanoveni z\u00a0mlad\u0161\u00edch d\u011bv\u010dat a to v\u00a0po\u010dtu \u010dty\u0159 d\u00edvek. Ano, ve st\u0159edu se letos poprv\u00e9 \u201e\u0161ly\u201c \u010dty\u0159i \u0161tafety a t\u00edmto Petr sledoval jedin\u00e9: Men\u0161\u00ed po\u010det \u010dlen\u016f v\u00a0dru\u017estvu (bylo jich \u2013 jako v\u00a0legend\u00e1rn\u00edm Pol\u00e1\u010dkov\u011b rom\u00e1nu \u2013 p\u011bt) znamenal jejich vy\u0161\u0161\u00ed vyt\u00ed\u017een\u00ed a logicky m\u00e9n\u011b \u201eplonkovn\u00edho \u010dasu v\u00a0ne\u010dinnosti\u201c. Kapit\u00e1nkami byly Lucinka Gottwaldov\u00e1, Maru\u0161ka Barto\u0161ovic, Ja\u0148ula Lipensk\u00e1 a Zitu\u0161ka \u017dern\u00ed\u010dkov\u00e1, p\u0159i\u010dem\u017e pr\u00e1v\u011b \u201eman\u010daft\u201c prvn\u011b jmenovan\u00e9, vyhr\u00e1l po mnoha\u010detn\u00fdch variabiln\u00edch startech ten posledn\u00ed, p\u0159i kter\u00e9m\u00a0 v\u00edt\u011bz \u201ebral (pomysln\u011b) v\u0161e\u201c\u2026<\/p>\n<figure id=\"attachment_10643\" aria-describedby=\"caption-attachment-10643\" style=\"width: 1588px\" class=\"wp-caption alignnone\"><a href=\"http:\/\/www.moravecteam.cz\/?attachment_id=10643\" rel=\"attachment wp-att-10643\"><img decoding=\"async\" loading=\"lazy\" class=\" wp-image-10643\" alt=\"IMG_3009\" src=\"http:\/\/www.moravecteam.cz\/wp-content\/uploads\/2017\/12\/IMG_3009.jpg\" width=\"1588\" height=\"1043\" srcset=\"https:\/\/www.moravecteam.cz\/wp-content\/uploads\/2017\/12\/IMG_3009.jpg 1588w, https:\/\/www.moravecteam.cz\/wp-content\/uploads\/2017\/12\/IMG_3009-300x197.jpg 300w, https:\/\/www.moravecteam.cz\/wp-content\/uploads\/2017\/12\/IMG_3009-1024x672.jpg 1024w\" sizes=\"(max-width: 1588px) 100vw, 1588px\" \/><\/a><figcaption id=\"caption-attachment-10643\" class=\"wp-caption-text\">Florbalov\u00e1 bitva. V akci je t\u00fdm Jany Maru\u0161ky Lipensk\u00e9, soupe\u0159em je t\u00fdm Zitu\u0161ky \u017dern\u00ed\u010dkov\u00e9.<\/figcaption><\/figure>\n<p style=\"text-align: justify;\">A kdo si myslel, \u017ee v\u00a0posledn\u00ed \u010dtvrthodince p\u0159ijdou na \u0159adu tradi\u010dn\u00ed \u201eoddechovky\u201c, zm\u00fdlil se\u2026 Rozd\u011blen\u00ed d\u011bt\u00ed (a i dosp\u011bl\u00fdch) do \u010dty\u0159 dru\u017estev bylo vyu\u017eito k\u00a0dv\u011bma florbalov\u00fdm \u201ema\u010d\u016fm\u201c, p\u0159i kter\u00fdch v\u00a0tom prvn\u00edm zdolal t\u00fdm Lucinky Gottwaldov\u00e9 dru\u017estvo\u00a0Maru\u0161ky Baarto\u0161ov\u00edc 2:0 a n\u00e1sledn\u00fd souboj Teamu Jany Maru\u0161ky Lipensk\u00e9 s\u00a0teamem Zitu\u0161ky \u017dern\u00ed\u010dkov\u00e9 skon\u010dilo p\u0159ekvapiv\u011b sm\u00edrn\u011b 1:1, p\u0159i\u010dem\u017e hork\u00fdm favoritem bylo ur\u010dit\u011b dru\u017estvo Jany Maru\u0161ky s\u00a0takov\u00fdmi chlapeck\u00fdmi oporami jako jsou V\u00ed\u0165a Lipensk\u00fd\u00a0 \u010di Maty\u00e1\u0161 Koudelka. Kluci si ale p\u0159i zakon\u010dov\u00e1n\u00ed akc\u00ed\u00a0\u00a0&#8222;vyl\u00e1mali zuby&#8220; na skv\u011bl\u00e9m g\u00f3lmanovi Jardovi Dosko\u010dilovi.<\/p>\n<figure id=\"attachment_10644\" aria-describedby=\"caption-attachment-10644\" style=\"width: 1522px\" class=\"wp-caption alignnone\"><a href=\"http:\/\/www.moravecteam.cz\/?attachment_id=10644\" rel=\"attachment wp-att-10644\"><img decoding=\"async\" loading=\"lazy\" class=\" wp-image-10644\" alt=\"IMG_3014\" src=\"http:\/\/www.moravecteam.cz\/wp-content\/uploads\/2017\/12\/IMG_3014.jpg\" width=\"1522\" height=\"1066\" srcset=\"https:\/\/www.moravecteam.cz\/wp-content\/uploads\/2017\/12\/IMG_3014.jpg 1522w, https:\/\/www.moravecteam.cz\/wp-content\/uploads\/2017\/12\/IMG_3014-300x210.jpg 300w, https:\/\/www.moravecteam.cz\/wp-content\/uploads\/2017\/12\/IMG_3014-1024x717.jpg 1024w\" sizes=\"(max-width: 1522px) 100vw, 1522px\" \/><\/a><figcaption id=\"caption-attachment-10644\" class=\"wp-caption-text\">Oslavenkyn\u011b Lucka Gottwaldov\u00e1 to na z\u00e1v\u011br cvi\u010den\u00ed schytala&#8230; U\u0161et\u0159ena nez\u016fstala ani druh\u00e1 Lucinka &#8211; Koudelkov\u00e1&#8230;<\/figcaption><\/figure>\n<p style=\"text-align: justify;\">\u00a0Fin\u00e1le tr\u00e9ninku bylo op\u011bt slavnostn\u00ed: hned dv\u011b Lucinky slavily sv\u00e1tek ve jm\u00e9nu sv\u00e9 Svat\u00e9 patronky a tak nechyb\u011bly nejen sladkosti od oslavenky\u0148, ale ob\u011b dostaly od n\u00e1s \u2013 na opl\u00e1tku &#8211; poctiv\u00e9ho hobla! Hromov\u00fd bojov\u00fd pok\u0159ik MORAVEC Teamu \u00fapln\u011b na z\u00e1v\u011br nemohl chyb\u011bt, ale chyb\u011blo Petrovo pod\u011bkov\u00e1n\u00ed za pilnou pr\u00e1ci, na co\u017e byl cvi\u010ditel obratem pozorn\u00fdmi d\u011btmi upozorn\u011bn\u2026 Z\u00a0vydatn\u00e9ho, vyda\u0159en\u00e9ho\u00a0st\u0159ede\u010dn\u00edho cvi\u010den\u00ed <a href=\"http:\/\/moravecteam.rajce.idnes.cz\/2017.12.13_Cviceni_v_telocvicne\/\"><strong>je zde fotogalerie<\/strong><\/a>\u2026<\/p>\n<p>&nbsp;<\/p>\n","protected":false},"excerpt":{"rendered":"<p>\u2026prob\u011bhlo pravideln\u00e9 st\u0159ede\u010dn\u00ed cvi\u010den\u00ed a \u017ee se bl\u00ed\u017e\u00ed nejkr\u00e1sn\u011bj\u0161\u00ed sv\u00e1tky v\u00a0roce, bylo na mlad\u00fdch cvi\u010denc\u00edch\u00a0 hodn\u011b zn\u00e1t\u2026 P\u0159irozen\u00e1 vitalita a temperament zdrav\u00fdch d\u011bt\u00ed\u00a0 b\u00fdvaj\u00ed o\u010dek\u00e1v\u00e1n\u00edm ud\u00e1lost\u00ed na kter\u00e9 se\u00a0t\u011b\u0161\u00ed,\u00a0 zpravidla je\u0161t\u011b umocn\u011bny \u00a0a nejinak tomu bylo i se skupinou tr\u00e9nuj\u00edc\u00edch \u201emlad\u00fdch pu\u0161ek\u201c MORAVEC Teamu minulou st\u0159edu na sv\u00e1tek Svat\u00e9 Lucie. V\u017edy se ale l\u00e9pe tren\u00e9r\u016fm &hellip; <a href=\"https:\/\/www.moravecteam.cz\/?p=10638\" class=\"more-link\">Pokra\u010dov\u00e1n\u00ed textu <span class=\"screen-reader-text\">Na t\u0159et\u00ed Advent&#8230;<\/span> <span class=\"meta-nav\">&rarr;<\/span><\/a><\/p>\n","protected":false},"author":3,"featured_media":10640,"comment_status":"open","ping_status":"closed","sticky":false,"template":"","format":"standard","meta":[],"categories":[9],"tags":[],"_links":{"self":[{"href":"https:\/\/www.moravecteam.cz\/index.php?rest_route=\/wp\/v2\/posts\/10638"}],"collection":[{"href":"https:\/\/www.moravecteam.cz\/index.php?rest_route=\/wp\/v2\/posts"}],"about":[{"href":"https:\/\/www.moravecteam.cz\/index.php?rest_route=\/wp\/v2\/types\/post"}],"author":[{"embeddable":true,"href":"https:\/\/www.moravecteam.cz\/index.php?rest_route=\/wp\/v2\/users\/3"}],"replies":[{"embeddable":true,"href":"https:\/\/www.moravecteam.cz\/index.php?rest_route=%2Fwp%2Fv2%2Fcomments&post=10638"}],"version-history":[{"count":3,"href":"https:\/\/www.moravecteam.cz\/index.php?rest_route=\/wp\/v2\/posts\/10638\/revisions"}],"predecessor-version":[{"id":10646,"href":"https:\/\/www.moravecteam.cz\/index.php?rest_route=\/wp\/v2\/posts\/10638\/revisions\/10646"}],"wp:featuredmedia":[{"embeddable":true,"href":"https:\/\/www.moravecteam.cz\/index.php?rest_route=\/wp\/v2\/media\/10640"}],"wp:attachment":[{"href":"https:\/\/www.moravecteam.cz\/index.php?rest_route=%2Fwp%2Fv2%2Fmedia&parent=10638"}],"wp:term":[{"taxonomy":"category","embeddable":true,"href":"https:\/\/www.moravecteam.cz\/index.php?rest_route=%2Fwp%2Fv2%2Fcategories&post=10638"},{"taxonomy":"post_tag","embeddable":true,"href":"https:\/\/www.moravecteam.cz\/index.php?rest_route=%2Fwp%2Fv2%2Ftags&post=10638"}],"curies":[{"name":"wp","href":"https:\/\/api.w.org\/{rel}","templated":true}]}}