{"id":10661,"date":"2017-12-16T23:46:06","date_gmt":"2017-12-16T22:46:06","guid":{"rendered":"http:\/\/www.moravecteam.cz\/?p=10661"},"modified":"2017-12-17T11:11:25","modified_gmt":"2017-12-17T10:11:25","slug":"uz-zase-na-trati","status":"publish","type":"post","link":"https:\/\/www.moravecteam.cz\/?p=10661","title":{"rendered":"U\u017e zase &#8222;Na trati&#8220;..?"},"content":{"rendered":"<p style=\"text-align: justify;\"><strong><span style=\"color: #800000;\">I kdy\u017e jsme mistrovsk\u00fdm cyklokrosov\u00fdm Kol\u00ednem dali druhou leto\u0161n\u00ed prosincovou sobotu leto\u0161n\u00edmu okruhov\u00e9m z\u00e1vod\u011bn\u00ed definitivn\u011b &#8222;vale&#8220;, p\u0159esto se (nejen) trojka MORAVC\u016e ocitla &#8211; pro zm\u011bnu t\u0159et\u00ed prosincovou sobotu &#8211; nepl\u00e1novan\u011b &#8211; znovu &#8222;Na trati&#8220;&#8230; A\u017e v tento den jsme splnili svoji ka\u017edoro\u010dn\u00ed odd\u00edlovou povinnost a nav\u0161t\u00edvili na Brn\u011bnsk\u00e9m \u00fast\u0159edn\u00edm h\u0159bitov\u011b hrob na\u0161eho Patrona, Vlastimila MORAVCE. A jak \u017ee se stalo to, co avizuje titulek t\u00e9to aktivity? Mrkn\u011bte n\u00ed\u017ee, a na ot\u00e1zku najdete odpov\u011b\u010f&#8230;\u00a0<\/span><\/strong><\/p>\n<figure id=\"attachment_10666\" aria-describedby=\"caption-attachment-10666\" style=\"width: 2000px\" class=\"wp-caption alignnone\"><a href=\"http:\/\/www.moravecteam.cz\/?attachment_id=10666\" rel=\"attachment wp-att-10666\"><img decoding=\"async\" loading=\"lazy\" class=\" wp-image-10666\" alt=\"IMG_3142\" src=\"http:\/\/www.moravecteam.cz\/wp-content\/uploads\/2017\/12\/IMG_3142.jpg\" width=\"2000\" height=\"1500\" srcset=\"https:\/\/www.moravecteam.cz\/wp-content\/uploads\/2017\/12\/IMG_3142.jpg 2000w, https:\/\/www.moravecteam.cz\/wp-content\/uploads\/2017\/12\/IMG_3142-300x225.jpg 300w, https:\/\/www.moravecteam.cz\/wp-content\/uploads\/2017\/12\/IMG_3142-1024x768.jpg 1024w\" sizes=\"(max-width: 2000px) 100vw, 2000px\" \/><\/a><figcaption id=\"caption-attachment-10666\" class=\"wp-caption-text\">Moc mil\u00e9, by\u0165 n\u00e1hodn\u00e9, bylo setk\u00e1n\u00ed s dal\u0161\u00edm z Vlast\u00edkov\u00fdch pam\u011btn\u00edk\u016f, t\u0159iadevades\u00e1tilet\u00fdm (!) p. Barto\u0161em (vedle Evy MORAVCOV\u00c9).<\/figcaption><\/figure>\n<p style=\"text-align: justify;\">T\u0159i z\u00e1stupci MORAVEC Teamu (<span style=\"color: #800000;\"><strong>Eva, Franta a Petr<\/strong><\/span>) vyrazili v \u010dase ka\u017edoro\u010dn\u011b obvykl\u00e9m (10.01) vl\u00e1\u010dkem s Boskovic sm\u011br Skalice nad Svitavou a pak Brno&#8230; P\u0159esn\u011bji \u0159e\u010deno: cht\u011bli vyrazit&#8230; Prvn\u00edm p\u0159ekv\u00e1pkem (nejen) pro t\u0159i na\u0161e reprezentanty bylo, \u017ee pokladna boskovick\u00e9ho vlakov\u00e9ho n\u00e1dra\u017e\u00ed\u010dka v sou\u010dasnosti v dob\u011b od 9.00 do 13.00 nefunguje&#8230; Uklidnil n\u00e1s, poctiv\u00e9 cestuj\u00edc\u00ed, dov\u011btek na informa\u010dn\u00ed ceduli\u010dce, \u017ee l\u00edstky m\u016f\u017eeme zakoupit ve vlaku&#8230; Druh\u00fdm p\u0159ekv\u00e1pkem bylo, \u017ee vlak dorazil se zpo\u017ed\u011bn\u00edm 8 minut! Takov\u00e1 &#8222;sekera&#8220; je na trase Skalice nad Svitavou &#8211; Boskovice (cca 4km) je skute\u010dn\u011b dost pozoruhodn\u00fdm v\u00fdkonem!<\/p>\n<figure id=\"attachment_10665\" aria-describedby=\"caption-attachment-10665\" style=\"width: 1500px\" class=\"wp-caption alignnone\"><a href=\"http:\/\/www.moravecteam.cz\/?attachment_id=10665\" rel=\"attachment wp-att-10665\"><img decoding=\"async\" loading=\"lazy\" class=\" wp-image-10665\" alt=\"IMG_3139\" src=\"http:\/\/www.moravecteam.cz\/wp-content\/uploads\/2017\/12\/IMG_3139.jpg\" width=\"1500\" height=\"2000\" srcset=\"https:\/\/www.moravecteam.cz\/wp-content\/uploads\/2017\/12\/IMG_3139.jpg 1500w, https:\/\/www.moravecteam.cz\/wp-content\/uploads\/2017\/12\/IMG_3139-225x300.jpg 225w, https:\/\/www.moravecteam.cz\/wp-content\/uploads\/2017\/12\/IMG_3139-768x1024.jpg 768w\" sizes=\"(max-width: 1500px) 100vw, 1500px\" \/><\/a><figcaption id=\"caption-attachment-10665\" class=\"wp-caption-text\">N\u00e1hrobek rodiny MORAVCOV\u00ddCH po &#8222;medailov\u00e9 renesanci&#8220; a zap\u00e1len\u00ed sv\u00ed\u010dek.<\/figcaption><\/figure>\n<p style=\"text-align: justify;\">Nijak n\u00e1s to ale nerozhodilo a jako ostatn\u00ed cestuj\u00edc\u00ed jsme s nad\u0161en\u00edm v\u00edtali skute\u010dnost, \u017ee &#8222;cour\u00e1k&#8220; na Brno na zpo\u017ed\u011bn\u00fd &#8222;Pacifik&#8220; od Boskovic po\u010dkal! Vlak ve sm\u011bru do krajsk\u00e9 metropole byl docela napln\u011bn, p\u0159esto jsme &#8222;trojku&#8220; p\u0159esn\u011b pro n\u00e1s dok\u00e1zali obsadit. N\u00e1sledovalo nutn\u00e9 dodr\u017een\u00ed pitn\u00e9ho re\u017eimu, neb ze skute\u010dnosti, \u017ee p\u0159\u00edpoj na Brno bychom nemuseli stihnout, n\u00e1m v\u0161em t\u0159em samoz\u0159ejm\u011b &#8211;\u00a0 vyschlo v krku&#8230; Pak p\u0159i\u0161el zlat\u00fd h\u0159eb cesty, kdy\u017e za n\u00e1mi dorazila pr\u016fvod\u010d\u00ed n\u00e1s &#8222;zkas\u00edrovat&#8220;&#8230; Necht\u011bli jsme nic jin\u00e9ho ne\u017e koupit to, co bychom si koupili &#8211; kdyby n\u00e1m to bylo umo\u017en\u011bno &#8211; u\u017e na vlakov\u00e9m n\u00e1dra\u017e\u00ed Boskovice&#8230;<\/p>\n<figure id=\"attachment_10669\" aria-describedby=\"caption-attachment-10669\" style=\"width: 1734px\" class=\"wp-caption alignnone\"><a href=\"http:\/\/www.moravecteam.cz\/?attachment_id=10669\" rel=\"attachment wp-att-10669\"><img decoding=\"async\" loading=\"lazy\" class=\" wp-image-10669\" alt=\"IMG_3165\" src=\"http:\/\/www.moravecteam.cz\/wp-content\/uploads\/2017\/12\/IMG_3165.jpg\" width=\"1734\" height=\"1346\" srcset=\"https:\/\/www.moravecteam.cz\/wp-content\/uploads\/2017\/12\/IMG_3165.jpg 1734w, https:\/\/www.moravecteam.cz\/wp-content\/uploads\/2017\/12\/IMG_3165-300x232.jpg 300w, https:\/\/www.moravecteam.cz\/wp-content\/uploads\/2017\/12\/IMG_3165-1024x794.jpg 1024w\" sizes=\"(max-width: 1734px) 100vw, 1734px\" \/><\/a><figcaption id=\"caption-attachment-10669\" class=\"wp-caption-text\">Foto na osudn\u00e9m Vlast\u00edkov\u011b m\u00edst\u011b v Kohoutovic\u00edch&#8230; Sv\u00ed\u010dky op\u011bt ho\u0159\u00ed&#8230;<\/figcaption><\/figure>\n<p style=\"text-align: justify;\">Pr\u016fvod\u010d\u00ed ale kladla odpor a odm\u00edtala n\u00e1m prodat j\u00edzdenku v\u010detn\u011b IDS JMK s mo\u017enosti vyu\u017e\u00edt MHD v Brn\u011b. Slovn\u011b s n\u00ed svedla state\u010dn\u00fd boj hlavn\u011b Eva, &#8222;ruba\u010dka&#8220; ale nikam nevedla&#8230; Pak se do p\u0159e vlo\u017eil i Petr a loudil z na\u0161\u00ed oponentky jm\u00e9no (rozum\u011bj &#8211; bylo to ve v\u0161\u00ed po\u010destnosti\u00a0 &#8211; telefon a e-mailovou adresu nepo\u017eadoval), aby si mohl adresn\u011b post\u011b\u017eovat na jej\u00ed p\u0159\u00edstup k poctiv\u00fdm cestuj\u00edc\u00edm u jej\u00edch nad\u0159\u00edzen\u00fdch&#8230; Prozradila mu ale rafinovan\u011b akor\u00e1t sv\u016fj pracovn\u00ed k\u00f3d: <strong><span style=\"color: #800000;\">50279<\/span><\/strong>&#8230; Tak\u017ee slovn\u00ed p\u0159est\u0159elku s &#8222;pades\u00e1tdv\u011bst\u011bsedmdes\u00e1tdev\u00edtkou&#8220; vzdal z\u00e1hy i Petr a podvolil se (dle ok\u0159\u00eddlen\u00e9ho &#8211; &#8222;moud\u0159ej\u0161\u00ed ustoup\u00ed&#8220;) se shov\u00edvav\u00fdm usm\u011bvem diktatu\u0159e dr\u00e1ba, resp. dr\u00e1bky supr st\u00e1tn\u00edho podniku s honosn\u00fdm n\u00e1zvem \u010cesk\u00e9 dr\u00e1hy&#8230;<\/p>\n<figure id=\"attachment_10670\" aria-describedby=\"caption-attachment-10670\" style=\"width: 1500px\" class=\"wp-caption alignnone\"><a href=\"http:\/\/www.moravecteam.cz\/?attachment_id=10670\" rel=\"attachment wp-att-10670\"><img decoding=\"async\" loading=\"lazy\" class=\" wp-image-10670\" alt=\"IMG_3169\" src=\"http:\/\/www.moravecteam.cz\/wp-content\/uploads\/2017\/12\/IMG_3169.jpg\" width=\"1500\" height=\"2000\" srcset=\"https:\/\/www.moravecteam.cz\/wp-content\/uploads\/2017\/12\/IMG_3169.jpg 1500w, https:\/\/www.moravecteam.cz\/wp-content\/uploads\/2017\/12\/IMG_3169-225x300.jpg 225w, https:\/\/www.moravecteam.cz\/wp-content\/uploads\/2017\/12\/IMG_3169-768x1024.jpg 768w\" sizes=\"(max-width: 1500px) 100vw, 1500px\" \/><\/a><figcaption id=\"caption-attachment-10670\" class=\"wp-caption-text\">V Brn\u011b jsou k vid\u011bn\u00ed v\u011bci! Nap\u0159\u00edklad ledov\u00e1 plocha bez brusla\u0159\u016f&#8230;!<\/figcaption><\/figure>\n<p style=\"text-align: justify;\">Dal\u0161\u00edch podobn\u00fdch dobrodru\u017en\u00fdch epizod jsme se u\u017e ten den\u00a0 ale &#8211; bohu\u017eel \/ bohud\u00edk &#8211; na\u0161t\u011bst\u00ed nedo\u010dkali&#8230; Po dodate\u010dn\u00e9m zakoupen\u00ed celodenn\u00ed j\u00edzdenky ISD JmK po v\u00fdstupu z vlaku jsme se p\u0159esunuli k m\u00edstn\u00edmu, krematoriu, kde\u00a0 na n\u00e1s u\u017e netrp\u011bliv\u011b \u010dekali t\u0159i &#8222;Koh\u00f3ti&#8220; a <strong><span style=\"color: #800000;\">&#8222;Velk\u00e1&#8220; Eva MORAVCOV\u00c1<\/span><\/strong>, se kter\u00fdmi jsme se spole\u010dn\u011b vykonali tradi\u010dn\u00ed pietiu\u00a0 na m\u00edst\u011b Vlast\u00edkova posledn\u00edho odpo\u010dinku. Zde na n\u00e1s &#8211; shodou okolnost\u00ed &#8211; narazil je\u0161t\u011b jist\u00fd p. Barto\u0161 (*1924 &#8211; 93 let!), kter\u00fd kdysi jezdil co by \u010dlen realiza\u010dn\u00edho t\u00fdmu s \u010ceskoslovenskou reprezentac\u00ed silni\u010dn\u00edch cyklist\u016f a Vlastimila MORAVCE velmi dob\u0159e znal&#8230;<\/p>\n<figure id=\"attachment_10671\" aria-describedby=\"caption-attachment-10671\" style=\"width: 2000px\" class=\"wp-caption alignnone\"><a href=\"http:\/\/www.moravecteam.cz\/?attachment_id=10671\" rel=\"attachment wp-att-10671\"><img decoding=\"async\" loading=\"lazy\" class=\" wp-image-10671\" alt=\"IMG_3183\" src=\"http:\/\/www.moravecteam.cz\/wp-content\/uploads\/2017\/12\/IMG_3183.jpg\" width=\"2000\" height=\"1500\" srcset=\"https:\/\/www.moravecteam.cz\/wp-content\/uploads\/2017\/12\/IMG_3183.jpg 2000w, https:\/\/www.moravecteam.cz\/wp-content\/uploads\/2017\/12\/IMG_3183-300x225.jpg 300w, https:\/\/www.moravecteam.cz\/wp-content\/uploads\/2017\/12\/IMG_3183-1024x768.jpg 1024w\" sizes=\"(max-width: 2000px) 100vw, 2000px\" \/><\/a><figcaption id=\"caption-attachment-10671\" class=\"wp-caption-text\">Mil\u00e9 setk\u00e1n\u00ed s Koudelkovic bikovou \u00faderkou vyvrcholilo spole\u010dn\u00fdm fotem u centr\u00e1ln\u00edho v\u00e1no\u010dn\u00edho stromu!<\/figcaption><\/figure>\n<p style=\"text-align: justify;\">Oproti minul\u00fdm let\u016fm m\u011bn\u00edme na doporu\u010den\u00ed dom\u00e1c\u00edch &#8222;Koh\u00f3t\u016f&#8220; taktiku n\u00e1v\u0161t\u011bvy a d\u0159\u00edve, ne\u017e sj\u00ed\u017ed\u00edme (u\u017e bez Eva MORAVCOV\u00c9, kter\u00e1 se s n\u00e1mi rozlou\u010dila u\u017e na h\u0159bitov\u011b, sp\u011bchaj\u00edc plnit rodinn\u00e9 povinnosti) k m\u00edstu tragick\u00e9ho skonu na\u0161eho Patrona, m\u00ed\u0159\u00edme na &#8222;ob\u011bdov\u00e9 depo&#8220; do dal\u0161\u00edch z kohoutovick\u00fdch restaurac\u00ed, kterou l\u00e9ty je\u0161t\u011b nezn\u00e1me. M\u00e1 v\u00fdsti\u017en\u00e9 jm\u00e9no &#8211; &#8222;Na trati&#8220;&#8230; Tak\u017ee\u00a0 te\u010f u\u017e zn\u00e1te odpov\u011b\u010f na ot\u00e1zku ze z\u00e1hlav\u00ed t\u00e9to aktuality&#8230; Ne\u017e jsme zasedli za st\u016fl, &#8222;zaperlil&#8220; op\u011bt Petr, kter\u00fd z d\u00e1lky \u010detl n\u00e1zev restaurace zcela myln\u011b: nikoli &#8222;Na trati&#8220;, ale t\u011b\u017eko pochopiteln\u011b &#8211; jako &#8222;Stromboli&#8220;&#8230; Ten \u010dlov\u011bk je u\u017e nejen zcela hluch\u00fd, ale evidntn\u011b i skoro slep\u00fd&#8230; V\u00fdm\u011bna p\u0159i nejbli\u017e\u0161\u00ed p\u0159\u00edle\u017eitosti za sly\u0161\u00edc\u00edho a vidom\u00e9ho &#8211; jedn\u00edm slvem\u00a0 mlad\u0161\u00edho &#8211; nutn\u00e1!!!<\/p>\n<figure id=\"attachment_10672\" aria-describedby=\"caption-attachment-10672\" style=\"width: 1211px\" class=\"wp-caption alignnone\"><a href=\"http:\/\/www.moravecteam.cz\/?attachment_id=10672\" rel=\"attachment wp-att-10672\"><img decoding=\"async\" loading=\"lazy\" class=\" wp-image-10672\" alt=\"IMG_3197\" src=\"http:\/\/www.moravecteam.cz\/wp-content\/uploads\/2017\/12\/IMG_3197.jpg\" width=\"1211\" height=\"878\" srcset=\"https:\/\/www.moravecteam.cz\/wp-content\/uploads\/2017\/12\/IMG_3197.jpg 1211w, https:\/\/www.moravecteam.cz\/wp-content\/uploads\/2017\/12\/IMG_3197-300x217.jpg 300w, https:\/\/www.moravecteam.cz\/wp-content\/uploads\/2017\/12\/IMG_3197-1024x742.jpg 1024w\" sizes=\"(max-width: 1211px) 100vw, 1211px\" \/><\/a><figcaption id=\"caption-attachment-10672\" class=\"wp-caption-text\">U\u017e pono\u0159en do tmy n\u00e1s uv\u00edtal legend\u00e1rn\u00ed &#8222;Zeln\u00fd rink&#8220;..<\/figcaption><\/figure>\n<p style=\"text-align: justify;\">Jinak n\u00e1mi okupovan\u00e1 hospoda &#8211; dost dobr\u00fd! T\u0159i druhy piva (v\u010detn\u011b toho z pivovaru Poli\u010dka), v\u00fdborn\u00fd kucha\u0159 (-ka), supr pokec s &#8222;Koh\u00f3tama&#8220;, od kter\u00fdch jsme se dozv\u011bd\u011bli dal\u0161\u00ed zaj\u00edmav\u00e9 p\u0159\u00edb\u011bhy, kter\u00e9 za\u017eili s na\u0161\u00edm Vlast\u00edkem MORAVCEM, kdy\u017e je\u0161t\u011b \u017eil&#8230; Poctiv\u011b &#8222;zrestaurovan\u00ed&#8220; jsme se s na\u0161imi kamar\u00e1dy je\u0161t\u011b &#8222;za sv\u011btla&#8220; p\u0159esunuli na osudn\u00e9 Vlast\u00edkovo m\u00edsto a i zde zap\u00e1lili v r\u00e1mci druh\u00e9 pietn\u00ed vzpom\u00ednky na tragickou ud\u00e1lost z p\u0159ed t\u0159icetijedna let, sv\u00ed\u010dku a ud\u011blali spole\u010dnou fotku&#8230; Odtud &#8222;Koh\u00f3ti&#8220;, po rozlou\u010den\u00ed s n\u00e1mi, &#8222;odlet\u011bli&#8220; u\u017e do sv\u00fdch p\u0159\u00edbytk\u016f se z\u00e1vazn\u00fdm slibem, \u017ee na na\u0161em v\u00fdro\u010dn\u00edm ro(c)kov\u00e1n\u00ed, ve \u010dtvrtek 28.12.2017 samoz\u0159ejm\u011b nebudou chyb\u011bt! Na\u0161e trio si pak u\u017e\u00edvalo ve fin\u00e1le Adventn\u00edho Brna, kdy\u017e na &#8222;Svobo\u010f\u00e1ku&#8220; jsme se potkali s &#8222;qartetem&#8220; Koudelkov\u00fdch z Bene\u0161ova! Tak\u017ee ne, \u017ee se v\u0161ude ve sv\u011bt\u011b potk\u00e1\u0161 s \u010cechem&#8230; V\u0161ude ve sv\u011bt\u011b se potk\u00e1\u0161 s\u00a0 &#8211; \u010ceshem &#8211; MORAVCEM! No a jak jsme to &#8222;vo\u010duchali&#8220; &#8211; tak info pro V\u00e1s, co chcete p\u0159\u00edpadn\u011b na p\u0159ev\u00e1no\u010dn\u00ed trhy do centra Brna zajet: skute\u010dnou kvalitu prodejc\u016f jsme v\u00edc ne\u017e na &#8222;Svobo\u010f\u00e1ku&#8220; monitorovali na &#8222;Zel\u0148\u00e1ku&#8220;&#8230;. Zde <strong><a href=\"http:\/\/moravecteam.rajce.idnes.cz\/2017.12.16_Navsteva_hrobu_Vlastimila_MORAVCE\/\">mrkn\u011bte na fotogalerii<\/a><\/strong> se sv\u00e1te\u010dn\u00ed soboty&#8230;<\/p>\n","protected":false},"excerpt":{"rendered":"<p>I kdy\u017e jsme mistrovsk\u00fdm cyklokrosov\u00fdm Kol\u00ednem dali druhou leto\u0161n\u00ed prosincovou sobotu leto\u0161n\u00edmu okruhov\u00e9m z\u00e1vod\u011bn\u00ed definitivn\u011b &#8222;vale&#8220;, p\u0159esto se (nejen) trojka MORAVC\u016e ocitla &#8211; pro zm\u011bnu t\u0159et\u00ed prosincovou sobotu &#8211; nepl\u00e1novan\u011b &#8211; znovu &#8222;Na trati&#8220;&#8230; A\u017e v tento den jsme splnili svoji ka\u017edoro\u010dn\u00ed odd\u00edlovou povinnost a nav\u0161t\u00edvili na Brn\u011bnsk\u00e9m \u00fast\u0159edn\u00edm h\u0159bitov\u011b hrob na\u0161eho Patrona, Vlastimila MORAVCE. &hellip; <a href=\"https:\/\/www.moravecteam.cz\/?p=10661\" class=\"more-link\">Pokra\u010dov\u00e1n\u00ed textu <span class=\"screen-reader-text\">U\u017e zase &#8222;Na trati&#8220;..?<\/span> <span class=\"meta-nav\">&rarr;<\/span><\/a><\/p>\n","protected":false},"author":3,"featured_media":10667,"comment_status":"open","ping_status":"closed","sticky":false,"template":"","format":"standard","meta":[],"categories":[13],"tags":[],"_links":{"self":[{"href":"https:\/\/www.moravecteam.cz\/index.php?rest_route=\/wp\/v2\/posts\/10661"}],"collection":[{"href":"https:\/\/www.moravecteam.cz\/index.php?rest_route=\/wp\/v2\/posts"}],"about":[{"href":"https:\/\/www.moravecteam.cz\/index.php?rest_route=\/wp\/v2\/types\/post"}],"author":[{"embeddable":true,"href":"https:\/\/www.moravecteam.cz\/index.php?rest_route=\/wp\/v2\/users\/3"}],"replies":[{"embeddable":true,"href":"https:\/\/www.moravecteam.cz\/index.php?rest_route=%2Fwp%2Fv2%2Fcomments&post=10661"}],"version-history":[{"count":8,"href":"https:\/\/www.moravecteam.cz\/index.php?rest_route=\/wp\/v2\/posts\/10661\/revisions"}],"predecessor-version":[{"id":10677,"href":"https:\/\/www.moravecteam.cz\/index.php?rest_route=\/wp\/v2\/posts\/10661\/revisions\/10677"}],"wp:featuredmedia":[{"embeddable":true,"href":"https:\/\/www.moravecteam.cz\/index.php?rest_route=\/wp\/v2\/media\/10667"}],"wp:attachment":[{"href":"https:\/\/www.moravecteam.cz\/index.php?rest_route=%2Fwp%2Fv2%2Fmedia&parent=10661"}],"wp:term":[{"taxonomy":"category","embeddable":true,"href":"https:\/\/www.moravecteam.cz\/index.php?rest_route=%2Fwp%2Fv2%2Fcategories&post=10661"},{"taxonomy":"post_tag","embeddable":true,"href":"https:\/\/www.moravecteam.cz\/index.php?rest_route=%2Fwp%2Fv2%2Ftags&post=10661"}],"curies":[{"name":"wp","href":"https:\/\/api.w.org\/{rel}","templated":true}]}}