{"id":10679,"date":"2017-12-17T13:47:23","date_gmt":"2017-12-17T12:47:23","guid":{"rendered":"http:\/\/www.moravecteam.cz\/?p=10679"},"modified":"2017-12-17T13:55:11","modified_gmt":"2017-12-17T12:55:11","slug":"relax-v-betany","status":"publish","type":"post","link":"https:\/\/www.moravecteam.cz\/?p=10679","title":{"rendered":"Relax v Betany!"},"content":{"rendered":"<p style=\"text-align: justify;\"><span style=\"color: #800000;\"><strong>Obdob\u00ed v\u00e1no\u010dn\u00edch ve\u010d\u00edrk\u016f a slavnostn\u00edch zakon\u010den\u00ed roku\u00a0 v r\u00e1mci firem, organizac\u00ed, spolk\u016f \u010di t\u0159eba jenom neform\u00e1ln\u00edch skupin p\u0159\u00e1tel &#8211; je nezadr\u017eiteln\u011b tady. Prosinec p\u0159eje velmi vydatn\u011b setk\u00e1n\u00edm podobn\u00e9ho typu, v\u017edy\u0165 t\u0159i dny p\u0159ed definitivn\u00edm &#8222;endem&#8220; 17. roku 3. tis\u00edcilet\u00ed \u010dek\u00e1 tento slavnostn\u00ed ve\u010der v restauraci Morava Bene\u0161ov i MORAVEC Team&#8230; Pravideln\u011b n\u00e1s v t\u00e9to aktivit\u011b v\u017edy &#8222;p\u0159edjedou&#8220; klienti denn\u00edho stacion\u00e1\u0159e Betany Boskovice, kte\u0159\u00ed si slavnostn\u00ed V\u00e1no\u010dn\u00ed ve\u010d\u00edrek u\u017eili u\u017e minul\u00fd \u010dtvrtek. A z\u00e1stupci MORAVEC Teamu byli samoz\u0159ejm\u011b p\u0159i tom&#8230;<\/strong><\/span><\/p>\n<figure id=\"attachment_10687\" aria-describedby=\"caption-attachment-10687\" style=\"width: 1365px\" class=\"wp-caption alignnone\"><a href=\"http:\/\/www.moravecteam.cz\/?attachment_id=10687\" rel=\"attachment wp-att-10687\"><img decoding=\"async\" loading=\"lazy\" class=\" wp-image-10687\" alt=\"IMG_20171214_185221_resized_20171215_063626090\" src=\"http:\/\/www.moravecteam.cz\/wp-content\/uploads\/2017\/12\/IMG_20171214_185221_resized_20171215_063626090.jpg\" width=\"1365\" height=\"1078\" srcset=\"https:\/\/www.moravecteam.cz\/wp-content\/uploads\/2017\/12\/IMG_20171214_185221_resized_20171215_063626090.jpg 1365w, https:\/\/www.moravecteam.cz\/wp-content\/uploads\/2017\/12\/IMG_20171214_185221_resized_20171215_063626090-300x236.jpg 300w, https:\/\/www.moravecteam.cz\/wp-content\/uploads\/2017\/12\/IMG_20171214_185221_resized_20171215_063626090-1024x808.jpg 1024w\" sizes=\"(max-width: 1365px) 100vw, 1365px\" \/><\/a><figcaption id=\"caption-attachment-10687\" class=\"wp-caption-text\">V r\u00e1mci zimn\u00ed p\u0159\u00edpravy na\u0161i tren\u00e9\u0159i tanec p\u0159ipou\u0161t\u00ed. A my jsme\u00a0 v tomto smyslu ve \u010dtvrtek nic ne\u0161idili&#8230;<\/figcaption><\/figure>\n<p style=\"text-align: justify;\">Bohumilou akci u\u017e tradi\u010dn\u011b pohostil \u00fatuln\u00fd interi\u00e9r boskovick\u00e9ho &#8222;Sklen\u00edku&#8220; a t\u0159i na\u0161i z\u00e1stupci &#8211; <strong><span style=\"color: #800000;\">Eva , Lenka a Petr<\/span><\/strong> d\u011blali po cel\u00fd ve\u010der &#8222;garde&#8220; p\u0159edsedkyni na\u0161eho FAN klubu a klidn\u00e9 odd\u00edlov\u00e9 s\u00edle &#8211; <strong><span style=\"color: #800000;\">Maru\u0161ce Zouharov\u00e9<\/span><\/strong>! Cel\u00fd jeden st\u016fl byl pro n\u00e1s a krom\u011b u\u017e jmenovan\u00fdch jsme ho sd\u00edleli s t\u00e1tou Maru\u0161ky &#8211; <span style=\"color: #800000;\"><strong>Otou Zouharem<\/strong><\/span> a bratrem Maru\u0161ky <strong><span style=\"color: #800000;\">Pavlem<\/span><\/strong>, kter\u00fd dorazil s komplet rodinn\u00fdm Teamem: krom\u011b man\u017eelky <span style=\"color: #800000;\"><strong>\u0160\u00e1rky<\/strong><\/span> zde byl je\u0161t\u011b jejich docela &#8222;\u010derstv\u00fd&#8220; potomek, ani ne ro\u010dn\u00ed syn <strong><span style=\"color: #800000;\">Hyne\u010dek<\/span>!<\/strong> A pr\u00e1v\u011b on n\u00e1s hodn\u011b zaj\u00edmal! Somaticky se u\u017e te\u010f jev\u00ed do budoucna jako jist\u00fd cyklista, kdy\u017e jsme toto mohli posoudit zku\u0161en\u00fdm tren\u00e9rsk\u00fdm okem z pohybov\u00e9 frekvence jeho no\u017ei\u010dek a taky z jeho pohodov\u00fdch \u00fasm\u011bv\u016f, kter\u00e9 budouc\u00ed \u0161ampioni v tomto v\u011bku v\u017edy m\u00edvaj\u00ed&#8230; Zkr\u00e1tka mal\u00fd Hynek je u\u017e te\u010f &#8211; a\u0165 chce nebo nechce &#8211; v na\u0161em hled\u00e1\u010dku!<\/p>\n<figure id=\"attachment_10685\" aria-describedby=\"caption-attachment-10685\" style=\"width: 984px\" class=\"wp-caption alignnone\"><a href=\"http:\/\/www.moravecteam.cz\/?attachment_id=10685\" rel=\"attachment wp-att-10685\"><img decoding=\"async\" loading=\"lazy\" class=\" wp-image-10685\" alt=\"IMG_20171214_171652_resized_20171215_063659919\" src=\"http:\/\/www.moravecteam.cz\/wp-content\/uploads\/2017\/12\/IMG_20171214_171652_resized_20171215_063659919.jpg\" width=\"984\" height=\"1180\" srcset=\"https:\/\/www.moravecteam.cz\/wp-content\/uploads\/2017\/12\/IMG_20171214_171652_resized_20171215_063659919.jpg 984w, https:\/\/www.moravecteam.cz\/wp-content\/uploads\/2017\/12\/IMG_20171214_171652_resized_20171215_063659919-250x300.jpg 250w, https:\/\/www.moravecteam.cz\/wp-content\/uploads\/2017\/12\/IMG_20171214_171652_resized_20171215_063659919-853x1024.jpg 853w\" sizes=\"(max-width: 984px) 100vw, 984px\" \/><\/a><figcaption id=\"caption-attachment-10685\" class=\"wp-caption-text\">Hyne\u010dek Zouhar, ani ne ro\u010dn\u00ed chlape\u010dek, kter\u00fd u\u017e te\u010f jev\u00ed evidentn\u00ed znaky budouc\u00edho cyklisty!<\/figcaption><\/figure>\n<p style=\"text-align: justify;\">Zouharovic ani ne jednoro\u010dn\u00ed el\u00e9v si s n\u00e1mi je\u0161t\u011b moc sice nezatancoval, zato Maru\u0161ka to po t\u00e9to str\u00e1nce nijak ne\u0161idila a stejn\u011b tak ostatn\u00ed klienti Betany! Tane\u010dn\u00ed akativity velmi v\u00fdraznou m\u011brou podpo\u0159ila i v\u00fdborn\u011b hraj\u00edc\u00ed kapela &#8211; trio s n\u00e1zvem Pohoda. Maru\u0161ka n\u00e1m &#8211; MORAVEC Teamu &#8211; dokonce nechala vna za\u010d\u00e1tku slavnostn\u00edho ve\u010dera zahr\u00e1t na\u0161e obl\u00edben\u00e9 Chinaski!\u00a0 \u00a0Kr\u00e1tce po &#8222;startu V\u00e1no\u010dn\u00ed race&#8220; Betany\u00a0 jsme mohli zatleskat divadeln\u00edmu kusu d\u011bt\u00ed z m\u00edstn\u00edch Z\u0160 &#8222;Princezna na hr\u00e1\u0161ku&#8220; a po vydatn\u00fdch tane\u010dn\u00edch kreac\u00edch (10 (!) p\u00edsn\u00ed v jedn\u00e9 s\u00e9rii nebylo v\u00fdjimkou, ale pravidlem&#8230;) jsme se v druh\u00e9 polovin\u011b ve\u010dera soust\u0159edili na tombolu, kterou jsme tak\u00e9 nikterak neo\u0161idili. A na\u0161e \u0161t\u011bdrost byla ocen\u011bna i n\u011bkolika hodnotn\u00fdmi v\u00fdhrami!<\/p>\n<figure id=\"attachment_10686\" aria-describedby=\"caption-attachment-10686\" style=\"width: 1178px\" class=\"wp-caption alignnone\"><a href=\"http:\/\/www.moravecteam.cz\/?attachment_id=10686\" rel=\"attachment wp-att-10686\"><img decoding=\"async\" loading=\"lazy\" class=\" wp-image-10686\" alt=\"IMG_20171214_180854_resized_20171215_063624714\" src=\"http:\/\/www.moravecteam.cz\/wp-content\/uploads\/2017\/12\/IMG_20171214_180854_resized_20171215_063624714.jpg\" width=\"1178\" height=\"1010\" srcset=\"https:\/\/www.moravecteam.cz\/wp-content\/uploads\/2017\/12\/IMG_20171214_180854_resized_20171215_063624714.jpg 1178w, https:\/\/www.moravecteam.cz\/wp-content\/uploads\/2017\/12\/IMG_20171214_180854_resized_20171215_063624714-300x257.jpg 300w, https:\/\/www.moravecteam.cz\/wp-content\/uploads\/2017\/12\/IMG_20171214_180854_resized_20171215_063624714-1024x877.jpg 1024w\" sizes=\"(max-width: 1178px) 100vw, 1178px\" \/><\/a><figcaption id=\"caption-attachment-10686\" class=\"wp-caption-text\">S Maru\u0161kou se pr\u00e1v\u011b vrac\u00edme s v\u00edt\u011bzn\u00e9ho ta\u017een\u00ed! V hlavn\u00ed tombole jsme vybojovali jednu z hodnotn\u00fdch cen!<\/figcaption><\/figure>\n<p style=\"text-align: justify;\">\u010ctvrte\u010dn\u00ed V\u00e1no\u010dn\u00ed ve\u010der s klienty Betany byl jedn\u00edm z t\u011bch okam\u017eik\u016f, kdy \u010dlov\u011bk pook\u0159eje nejen na t\u011bl\u00ed\u010dku,\u00a0 hlavn\u011b na du\u0161i\u010dce&#8230; Zde si v\u017edy p\u0159ipomenu, kde \u017ee jsou p\u0159edev\u0161\u00edm skute\u010dn\u00e9 hodnoty \u017eivota a jak m\u00e1lo vlastn\u011b sta\u010d\u00ed lidem ke \u0161t\u011bst\u00ed&#8230; Mrkn\u011bte na <strong><a href=\"http:\/\/moravecteam.rajce.idnes.cz\/2017.12.14_Vanocni_vecirek_Betany_Boskovice\/\">fotogalerii<\/a><\/strong>, kter\u00e1 je tentokr\u00e1t ze z\u00e1chrann\u00e9ho\u00a0 Len\u010dina mobilu, proto\u017ee postiuem \u010dasu \u010d\u00edm d\u00e1l v\u00edce sklerotick\u00fd Petr odd\u00edlov\u00fd fo\u0165\u00e1k na ve\u010d\u00edrek nevzal&#8230;<\/p>\n<figure id=\"attachment_10689\" aria-describedby=\"caption-attachment-10689\" style=\"width: 1294px\" class=\"wp-caption alignnone\"><a href=\"http:\/\/www.moravecteam.cz\/?attachment_id=10689\" rel=\"attachment wp-att-10689\"><img decoding=\"async\" loading=\"lazy\" class=\" wp-image-10689\" alt=\"IMG_20171214_165232_resized_20171215_063737354\" src=\"http:\/\/www.moravecteam.cz\/wp-content\/uploads\/2017\/12\/IMG_20171214_165232_resized_20171215_063737354.jpg\" width=\"1294\" height=\"1047\" srcset=\"https:\/\/www.moravecteam.cz\/wp-content\/uploads\/2017\/12\/IMG_20171214_165232_resized_20171215_063737354.jpg 1294w, https:\/\/www.moravecteam.cz\/wp-content\/uploads\/2017\/12\/IMG_20171214_165232_resized_20171215_063737354-300x242.jpg 300w, https:\/\/www.moravecteam.cz\/wp-content\/uploads\/2017\/12\/IMG_20171214_165232_resized_20171215_063737354-1024x828.jpg 1024w\" sizes=\"(max-width: 1294px) 100vw, 1294px\" \/><\/a><figcaption id=\"caption-attachment-10689\" class=\"wp-caption-text\">\u017de hlavn\u011b u na\u0161eho stolu tr\u00e1vila m\u00edstostarostka m\u011bsta Boskovic pan\u00ed Hamalov\u00e1 ve\u010der, n\u00e1m bylo samoz\u0159ejm\u011b velkou ct\u00ed!<\/figcaption><\/figure>\n","protected":false},"excerpt":{"rendered":"<p>Obdob\u00ed v\u00e1no\u010dn\u00edch ve\u010d\u00edrk\u016f a slavnostn\u00edch zakon\u010den\u00ed roku\u00a0 v r\u00e1mci firem, organizac\u00ed, spolk\u016f \u010di t\u0159eba jenom neform\u00e1ln\u00edch skupin p\u0159\u00e1tel &#8211; je nezadr\u017eiteln\u011b tady. Prosinec p\u0159eje velmi vydatn\u011b setk\u00e1n\u00edm podobn\u00e9ho typu, v\u017edy\u0165 t\u0159i dny p\u0159ed definitivn\u00edm &#8222;endem&#8220; 17. roku 3. tis\u00edcilet\u00ed \u010dek\u00e1 tento slavnostn\u00ed ve\u010der v restauraci Morava Bene\u0161ov i MORAVEC Team&#8230; Pravideln\u011b n\u00e1s v t\u00e9to aktivit\u011b &hellip; <a href=\"https:\/\/www.moravecteam.cz\/?p=10679\" class=\"more-link\">Pokra\u010dov\u00e1n\u00ed textu <span class=\"screen-reader-text\">Relax v Betany!<\/span> <span class=\"meta-nav\">&rarr;<\/span><\/a><\/p>\n","protected":false},"author":3,"featured_media":10684,"comment_status":"open","ping_status":"closed","sticky":false,"template":"","format":"standard","meta":[],"categories":[13],"tags":[],"_links":{"self":[{"href":"https:\/\/www.moravecteam.cz\/index.php?rest_route=\/wp\/v2\/posts\/10679"}],"collection":[{"href":"https:\/\/www.moravecteam.cz\/index.php?rest_route=\/wp\/v2\/posts"}],"about":[{"href":"https:\/\/www.moravecteam.cz\/index.php?rest_route=\/wp\/v2\/types\/post"}],"author":[{"embeddable":true,"href":"https:\/\/www.moravecteam.cz\/index.php?rest_route=\/wp\/v2\/users\/3"}],"replies":[{"embeddable":true,"href":"https:\/\/www.moravecteam.cz\/index.php?rest_route=%2Fwp%2Fv2%2Fcomments&post=10679"}],"version-history":[{"count":8,"href":"https:\/\/www.moravecteam.cz\/index.php?rest_route=\/wp\/v2\/posts\/10679\/revisions"}],"predecessor-version":[{"id":10692,"href":"https:\/\/www.moravecteam.cz\/index.php?rest_route=\/wp\/v2\/posts\/10679\/revisions\/10692"}],"wp:featuredmedia":[{"embeddable":true,"href":"https:\/\/www.moravecteam.cz\/index.php?rest_route=\/wp\/v2\/media\/10684"}],"wp:attachment":[{"href":"https:\/\/www.moravecteam.cz\/index.php?rest_route=%2Fwp%2Fv2%2Fmedia&parent=10679"}],"wp:term":[{"taxonomy":"category","embeddable":true,"href":"https:\/\/www.moravecteam.cz\/index.php?rest_route=%2Fwp%2Fv2%2Fcategories&post=10679"},{"taxonomy":"post_tag","embeddable":true,"href":"https:\/\/www.moravecteam.cz\/index.php?rest_route=%2Fwp%2Fv2%2Ftags&post=10679"}],"curies":[{"name":"wp","href":"https:\/\/api.w.org\/{rel}","templated":true}]}}