{"id":10716,"date":"2017-12-17T17:53:37","date_gmt":"2017-12-17T16:53:37","guid":{"rendered":"http:\/\/www.moravecteam.cz\/?p=10716"},"modified":"2017-12-17T20:55:55","modified_gmt":"2017-12-17T19:55:55","slug":"co-se-bude-dit-st51-2","status":"publish","type":"post","link":"https:\/\/www.moravecteam.cz\/?p=10716","title":{"rendered":"Co se bude d\u00edt? (ST51)"},"content":{"rendered":"<h5><strong><span style=\"color: #800000;\">St\u0159eda 20.12. 2017<\/span><\/strong><\/h5>\n<p>Cvi\u010den\u00ed\u00a0 v bene\u0161ovsk\u00e9 t\u011blocvi\u010dn\u011b v\u00a0r\u00e1mci zimn\u00ed p\u0159\u00edpravy.\u00a0 Cvi\u010den\u00ed prob\u011bhne\u00a0 v obvykl\u00e9m \u010dase od 16.30 do 18.30.<\/p>\n<h5><strong><span style=\"color: #800000;\">P\u00e1tek 22.12. 2017<\/span><\/strong><\/h5>\n<p style=\"text-align: justify;\">Dal\u0161\u00ed cvi\u010den\u00ed v bene\u0161ovsk\u00e9 t\u011blocvi\u010dn\u011b r\u00e1mci zimn\u00ed p\u0159\u00edpravy.\u00a0 Cvi\u010dit budeme od 18.00 do 20.00 hod.\u00a0 a <span style=\"color: #800000;\"><strong>POZOR! Cvi\u010den\u00ed bude tentokr\u00e1t pro V\u00e1s s p\u0159ekvapen\u00edm!<\/strong><\/span> Tak\u017ee si je ur\u010dit\u011b nenechte uj\u00edt!<\/p>\n<h5><span style=\"color: #800000;\">Akce t\u011bsn\u011b za horizontem<\/span><\/h5>\n<ul>\n<li style=\"text-align: justify;\">28.12. 2017\u00a0(\u010dtvrtek) &#8211; v\u00fdro\u010dn\u00ed ro(c)kov\u00e1n\u00ed s ud\u00edlen\u00edm v\u00fdro\u010dn\u00edch cen. Od 15.00 hodin v restauraci Morava Bene\u0161ov.<\/li>\n<li style=\"text-align: justify;\">30.12. 2017\u00a0&#8211; Silvestrovsk\u00fd z\u00e1vod? Silvestrovsk\u00e1 vyj\u00ed\u017e\u010fka? (sobota), je\u0161t\u011b se uvid\u00ed&#8230; Ka\u017edop\u00e1dn\u011b:\u00a0 start \/ c\u00edl v prostoru boskovick\u00e9 st\u0159elnice.<\/li>\n<li style=\"text-align: justify;\">1.1. 2018\u00a0(pond\u011bl\u00ed) &#8211; Novoro\u010dn\u00ed vyj\u00ed\u017e\u010fka &#8211; sm\u011br: Repechy, penzion Lada. Dovol\u00ed-li po\u010das\u00ed&#8230;<\/li>\n<li style=\"text-align: justify;\">3.1. 2018\u00a0&#8211; druh\u00e1 \u010d\u00e1st zimn\u00ed p\u0159\u00edpravy v t\u011blocvi\u010dn\u011b Bene\u0161ov\u00a0 od\u00a0do cca 16.3. ve stejn\u00e9m denn\u00edm \u00a0cyklu a ve stejn\u00fdch\u00a0\u010dasech<\/li>\n<li style=\"text-align: justify;\">20.1. 2018\u00a0&#8211; ples cyklist\u016f 20.1. 2018 (sobota) &#8211; kulturn\u00ed d\u016fm Such\u00fd<\/li>\n<li style=\"text-align: justify;\">4.2. 2018 &#8211; odjezd MORAVEC Teamu na zimn\u00ed soust\u0159ed\u011bn\u00ed do Jesen\u00edk\u016f, lokalita Star\u00e9 m\u011bsto &#8211; St\u0159\u00edbrnice. <strong><a href=\"http:\/\/www.moravecteam.cz\/?p=10736\">Zde hledejte podrobnosti.<\/a>..<\/strong><\/li>\n<\/ul>\n","protected":false},"excerpt":{"rendered":"<p>St\u0159eda 20.12. 2017 Cvi\u010den\u00ed\u00a0 v bene\u0161ovsk\u00e9 t\u011blocvi\u010dn\u011b v\u00a0r\u00e1mci zimn\u00ed p\u0159\u00edpravy.\u00a0 Cvi\u010den\u00ed prob\u011bhne\u00a0 v obvykl\u00e9m \u010dase od 16.30 do 18.30. P\u00e1tek 22.12. 2017 Dal\u0161\u00ed cvi\u010den\u00ed v bene\u0161ovsk\u00e9 t\u011blocvi\u010dn\u011b r\u00e1mci zimn\u00ed p\u0159\u00edpravy.\u00a0 Cvi\u010dit budeme od 18.00 do 20.00 hod.\u00a0 a POZOR! Cvi\u010den\u00ed bude tentokr\u00e1t pro V\u00e1s s p\u0159ekvapen\u00edm! Tak\u017ee si je ur\u010dit\u011b nenechte uj\u00edt! Akce t\u011bsn\u011b za &hellip; <a href=\"https:\/\/www.moravecteam.cz\/?p=10716\" class=\"more-link\">Pokra\u010dov\u00e1n\u00ed textu <span class=\"screen-reader-text\">Co se bude d\u00edt? (ST51)<\/span> <span class=\"meta-nav\">&rarr;<\/span><\/a><\/p>\n","protected":false},"author":3,"featured_media":10735,"comment_status":"open","ping_status":"closed","sticky":false,"template":"","format":"standard","meta":[],"categories":[11],"tags":[],"_links":{"self":[{"href":"https:\/\/www.moravecteam.cz\/index.php?rest_route=\/wp\/v2\/posts\/10716"}],"collection":[{"href":"https:\/\/www.moravecteam.cz\/index.php?rest_route=\/wp\/v2\/posts"}],"about":[{"href":"https:\/\/www.moravecteam.cz\/index.php?rest_route=\/wp\/v2\/types\/post"}],"author":[{"embeddable":true,"href":"https:\/\/www.moravecteam.cz\/index.php?rest_route=\/wp\/v2\/users\/3"}],"replies":[{"embeddable":true,"href":"https:\/\/www.moravecteam.cz\/index.php?rest_route=%2Fwp%2Fv2%2Fcomments&post=10716"}],"version-history":[{"count":5,"href":"https:\/\/www.moravecteam.cz\/index.php?rest_route=\/wp\/v2\/posts\/10716\/revisions"}],"predecessor-version":[{"id":10743,"href":"https:\/\/www.moravecteam.cz\/index.php?rest_route=\/wp\/v2\/posts\/10716\/revisions\/10743"}],"wp:featuredmedia":[{"embeddable":true,"href":"https:\/\/www.moravecteam.cz\/index.php?rest_route=\/wp\/v2\/media\/10735"}],"wp:attachment":[{"href":"https:\/\/www.moravecteam.cz\/index.php?rest_route=%2Fwp%2Fv2%2Fmedia&parent=10716"}],"wp:term":[{"taxonomy":"category","embeddable":true,"href":"https:\/\/www.moravecteam.cz\/index.php?rest_route=%2Fwp%2Fv2%2Fcategories&post=10716"},{"taxonomy":"post_tag","embeddable":true,"href":"https:\/\/www.moravecteam.cz\/index.php?rest_route=%2Fwp%2Fv2%2Ftags&post=10716"}],"curies":[{"name":"wp","href":"https:\/\/api.w.org\/{rel}","templated":true}]}}