{"id":10755,"date":"2017-12-24T00:14:40","date_gmt":"2017-12-23T23:14:40","guid":{"rendered":"http:\/\/www.moravecteam.cz\/?p=10755"},"modified":"2017-12-24T00:21:15","modified_gmt":"2017-12-23T23:21:15","slug":"letos-posledni","status":"publish","type":"post","link":"https:\/\/www.moravecteam.cz\/?p=10755","title":{"rendered":"Letos posledn\u00ed&#8230;"},"content":{"rendered":"<p style=\"text-align: justify;\"><span style=\"color: #800000;\"><strong>&#8230;p\u0159\u00edpravu v bene\u0161ovsk\u00e9 t\u011blocvi\u010dn\u011b &#8222;odmakali&#8220; \u010dlenov\u00e9 MORAVEC Teamu v p\u00e1tek p\u0159ed sv\u00e1te\u010dn\u00edm v\u00edkendem. Cvi\u010den\u00ed bylo s avizovan\u00fdm p\u0159ekvapen\u00edm, m\u011blo b\u00fdt ale s p\u0159ekvapen\u00edmi dv\u011bmi&#8230; To prvn\u00ed, ve znamen\u00ed bl\u00ed\u017e\u00edc\u00edch se V\u00e1noc, to na\u0161i mlad\u00ed cvi\u010denci tak trochu vytu\u0161ili&#8230; Jak by ne, stalo se u\u017e tradic\u00ed, \u017ee posledn\u00ed cvi\u010den\u00ed p\u0159ed \u0160t\u011bdr\u00fdm ve\u010derem b\u00fdv\u00e1 ve znamen\u00ed tohoto sv\u00e1te\u010dn\u00edho dne. Druh\u00e9 p\u0159ekvapen\u00ed,\u00a0 m\u011blo b\u00fdt u\u017e zcela hmotn\u00e9 a nem\u011bl to b\u00fdt nikdo men\u0161\u00ed, ne\u017e cyklistick\u00fd Mistr sv\u011bta! Ten se nakonec, bohu\u017eel,\u00a0 omluvil a svoji \u00fa\u010dast p\u0159esunul na n\u011bkter\u00fd z prvn\u00edch tr\u00e9nink\u016f v Nov\u00e9m roce. \u0160koda&#8230; Ale ja se \u0159\u00edk\u00e1: v\u0161echno \u0161patn\u00e9 je k n\u011b\u010demu dobr\u00e9: m\u00e1me se alespo\u0148 po\u0159\u00e1d na co t\u011b\u0161it&#8230;<\/strong><\/span><\/p>\n<figure id=\"attachment_10763\" aria-describedby=\"caption-attachment-10763\" style=\"width: 1874px\" class=\"wp-caption alignnone\"><a href=\"http:\/\/www.moravecteam.cz\/?attachment_id=10763\" rel=\"attachment wp-att-10763\"><img decoding=\"async\" loading=\"lazy\" class=\" wp-image-10763\" alt=\"IMG_3331\" src=\"http:\/\/www.moravecteam.cz\/wp-content\/uploads\/2017\/12\/IMG_3331.jpg\" width=\"1874\" height=\"1361\" srcset=\"https:\/\/www.moravecteam.cz\/wp-content\/uploads\/2017\/12\/IMG_3331.jpg 1874w, https:\/\/www.moravecteam.cz\/wp-content\/uploads\/2017\/12\/IMG_3331-300x217.jpg 300w, https:\/\/www.moravecteam.cz\/wp-content\/uploads\/2017\/12\/IMG_3331-1024x743.jpg 1024w\" sizes=\"(max-width: 1874px) 100vw, 1874px\" \/><\/a><figcaption id=\"caption-attachment-10763\" class=\"wp-caption-text\">Sama proti p\u0159esile? Nenechte se m\u00fdlit&#8230; I Ani\u010dka m\u00e1 za sebou grupu sil\u00e1k\u016f!<\/figcaption><\/figure>\n<p style=\"text-align: justify;\">Mal\u00fd, blikaj\u00edc\u00ed v\u00e1no\u010dn\u00ed strome\u010dek se t\u0159emi d\u00e1rky m\u011bli mo\u017enost cvi\u010denci okouknout ve tm\u011b sportovn\u00ed haly na sam\u00e9m startu cvi\u010den\u00ed, aby byla tradi\u010dn\u00ed ozdoba V\u00e1noc i s d\u00e1rky vz\u00e1p\u011bt\u00ed p\u0159esunuta do bezpe\u010d\u00ed n\u00e1\u0159a\u010fovny a nep\u0159i\u0161la tak k \u00farazu p\u0159i vlastn\u00edm tr\u00e9ninku, kter\u00fd ani v p\u00e1tek MORAVCI nijak neo\u0161idili. Po poctiv\u00e9m rozb\u011bh\u00e1n\u00ed a stejn\u011b poctiv\u00e9m rozcvi\u010den\u00ed p\u0159i\u0161ly na \u0159adu \u0161tafety, kter\u00e9 Vojta\u00a0 \u0159e\u0161il op\u011bt inovativ\u011b! Tra\u0165ov\u00fdmi p\u0159ek\u00e1\u017ekami byla ne jedna lavi\u010dka, ale hned dv\u011b za sebou (druh\u00e1 byla obr\u00e1cen\u00e1 naopak a hodn\u011b tak napodobila funkci gymnastick\u00e9 kladiny) a fin\u00e1ln\u00ed \u010d\u00e1sti dr\u00e1hy byl slalomek mezi t\u0159emi ku\u017eely dopln\u011bn\u00fd pravideln\u00fdm atakov\u00e1n\u00edm ribstol\u00ed! Geni\u00e1ln\u00ed&#8230;<\/p>\n<figure id=\"attachment_10761\" aria-describedby=\"caption-attachment-10761\" style=\"width: 1425px\" class=\"wp-caption alignnone\"><a href=\"http:\/\/www.moravecteam.cz\/?attachment_id=10761\" rel=\"attachment wp-att-10761\"><img decoding=\"async\" loading=\"lazy\" class=\" wp-image-10761\" alt=\"IMG_3411\" src=\"http:\/\/www.moravecteam.cz\/wp-content\/uploads\/2017\/12\/IMG_3411.jpg\" width=\"1425\" height=\"1555\" srcset=\"https:\/\/www.moravecteam.cz\/wp-content\/uploads\/2017\/12\/IMG_3411.jpg 1425w, https:\/\/www.moravecteam.cz\/wp-content\/uploads\/2017\/12\/IMG_3411-274x300.jpg 274w, https:\/\/www.moravecteam.cz\/wp-content\/uploads\/2017\/12\/IMG_3411-938x1024.jpg 938w\" sizes=\"(max-width: 1425px) 100vw, 1425px\" \/><\/a><figcaption id=\"caption-attachment-10761\" class=\"wp-caption-text\">Skv\u011bl\u00e1 Maru\u0161ka to zkr\u00e1tka s volejbalov\u00fdm m\u00ed\u010dem um\u00ed!<\/figcaption><\/figure>\n<p style=\"text-align: justify;\">T\u0159i sedmi\u010dlenn\u00e9 &#8222;man\u010dafty&#8220; si to rozd\u00e1valy &#8222;na f\u00e9rovku&#8220; tak, \u017ee Vojta jednotliv\u00e9 starty postupn\u011b zt\u011b\u017eoval v\u0159azov\u00e1n\u00edm dal\u0161\u00edch a dal\u0161\u00edch \u00fakol\u016f, kter\u00e9 konfigurace drah umo\u017e\u0148ovala. Dominantn\u00ed bylo uskupen\u00ed ve sestav\u011b <span style=\"color: #800000;\"><strong>Zem\u00e1nkov\u00e1 \/ Odehnalov\u00e1 \/ Pt\u00e1\u010dn\u00edkov\u00e1 \/ Kol\u00e1\u0159ov\u00e1 \/ \u0160indel\u00e1\u0159 \/ Koudelka Maty\u00e1\u0161 \/ Koudelka Petr<\/strong><\/span>, kter\u00e9 t\u011b\u017eilo p\u0159edev\u0161\u00edm z \u0161ikovn\u00e9ho d\u00edv\u010d\u00edho &#8222;qarteta&#8220; a dua kvalitn\u00edch &#8222;mlad\u00fdch pu\u0161ek&#8220;, d\u00edky \u010demu\u017e bylo v p\u00e1te\u010dn\u00edm podve\u010deru prakticky k nepora\u017een\u00ed&#8230; Po bezva \u0161tafetov\u00fdch souboj\u00edch Vojta naordinoval v\u011bc, kterou &#8211; kdo v\u00ed kdy &#8211;\u00a0 za\u017eila bene\u0161ovsk\u00e1 t\u011blocvi\u010dna naposledy? P\u0159etahovanou na lan\u011b! V t\u00e9to disciplin\u011b, kter\u00e1 &#8211; p\u0159edev\u0161\u00edm t\u011bm star\u0161\u00edm &#8211; dala vzpomenout na pobyt na pion\u00fdrsk\u00fdch t\u00e1borech (tam jsem tento sport za\u017eil naposledy &#8222;on-line&#8220; j\u00e1), bylo lep\u0161\u00ed v\u017edy to dru\u017estvo ve kter\u00e9m byl jeden z na\u0161ich tren\u00e9r\u016f &#8211; <strong><span style=\"color: #800000;\">Milan Tlamka<\/span><\/strong>, po p\u00e1te\u010dn\u00edm tr\u00e9ninku pasovan\u00fd na odd\u00edlov\u00e9ho sil\u00e1ka!<\/p>\n<figure id=\"attachment_10762\" aria-describedby=\"caption-attachment-10762\" style=\"width: 2000px\" class=\"wp-caption alignnone\"><a href=\"http:\/\/www.moravecteam.cz\/?attachment_id=10762\" rel=\"attachment wp-att-10762\"><img decoding=\"async\" loading=\"lazy\" class=\" wp-image-10762\" alt=\"IMG_3422\" src=\"http:\/\/www.moravecteam.cz\/wp-content\/uploads\/2017\/12\/IMG_3422.jpg\" width=\"2000\" height=\"1500\" srcset=\"https:\/\/www.moravecteam.cz\/wp-content\/uploads\/2017\/12\/IMG_3422.jpg 2000w, https:\/\/www.moravecteam.cz\/wp-content\/uploads\/2017\/12\/IMG_3422-300x225.jpg 300w, https:\/\/www.moravecteam.cz\/wp-content\/uploads\/2017\/12\/IMG_3422-1024x768.jpg 1024w\" sizes=\"(max-width: 2000px) 100vw, 2000px\" \/><\/a><figcaption id=\"caption-attachment-10762\" class=\"wp-caption-text\">Je\u017e\u00ed\u0161ek (v zem\u00edch latinsk\u00e9 Amerika Jesusek &#8211; \u010dti Chesusek) toho m\u00e1 v tomto \u010dase opravdu hodn\u011b&#8230; Proto MORAVEC Teamu nad\u011blil s p\u0159edstihem!<\/figcaption><\/figure>\n<p style=\"text-align: justify;\">V \u00fapln\u00e9m z\u00e1v\u011bru p\u0159i\u0161la na \u0159adu i vybi\u0161ka, kter\u00e1 fini\u0161ovala\u00a0 atraktivn\u00ed vy\u0159azovac\u00ed variantou. \u017de <strong><span style=\"color: #800000;\">Eli\u0161ka Han\u00e1kov\u00e1<\/span><\/strong> tento sport um\u00ed, prok\u00e1zala v\u00edt\u011bzstv\u00edm i v p\u00e1tek, nutno ale dodat, \u017ee ve fin\u00e1le j\u00ed byl d\u016fstojn\u00fdm soupe\u0159em \u0161ikovn\u00fd &#8222;opatov\u010d\u00e1k&#8220; &#8211; <strong><span style=\"color: #800000;\">Pe\u0165a \u0160ich<\/span><\/strong>. No a pak byl z bezpe\u010d\u00ed n\u00e1\u0159a\u010fovny &#8222;na plac&#8220; op\u011bt exportov\u00e1n V\u00e1no\u010dn\u00ed ministrome\u010dek a p\u0159i\u0161lo na rozbalen\u00ed d\u00e1re\u010dk\u016f&#8230; Dva byli ur\u010deny pro v\u0161echny p\u00e1te\u010dn\u00ed cvi\u010dence a t\u0159et\u00ed pro na\u0161eho v\u00fdborn\u00e9ho cvi\u010ditele <span style=\"color: #800000;\"><strong>Vojtu Gr\u00fcna<\/strong><\/span>. \u017de byly v d\u00e1rc\u00edch pochutiny na b\u00e1zi cukr\u016f, to bylo po poctiv\u00e9m energetick\u00e9m v\u00fddeji zcela legitimn\u00ed a tren\u00e9\u0159i\u00a0 tentokr\u00e1t nad skladbou po\u017eivatin neprotestovali ani &#8222;za m\u00e1k&#8220;&#8230; A na z\u00e1v\u011br je\u0161t\u011b jedna pochvala: <strong><span style=\"color: #800000;\">Maru\u0161ka Zouharov\u00e1,<\/span><\/strong> kter\u00e1 si s n\u00e1mi posledn\u00ed &#8222;cvi\u010dko&#8220; taky &#8222;st\u0159ihla&#8220;, op\u011bt prok\u00e1zala, jak v\u00fdborn\u011b j\u00ed jde h\u00e1zen\u00ed s volejbalov\u00fdm m\u00ed\u010dem! S nahr\u00e1va\u010dkou <strong><span style=\"color: #800000;\">Lenkou Tlamkovou<\/span><\/strong> vytvo\u0159ili duo, o kter\u00e9 obratem projevil z\u00e1jem <strong><a href=\"http:\/\/www.cvf.cz\/reprezentace\/systemove-clanky\/reprezentace-zeny-tym-709.html\">tren\u00e9r na\u0161\u00ed volejbalov\u00e9 reprezentace<\/a><\/strong> (volal mi v sobotu dopoledne). P\u0159\u00edpadn\u00e9 uvoln\u011bn\u00ed\u00a0obou na\u0161ich borek bude z\u00e1le\u017eet na nab\u00eddce, jakou n\u00e1m \u010cesk\u00fd volejbalov\u00fd svaz p\u0159edlo\u017e\u00ed&#8230; <strong><a href=\"http:\/\/moravecteam.rajce.idnes.cz\/2017.12.22_Cviceni_v_telocvicne\/\">Mrkn\u011bte na fotogalerii<\/a><\/strong> z p\u00e1te\u010dn\u00edho tr\u00e9niku s nejedn\u00edm p\u0159ekvapen\u00edm&#8230;<\/p>\n","protected":false},"excerpt":{"rendered":"<p>&#8230;p\u0159\u00edpravu v bene\u0161ovsk\u00e9 t\u011blocvi\u010dn\u011b &#8222;odmakali&#8220; \u010dlenov\u00e9 MORAVEC Teamu v p\u00e1tek p\u0159ed sv\u00e1te\u010dn\u00edm v\u00edkendem. Cvi\u010den\u00ed bylo s avizovan\u00fdm p\u0159ekvapen\u00edm, m\u011blo b\u00fdt ale s p\u0159ekvapen\u00edmi dv\u011bmi&#8230; To prvn\u00ed, ve znamen\u00ed bl\u00ed\u017e\u00edc\u00edch se V\u00e1noc, to na\u0161i mlad\u00ed cvi\u010denci tak trochu vytu\u0161ili&#8230; Jak by ne, stalo se u\u017e tradic\u00ed, \u017ee posledn\u00ed cvi\u010den\u00ed p\u0159ed \u0160t\u011bdr\u00fdm ve\u010derem b\u00fdv\u00e1 ve znamen\u00ed tohoto &hellip; <a href=\"https:\/\/www.moravecteam.cz\/?p=10755\" class=\"more-link\">Pokra\u010dov\u00e1n\u00ed textu <span class=\"screen-reader-text\">Letos posledn\u00ed&#8230;<\/span> <span class=\"meta-nav\">&rarr;<\/span><\/a><\/p>\n","protected":false},"author":3,"featured_media":10760,"comment_status":"open","ping_status":"closed","sticky":false,"template":"","format":"standard","meta":[],"categories":[9],"tags":[],"_links":{"self":[{"href":"https:\/\/www.moravecteam.cz\/index.php?rest_route=\/wp\/v2\/posts\/10755"}],"collection":[{"href":"https:\/\/www.moravecteam.cz\/index.php?rest_route=\/wp\/v2\/posts"}],"about":[{"href":"https:\/\/www.moravecteam.cz\/index.php?rest_route=\/wp\/v2\/types\/post"}],"author":[{"embeddable":true,"href":"https:\/\/www.moravecteam.cz\/index.php?rest_route=\/wp\/v2\/users\/3"}],"replies":[{"embeddable":true,"href":"https:\/\/www.moravecteam.cz\/index.php?rest_route=%2Fwp%2Fv2%2Fcomments&post=10755"}],"version-history":[{"count":7,"href":"https:\/\/www.moravecteam.cz\/index.php?rest_route=\/wp\/v2\/posts\/10755\/revisions"}],"predecessor-version":[{"id":10767,"href":"https:\/\/www.moravecteam.cz\/index.php?rest_route=\/wp\/v2\/posts\/10755\/revisions\/10767"}],"wp:featuredmedia":[{"embeddable":true,"href":"https:\/\/www.moravecteam.cz\/index.php?rest_route=\/wp\/v2\/media\/10760"}],"wp:attachment":[{"href":"https:\/\/www.moravecteam.cz\/index.php?rest_route=%2Fwp%2Fv2%2Fmedia&parent=10755"}],"wp:term":[{"taxonomy":"category","embeddable":true,"href":"https:\/\/www.moravecteam.cz\/index.php?rest_route=%2Fwp%2Fv2%2Fcategories&post=10755"},{"taxonomy":"post_tag","embeddable":true,"href":"https:\/\/www.moravecteam.cz\/index.php?rest_route=%2Fwp%2Fv2%2Ftags&post=10755"}],"curies":[{"name":"wp","href":"https:\/\/api.w.org\/{rel}","templated":true}]}}