{"id":10768,"date":"2017-12-26T11:44:14","date_gmt":"2017-12-26T10:44:14","guid":{"rendered":"http:\/\/www.moravecteam.cz\/?p=10768"},"modified":"2017-12-26T11:46:33","modified_gmt":"2017-12-26T10:46:33","slug":"co-se-bude-dit-st52-2","status":"publish","type":"post","link":"https:\/\/www.moravecteam.cz\/?p=10768","title":{"rendered":"Co se bude d\u00edt? (ST52)"},"content":{"rendered":"<h5><span style=\"color: #800000;\">St\u0159eda 27.12. 2017<\/span><\/h5>\n<p style=\"text-align: justify;\">Posledn\u00ed z\u00e1vod Okresn\u00ed b\u011b\u017eeck\u00e9 ligy v Petrovic\u00edch. Zde <strong><a href=\"http:\/\/www.oblblansko.cz\/images\/propozice_zavodu_2017\/2017_12_27_Hrab%C4%9Bn%C4%8Dino_b%C4%9Bh%C3%A1n%C3%AD_propozice.pdf\">mrkn\u011bte na propozice<\/a><\/strong>, \u00fa\u010dast a dopravu si ka\u017ed\u00fd zaji\u0161\u0165uje s\u00e1m.<\/p>\n<h5><span style=\"color: #800000;\">\u010ctvrtek 28.12. 2017<\/span><\/h5>\n<p style=\"text-align: justify;\">V\u00fdro\u010dn\u00ed ro(c)kov\u00e1n\u00ed s ud\u00edlen\u00edm v\u00fdro\u010dn\u00edch cen. Od 15.00 hodin v restauraci Morava Bene\u0161ov. Seznamy nominovan\u00fdch najdete zde v \u00fater\u00fd na \u0160t\u011bp\u00e1na ve\u010der&#8230;<\/p>\n<h5><span style=\"color: #800000;\">P\u00e1tek 29.12. 2017<\/span><\/h5>\n<p>Chrabr\u00fd pr\u016fzkum MORAVEC Teamu objevil p\u0159i odv\u00e1\u017en\u00e9 vyj\u00ed\u017e\u010fce o \u0160t\u011bdr\u00e9m dni tuto zaj\u00edmavou pozv\u00e1nku:<\/p>\n<p><a href=\"http:\/\/www.moravecteam.cz\/?attachment_id=10772\" rel=\"attachment wp-att-10772\"><img decoding=\"async\" loading=\"lazy\" class=\"alignnone size-full wp-image-10772\" alt=\"sta\u017een\u00fd soubor\" src=\"http:\/\/www.moravecteam.cz\/wp-content\/uploads\/2017\/12\/sta\u017een\u00fd-soubor.jpg\" width=\"376\" height=\"486\" srcset=\"https:\/\/www.moravecteam.cz\/wp-content\/uploads\/2017\/12\/sta\u017een\u00fd-soubor.jpg 376w, https:\/\/www.moravecteam.cz\/wp-content\/uploads\/2017\/12\/sta\u017een\u00fd-soubor-232x300.jpg 232w\" sizes=\"(max-width: 376px) 100vw, 376px\" \/><\/a><\/p>\n<h5><span style=\"color: #800000;\">Sobota 30.12. 2017<\/span><\/h5>\n<p style=\"text-align: justify;\">Silvestrovsk\u00e1 vyj\u00ed\u017e\u010fka se startem a c\u00edleml v prostoru boskovick\u00e9 st\u0159elnice. Na detailech se domluv\u00edme ve \u010dtvrtek p\u0159\u00ed slavnostn\u00edm v\u00fdro\u010dn\u00edm ro(c)kov\u00e1n\u00ed.<\/p>\n<h5><span style=\"color: #800000;\">Pond\u011bl\u00ed 1.1. 2018<\/span><\/h5>\n<p style=\"text-align: justify;\">Novoro\u010dn\u00ed vyj\u00ed\u017e\u010fka &#8211; sm\u011br: Repechy, penzion Lada. Dovol\u00ed-li po\u010das\u00ed&#8230;\u00a0Na detailech se domluv\u00edme ve \u010dtvrtek p\u0159\u00ed slavnostn\u00edm v\u00fdro\u010dn\u00edm ro(c)kov\u00e1n\u00ed, \u0159\u00edpadn\u011b v sobotu na St\u0159elnici.<\/p>\n<p style=\"text-align: justify;\"><span style=\"font-size: 18px; font-weight: bold; color: #800000;\">Akce t\u011bsn\u011b za horizontem<\/span><\/p>\n<ul>\n<li style=\"text-align: justify;\">3.1. 2018\u00a0&#8211; druh\u00e1 \u010d\u00e1st zimn\u00ed p\u0159\u00edpravy v t\u011blocvi\u010dn\u011b Bene\u0161ov\u00a0 od\u00a0do cca 16.3. ve stejn\u00e9m denn\u00edm \u00a0cyklu a ve stejn\u00fdch\u00a0\u010dasech<\/li>\n<li style=\"text-align: justify;\">20.1. 2018\u00a0&#8211; (sobota) Ples cyklist\u016f\u00a0 &#8211; kulturn\u00ed d\u016fm Such\u00fd<\/li>\n<li style=\"text-align: justify;\">4.2. 2018 &#8211; odjezd MORAVEC Teamu na zimn\u00ed soust\u0159ed\u011bn\u00ed do Jesen\u00edk\u016f, lokalita Star\u00e9 m\u011bsto &#8211; St\u0159\u00edbrnice.\u00a0<strong><a href=\"http:\/\/www.moravecteam.cz\/?p=10736\">Zde hledejte podrobnosti.<\/a>..<\/strong><\/li>\n<\/ul>\n","protected":false},"excerpt":{"rendered":"<p>St\u0159eda 27.12. 2017 Posledn\u00ed z\u00e1vod Okresn\u00ed b\u011b\u017eeck\u00e9 ligy v Petrovic\u00edch. Zde mrkn\u011bte na propozice, \u00fa\u010dast a dopravu si ka\u017ed\u00fd zaji\u0161\u0165uje s\u00e1m. \u010ctvrtek 28.12. 2017 V\u00fdro\u010dn\u00ed ro(c)kov\u00e1n\u00ed s ud\u00edlen\u00edm v\u00fdro\u010dn\u00edch cen. Od 15.00 hodin v restauraci Morava Bene\u0161ov. Seznamy nominovan\u00fdch najdete zde v \u00fater\u00fd na \u0160t\u011bp\u00e1na ve\u010der&#8230; P\u00e1tek 29.12. 2017 Chrabr\u00fd pr\u016fzkum MORAVEC Teamu objevil p\u0159i &hellip; <a href=\"https:\/\/www.moravecteam.cz\/?p=10768\" class=\"more-link\">Pokra\u010dov\u00e1n\u00ed textu <span class=\"screen-reader-text\">Co se bude d\u00edt? (ST52)<\/span> <span class=\"meta-nav\">&rarr;<\/span><\/a><\/p>\n","protected":false},"author":3,"featured_media":10774,"comment_status":"open","ping_status":"closed","sticky":false,"template":"","format":"standard","meta":[],"categories":[11],"tags":[],"_links":{"self":[{"href":"https:\/\/www.moravecteam.cz\/index.php?rest_route=\/wp\/v2\/posts\/10768"}],"collection":[{"href":"https:\/\/www.moravecteam.cz\/index.php?rest_route=\/wp\/v2\/posts"}],"about":[{"href":"https:\/\/www.moravecteam.cz\/index.php?rest_route=\/wp\/v2\/types\/post"}],"author":[{"embeddable":true,"href":"https:\/\/www.moravecteam.cz\/index.php?rest_route=\/wp\/v2\/users\/3"}],"replies":[{"embeddable":true,"href":"https:\/\/www.moravecteam.cz\/index.php?rest_route=%2Fwp%2Fv2%2Fcomments&post=10768"}],"version-history":[{"count":5,"href":"https:\/\/www.moravecteam.cz\/index.php?rest_route=\/wp\/v2\/posts\/10768\/revisions"}],"predecessor-version":[{"id":10776,"href":"https:\/\/www.moravecteam.cz\/index.php?rest_route=\/wp\/v2\/posts\/10768\/revisions\/10776"}],"wp:featuredmedia":[{"embeddable":true,"href":"https:\/\/www.moravecteam.cz\/index.php?rest_route=\/wp\/v2\/media\/10774"}],"wp:attachment":[{"href":"https:\/\/www.moravecteam.cz\/index.php?rest_route=%2Fwp%2Fv2%2Fmedia&parent=10768"}],"wp:term":[{"taxonomy":"category","embeddable":true,"href":"https:\/\/www.moravecteam.cz\/index.php?rest_route=%2Fwp%2Fv2%2Fcategories&post=10768"},{"taxonomy":"post_tag","embeddable":true,"href":"https:\/\/www.moravecteam.cz\/index.php?rest_route=%2Fwp%2Fv2%2Ftags&post=10768"}],"curies":[{"name":"wp","href":"https:\/\/api.w.org\/{rel}","templated":true}]}}