{"id":10777,"date":"2017-12-26T21:36:30","date_gmt":"2017-12-26T20:36:30","guid":{"rendered":"http:\/\/www.moravecteam.cz\/?p=10777"},"modified":"2017-12-27T19:05:08","modified_gmt":"2017-12-27T18:05:08","slug":"nominace-jsou-tu","status":"publish","type":"post","link":"https:\/\/www.moravecteam.cz\/?p=10777","title":{"rendered":"Nominace jsou &#8222;tu\u0165&#8220;!-3"},"content":{"rendered":"<p style=\"text-align: justify;\"><strong><span style=\"color: #800000;\">Nominace na v\u00fdro\u010dn\u00ed ceny MORAVEC Teamu za r. 2017 si m\u016f\u017eete n\u00ed\u017ee pe\u010dliv\u011b prostudovat. Ve \u010dtvrtek 28. prosince 2017 bude v ka\u017ed\u00e9 kategorii z nominovan\u00fdch vyhl\u00e1\u0161en v\u00edt\u011bz \/ v\u00edt\u011bzka, o nich\u017e rozhodla Rada star\u0161\u00edch biker\u016f na sv\u00e9m leto\u0161n\u00edm posledn\u00edm sezen\u00ed&#8230;\u00a0<\/span><\/strong><\/p>\n<p><a style=\"text-align: justify;\" href=\"http:\/\/www.moravecteam.cz\/?attachment_id=10794\" rel=\"attachment wp-att-10794\"><img decoding=\"async\" loading=\"lazy\" class=\"size-full wp-image-10794 alignnone\" title=\"Obh\u00e1j\u00ed Jana Tesa\u0159ov\u00e1 mezi d\u00edvkami presti\u017en\u00ed bronzovou d\u00f3zu?\" alt=\"DSCN5578\" src=\"http:\/\/www.moravecteam.cz\/wp-content\/uploads\/2017\/12\/DSCN5578.jpg\" width=\"202\" height=\"400\" srcset=\"https:\/\/www.moravecteam.cz\/wp-content\/uploads\/2017\/12\/DSCN5578.jpg 202w, https:\/\/www.moravecteam.cz\/wp-content\/uploads\/2017\/12\/DSCN5578-151x300.jpg 151w\" sizes=\"(max-width: 202px) 100vw, 202px\" \/><\/a><img decoding=\"async\" loading=\"lazy\" class=\"size-full wp-image-10793  alignnone\" title=\"Kdo bude mezi chlapci za leto\u0161n\u00ed rok laure\u00e1tem ceny &quot;Borec MORAVEC&quot;?\" alt=\"DSCN0617\" src=\"http:\/\/www.moravecteam.cz\/wp-content\/uploads\/2017\/12\/DSCN0617.jpg\" width=\"223\" height=\"400\" srcset=\"https:\/\/www.moravecteam.cz\/wp-content\/uploads\/2017\/12\/DSCN0617.jpg 223w, https:\/\/www.moravecteam.cz\/wp-content\/uploads\/2017\/12\/DSCN0617-167x300.jpg 167w\" sizes=\"(max-width: 223px) 100vw, 223px\" \/><\/p>\n<p style=\"text-align: justify;\">Tak\u017ee, jak to letos vypad\u00e1 mezi d\u011btmi?<\/p>\n<p style=\"text-align: justify;\"><strong><a href=\"http:\/\/www.moravecteam.cz\/?attachment_id=10805\" rel=\"attachment wp-att-10805\">V\u00fdro\u010dn\u00ed ceny &#8211; MORAVEC Team &#8211; nominace d\u011bti<\/a><\/strong><\/p>\n<p style=\"text-align: justify;\">A jak si letos vedli na\u0161i dosp\u011bl\u00ed?<\/p>\n<p style=\"text-align: justify;\"><strong><a href=\"http:\/\/www.moravecteam.cz\/?attachment_id=10784\" rel=\"attachment wp-att-10784\"><a href=\"http:\/\/www.moravecteam.cz\/?attachment_id=10807\" rel=\"attachment wp-att-10807\">V\u00fdro\u010dn\u00ed ceny &#8211; MORAVEC Team &#8211; nominace dosp\u011bl\u00ed<\/a><\/a><\/strong><\/p>\n<p style=\"text-align: justify;\">A co Bene\u0161\u00e1ci? Vyhl\u00e1\u0161en\u00edm t\u011bch nejlep\u0161\u00edch z nich leto\u0161n\u00ed v\u00fdro\u010dn\u00ed &#8222;ro(c)kov\u00e1n\u00ed ve \u010dtvrtek\u00a0 odstarujeme&#8230;<\/p>\n<p style=\"text-align: justify;\"><strong><a href=\"http:\/\/www.moravecteam.cz\/?attachment_id=10788\" rel=\"attachment wp-att-10788\">mistri-benesova-2017<\/a><\/strong><\/p>\n<p style=\"text-align: justify;\">Zde je ofici\u00e1ln\u00ed pozv\u00e1nka,\u00a0<strong><a href=\"http:\/\/www.moravecteam.cz\/?attachment_id=10786\" rel=\"attachment wp-att-10786\">pozvanka-17<\/a>,<\/strong> v\u0161em nominovan\u00fdm je\u0161t\u011b doraz\u00ed zvac\u00ed e-mail. Tak\u017ee: ve \u010dtvrtek&#8230;<\/p>\n<p style=\"text-align: justify;\">\n","protected":false},"excerpt":{"rendered":"<p>Nominace na v\u00fdro\u010dn\u00ed ceny MORAVEC Teamu za r. 2017 si m\u016f\u017eete n\u00ed\u017ee pe\u010dliv\u011b prostudovat. Ve \u010dtvrtek 28. prosince 2017 bude v ka\u017ed\u00e9 kategorii z nominovan\u00fdch vyhl\u00e1\u0161en v\u00edt\u011bz \/ v\u00edt\u011bzka, o nich\u017e rozhodla Rada star\u0161\u00edch biker\u016f na sv\u00e9m leto\u0161n\u00edm posledn\u00edm sezen\u00ed&#8230;\u00a0 Tak\u017ee, jak to letos vypad\u00e1 mezi d\u011btmi? V\u00fdro\u010dn\u00ed ceny &#8211; MORAVEC Team &#8211; nominace d\u011bti &hellip; <a href=\"https:\/\/www.moravecteam.cz\/?p=10777\" class=\"more-link\">Pokra\u010dov\u00e1n\u00ed textu <span class=\"screen-reader-text\">Nominace jsou &#8222;tu\u0165&#8220;!-3<\/span> <span class=\"meta-nav\">&rarr;<\/span><\/a><\/p>\n","protected":false},"author":3,"featured_media":10792,"comment_status":"open","ping_status":"closed","sticky":false,"template":"","format":"standard","meta":[],"categories":[13],"tags":[],"_links":{"self":[{"href":"https:\/\/www.moravecteam.cz\/index.php?rest_route=\/wp\/v2\/posts\/10777"}],"collection":[{"href":"https:\/\/www.moravecteam.cz\/index.php?rest_route=\/wp\/v2\/posts"}],"about":[{"href":"https:\/\/www.moravecteam.cz\/index.php?rest_route=\/wp\/v2\/types\/post"}],"author":[{"embeddable":true,"href":"https:\/\/www.moravecteam.cz\/index.php?rest_route=\/wp\/v2\/users\/3"}],"replies":[{"embeddable":true,"href":"https:\/\/www.moravecteam.cz\/index.php?rest_route=%2Fwp%2Fv2%2Fcomments&post=10777"}],"version-history":[{"count":17,"href":"https:\/\/www.moravecteam.cz\/index.php?rest_route=\/wp\/v2\/posts\/10777\/revisions"}],"predecessor-version":[{"id":10808,"href":"https:\/\/www.moravecteam.cz\/index.php?rest_route=\/wp\/v2\/posts\/10777\/revisions\/10808"}],"wp:featuredmedia":[{"embeddable":true,"href":"https:\/\/www.moravecteam.cz\/index.php?rest_route=\/wp\/v2\/media\/10792"}],"wp:attachment":[{"href":"https:\/\/www.moravecteam.cz\/index.php?rest_route=%2Fwp%2Fv2%2Fmedia&parent=10777"}],"wp:term":[{"taxonomy":"category","embeddable":true,"href":"https:\/\/www.moravecteam.cz\/index.php?rest_route=%2Fwp%2Fv2%2Fcategories&post=10777"},{"taxonomy":"post_tag","embeddable":true,"href":"https:\/\/www.moravecteam.cz\/index.php?rest_route=%2Fwp%2Fv2%2Ftags&post=10777"}],"curies":[{"name":"wp","href":"https:\/\/api.w.org\/{rel}","templated":true}]}}