{"id":10809,"date":"2017-12-29T14:38:09","date_gmt":"2017-12-29T13:38:09","guid":{"rendered":"http:\/\/www.moravecteam.cz\/?p=10809"},"modified":"2017-12-29T14:42:15","modified_gmt":"2017-12-29T13:42:15","slug":"posledni-vystrel","status":"publish","type":"post","link":"https:\/\/www.moravecteam.cz\/?p=10809","title":{"rendered":"Posledn\u00ed v\u00fdst\u0159el&#8230;"},"content":{"rendered":"<p style=\"text-align: justify;\"><strong><span style=\"color: #800000;\">&#8230;ten samoz\u0159ejm\u011b pomysln\u00fd, cyklistick\u00fd, formou leto\u0161n\u00ed posledn\u00ed v\u00fdji\u017e\u010fky na kolech, &#8222;zazn\u00ed&#8220; v <span style=\"text-decoration: underline;\">sobotu, 30. prosince 2017<\/span>, kde jinde ne\u017e na na\u0161\u00ed &#8222;cycling force base&#8220; &#8211; na boskovick\u00e9 st\u0159elnici&#8230; Tak \u0159\u00edkaj\u00edc do roka a do dne se vr\u00e1t\u00edme na m\u00edsta, kter\u00e1 jsme v pr\u00e1v\u011b kon\u010d\u00edc\u00edm roce nechali hodn\u011b zah\u00e1let&#8230;<\/span><\/strong><\/p>\n<p style=\"text-align: justify;\">V sobotu ale St\u0159elnice &#8222;o\u017eije&#8220; pod n\u00e1porem &#8211; jak pevn\u011b v\u011b\u0159\u00edm &#8211; bohat\u00e9 j\u00edzdn\u00ed bikov\u00e9 vozby MORAVEC Teamu! Zde jsou u\u017e asi netrp\u011bliv\u011b o\u010dek\u00e1van\u00e1 z\u00e1kladn\u00ed data na\u0161\u00ed leto\u0161n\u00ed posledn\u00ed akce:<\/p>\n<ul>\n<li><span style=\"color: #800000;\"><strong>Sraz rajdr\u016f v prostoru st\u0159elnice: v 10.30 &#8211; 11.00<\/strong><\/span><\/li>\n<li style=\"text-align: justify;\">Odjezd na <strong><span style=\"color: #800000;\">nen\u00e1ro\u010dnou v\u00fd\u00ed\u017e\u010fku (10 &#8211; 15 km<\/span><\/strong> &#8211; za nen\u00e1ro\u010dnost trati m\u011b ru\u010d\u00ed mjr. v z\u00e1loze, Vlast\u00edk Odehnal vlastn\u00ed hlavou &#8211; chci jet toti\u017e taky&#8230;) v okol\u00ed Boskovic v 11.00. Ale pozor! V\u00fdji\u017e\u010fka bude rajdr\u016fm zpest\u0159ena &#8211; na trati bude na jezdce \u010dekat 5 r\u016fzn\u00fdch \u00fakol\u016f, jejich\u017e 100% spln\u011bn\u00ed je podm\u00ednkou, aby po n\u00e1vratu na &#8222;cycling force base&#8220; dostali &#8211; ob\u011bd! P\u0159edpokl\u00e1dan\u00fd n\u00e1vrat na proh\u0159\u00e1tou z\u00e1kladnu &#8211; do 13.00 hodin.<\/li>\n<li style=\"text-align: justify;\">Ve 13.15 se v teple boskovick\u00e9 st\u0159elnice se bude pod\u00e1vat p\u0159edsilvestrovsk\u00fd ob\u011bd formou\u00a0 porce v\u00fd\u017eivn\u00e9 hork\u00e9 pol\u00e9vky z d\u00edlny na\u0161eho &#8222;dvorn\u00edho provinatn\u00edho n\u00e1\u010deln\u00edka&#8220; <strong><span style=\"color: #800000;\">Petra Kone\u010dn\u00e9ho.<\/span><\/strong><\/li>\n<li style=\"text-align: justify;\">Po ob\u011bd\u011b posezen\u00ed, von\u00e1 z\u00e1bava &#8211; cca do soumraku, jak se n\u00e1m bude cht\u00edt&#8230; To\u010den\u00e9 pivo pro dosp\u011bl\u00e9 a limo pro d\u011bti zaji\u0161t\u011bno, ndal\u0161\u00ed tepl\u00e9 i jinak v\u00fd\u017eivn\u00e9 n\u00e1poje v\u010detn\u011b&#8230;<\/li>\n<\/ul>\n<p><strong><span style=\"color: #800000;\">Hlavn\u00ed odpov\u011bdn\u00e9 osoby a obsazen\u00ed:<\/span><\/strong><\/p>\n<ul>\n<li>Vrchn\u00ed topi\u010d: pplk. v z\u00e1loze &#8211; <strong><span style=\"color: #800000;\">Vlast\u00edk Sedl\u00e1k<\/span><\/strong> se svoj\u00ed rotou<\/li>\n<li>Zaji\u0161\u0165\u011bn\u00ed trat\u011b: mjr. v z\u00e1loze &#8211;<strong><span style=\"color: #800000;\"> Vlast\u00edk Odehnal<\/span><\/strong> se svoj\u00ed rotou<\/li>\n<li>Proviantn\u00ed zaji\u0161t\u011bn\u00ed: gen. por. v z\u00e1loze &#8211;<span style=\"color: #800000;\"><strong> Petr Kone\u010dn\u00fd<\/strong><\/span> se svoj\u00ed rotou<\/li>\n<\/ul>\n<p>Tak\u017ee: opra\u0161te svoje biky a v sobotu se s V\u00e1mi t\u011b\u0161\u00edm!<\/p>\n<p>&nbsp;<\/p>\n","protected":false},"excerpt":{"rendered":"<p>&#8230;ten samoz\u0159ejm\u011b pomysln\u00fd, cyklistick\u00fd, formou leto\u0161n\u00ed posledn\u00ed v\u00fdji\u017e\u010fky na kolech, &#8222;zazn\u00ed&#8220; v sobotu, 30. prosince 2017, kde jinde ne\u017e na na\u0161\u00ed &#8222;cycling force base&#8220; &#8211; na boskovick\u00e9 st\u0159elnici&#8230; Tak \u0159\u00edkaj\u00edc do roka a do dne se vr\u00e1t\u00edme na m\u00edsta, kter\u00e1 jsme v pr\u00e1v\u011b kon\u010d\u00edc\u00edm roce nechali hodn\u011b zah\u00e1let&#8230; V sobotu ale St\u0159elnice &#8222;o\u017eije&#8220; pod n\u00e1porem &hellip; <a href=\"https:\/\/www.moravecteam.cz\/?p=10809\" class=\"more-link\">Pokra\u010dov\u00e1n\u00ed textu <span class=\"screen-reader-text\">Posledn\u00ed v\u00fdst\u0159el&#8230;<\/span> <span class=\"meta-nav\">&rarr;<\/span><\/a><\/p>\n","protected":false},"author":3,"featured_media":10811,"comment_status":"open","ping_status":"closed","sticky":false,"template":"","format":"standard","meta":[],"categories":[13],"tags":[],"_links":{"self":[{"href":"https:\/\/www.moravecteam.cz\/index.php?rest_route=\/wp\/v2\/posts\/10809"}],"collection":[{"href":"https:\/\/www.moravecteam.cz\/index.php?rest_route=\/wp\/v2\/posts"}],"about":[{"href":"https:\/\/www.moravecteam.cz\/index.php?rest_route=\/wp\/v2\/types\/post"}],"author":[{"embeddable":true,"href":"https:\/\/www.moravecteam.cz\/index.php?rest_route=\/wp\/v2\/users\/3"}],"replies":[{"embeddable":true,"href":"https:\/\/www.moravecteam.cz\/index.php?rest_route=%2Fwp%2Fv2%2Fcomments&post=10809"}],"version-history":[{"count":3,"href":"https:\/\/www.moravecteam.cz\/index.php?rest_route=\/wp\/v2\/posts\/10809\/revisions"}],"predecessor-version":[{"id":10813,"href":"https:\/\/www.moravecteam.cz\/index.php?rest_route=\/wp\/v2\/posts\/10809\/revisions\/10813"}],"wp:featuredmedia":[{"embeddable":true,"href":"https:\/\/www.moravecteam.cz\/index.php?rest_route=\/wp\/v2\/media\/10811"}],"wp:attachment":[{"href":"https:\/\/www.moravecteam.cz\/index.php?rest_route=%2Fwp%2Fv2%2Fmedia&parent=10809"}],"wp:term":[{"taxonomy":"category","embeddable":true,"href":"https:\/\/www.moravecteam.cz\/index.php?rest_route=%2Fwp%2Fv2%2Fcategories&post=10809"},{"taxonomy":"post_tag","embeddable":true,"href":"https:\/\/www.moravecteam.cz\/index.php?rest_route=%2Fwp%2Fv2%2Ftags&post=10809"}],"curies":[{"name":"wp","href":"https:\/\/api.w.org\/{rel}","templated":true}]}}