{"id":1081,"date":"2015-07-26T10:03:34","date_gmt":"2015-07-26T08:03:34","guid":{"rendered":"http:\/\/www.moravecteam.cz\/?p=1081"},"modified":"2015-07-26T10:04:30","modified_gmt":"2015-07-26T08:04:30","slug":"pecka-z-alpagu","status":"publish","type":"post","link":"https:\/\/www.moravecteam.cz\/?p=1081","title":{"rendered":"Pecka z Alpagu!"},"content":{"rendered":"<p style=\"text-align: justify;\"><strong><span style=\"color: #800000;\">Na prob\u00edhaj\u00edc\u00edm Mistrovstv\u00ed Evropy horsk\u00fdch kol v italsk\u00e9m Alpagu zajela v sobotu v z\u00e1vod\u011b juniorek na\u0161e odchovankyn\u011b Ad\u00e9la \u0160af\u00e1\u0159ov\u00e1 \u017eivotn\u00ed z\u00e1vod. Sv\u00fdm v\u00fdkonem a v\u00fdsledkem potvrdila dosavadn\u00ed v\u00fdborn\u00fd projev reprezenta\u010dn\u00edho v\u00fdb\u011bru Viktora Zapletala, kter\u00fd je ozdoben ji\u017e ziskem bronov\u00e9 medaile ze z\u00e1vodu \u0161tafet.<\/span><\/strong><\/p>\n<p style=\"text-align: justify;\">Z\u00e1vod juniorek se jel za mizern\u00e9ho po\u010das\u00ed (d\u00e9\u0161\u0165, v\u00edtr, t\u011b\u017ek\u00e1, bl\u00e1tiv\u00e1 tra\u0165), kter\u00e9ho\u017e nen\u00ed Ad\u00e9la zrovna n\u00e1ru\u017eivou vyznava\u010dkou&#8230; O to je v c\u00edli jej\u00ed 13. p\u0159\u00ed\u010dka cenn\u011bj\u0161\u00ed! Blahop\u0159ejeme! P\u0159ed Adys dojela na v\u00fdborn\u00e9m 5. m\u00edst\u011b Jana &#8222;\u010ci\u010dina&#8220; Czeczinkarov\u00e1, jako 22. fini\u0161ovala Denisa Luke\u0161ov\u00e1.<\/p>\n<figure id=\"attachment_1082\" aria-describedby=\"caption-attachment-1082\" style=\"width: 640px\" class=\"wp-caption alignnone\"><a href=\"http:\/\/www.moravecteam.cz\/?attachment_id=1082\" rel=\"attachment wp-att-1082\"><img decoding=\"async\" loading=\"lazy\" class=\" wp-image-1082\" alt=\"me-mtb-xco-2015-sobota-1-9\" src=\"http:\/\/www.moravecteam.cz\/wp-content\/uploads\/2015\/07\/me-mtb-xco-2015-sobota-1-9.jpg\" width=\"640\" height=\"427\" srcset=\"https:\/\/www.moravecteam.cz\/wp-content\/uploads\/2015\/07\/me-mtb-xco-2015-sobota-1-9.jpg 640w, https:\/\/www.moravecteam.cz\/wp-content\/uploads\/2015\/07\/me-mtb-xco-2015-sobota-1-9-300x200.jpg 300w\" sizes=\"(max-width: 640px) 100vw, 640px\" \/><\/a><figcaption id=\"caption-attachment-1082\" class=\"wp-caption-text\">Ad\u00e9la \u0160af\u00e1\u0159ov\u00e9 &#8211; by\u0165 juniorka prvoro\u010da\u010dka &#8211; pat\u0159\u00ed u\u017e nyn\u00ed k \u0161ir\u0161\u00ed Evropsk\u00e9 \u0161pi\u010dce. V Alpegu to v\u00fdsledkem jen potvrdila.<\/figcaption><\/figure>\n<p style=\"text-align: justify;\">V ned\u011bli vyvrchol\u00ed Evropsk\u00fd \u0161ampion\u00e1t z\u00e1vodem elitn\u00edch kategori\u00ed, s na\u0161imi mu\u017esk\u00fdmi \u017eel\u00edzky v ohni (Kulhav\u00fd, Cink, \u0160karnitzl). I jim budeme dr\u017eet palce. Report z juniorsk\u00fdch start\u016f studujte zde:<strong><a href=\"http:\/\/mtbs.cz\/clanek\/juniori-czeczinkarova-a-prudek-skoncili-na-me-shodne-pati\/kategorie\/mistrovstvi-evropy-xc \">http:\/\/mtbs.cz\/clanek\/juniori-czeczinkarova-a-prudek-skoncili-na-me-shodne-pati\/kategorie\/mistrovstvi-evropy-xc\u00a0<\/a><\/strong><\/p>\n","protected":false},"excerpt":{"rendered":"<p>Na prob\u00edhaj\u00edc\u00edm Mistrovstv\u00ed Evropy horsk\u00fdch kol v italsk\u00e9m Alpagu zajela v sobotu v z\u00e1vod\u011b juniorek na\u0161e odchovankyn\u011b Ad\u00e9la \u0160af\u00e1\u0159ov\u00e1 \u017eivotn\u00ed z\u00e1vod. Sv\u00fdm v\u00fdkonem a v\u00fdsledkem potvrdila dosavadn\u00ed v\u00fdborn\u00fd projev reprezenta\u010dn\u00edho v\u00fdb\u011bru Viktora Zapletala, kter\u00fd je ozdoben ji\u017e ziskem bronov\u00e9 medaile ze z\u00e1vodu \u0161tafet. Z\u00e1vod juniorek se jel za mizern\u00e9ho po\u010das\u00ed (d\u00e9\u0161\u0165, v\u00edtr, t\u011b\u017ek\u00e1, bl\u00e1tiv\u00e1 tra\u0165), &hellip; <a href=\"https:\/\/www.moravecteam.cz\/?p=1081\" class=\"more-link\">Pokra\u010dov\u00e1n\u00ed textu <span class=\"screen-reader-text\">Pecka z Alpagu!<\/span> <span class=\"meta-nav\">&rarr;<\/span><\/a><\/p>\n","protected":false},"author":3,"featured_media":1083,"comment_status":"closed","ping_status":"closed","sticky":false,"template":"","format":"standard","meta":[],"categories":[1],"tags":[],"_links":{"self":[{"href":"https:\/\/www.moravecteam.cz\/index.php?rest_route=\/wp\/v2\/posts\/1081"}],"collection":[{"href":"https:\/\/www.moravecteam.cz\/index.php?rest_route=\/wp\/v2\/posts"}],"about":[{"href":"https:\/\/www.moravecteam.cz\/index.php?rest_route=\/wp\/v2\/types\/post"}],"author":[{"embeddable":true,"href":"https:\/\/www.moravecteam.cz\/index.php?rest_route=\/wp\/v2\/users\/3"}],"replies":[{"embeddable":true,"href":"https:\/\/www.moravecteam.cz\/index.php?rest_route=%2Fwp%2Fv2%2Fcomments&post=1081"}],"version-history":[{"count":2,"href":"https:\/\/www.moravecteam.cz\/index.php?rest_route=\/wp\/v2\/posts\/1081\/revisions"}],"predecessor-version":[{"id":1085,"href":"https:\/\/www.moravecteam.cz\/index.php?rest_route=\/wp\/v2\/posts\/1081\/revisions\/1085"}],"wp:featuredmedia":[{"embeddable":true,"href":"https:\/\/www.moravecteam.cz\/index.php?rest_route=\/wp\/v2\/media\/1083"}],"wp:attachment":[{"href":"https:\/\/www.moravecteam.cz\/index.php?rest_route=%2Fwp%2Fv2%2Fmedia&parent=1081"}],"wp:term":[{"taxonomy":"category","embeddable":true,"href":"https:\/\/www.moravecteam.cz\/index.php?rest_route=%2Fwp%2Fv2%2Fcategories&post=1081"},{"taxonomy":"post_tag","embeddable":true,"href":"https:\/\/www.moravecteam.cz\/index.php?rest_route=%2Fwp%2Fv2%2Ftags&post=1081"}],"curies":[{"name":"wp","href":"https:\/\/api.w.org\/{rel}","templated":true}]}}