{"id":10814,"date":"2017-12-30T01:34:44","date_gmt":"2017-12-30T00:34:44","guid":{"rendered":"http:\/\/www.moravecteam.cz\/?p=10814"},"modified":"2017-12-31T12:44:19","modified_gmt":"2017-12-31T11:44:19","slug":"vyrocni-ceny-udeleny","status":"publish","type":"post","link":"https:\/\/www.moravecteam.cz\/?p=10814","title":{"rendered":"V\u00fdro\u010dn\u00ed ceny ud\u011bleny!-2"},"content":{"rendered":"<p style=\"text-align: justify;\"><span style=\"color: #800000;\"><strong>Podle ji\u017e tradi\u010dn\u00edho, osv\u011bd\u010den\u00e9ho sc\u00e9n\u00e1\u0159e a na tradi\u010dn\u00edm m\u00edst\u011b prob\u011bhlo minul\u00fd \u010dtvrtek slavnostn\u00ed odd\u00edlov\u00e9 v\u00fdro\u010dn\u00ed ro(c)kov\u00e1n\u00ed, jeho\u017e hlavn\u00edm bodem programu bylo ud\u011blen\u00ed v\u00fdro\u010dn\u00edch odd\u00edlov\u00fdch cen. Samoz\u0159ejm\u011b\u00a0 nejost\u0159eji sledovan\u00e9 byly v d\u011btsk\u00fdch kategori\u00edch ceny &#8222;Borec MORAVEC&#8220;, kter\u00e9 jsou l\u00e9ty honorov\u00e1ny trofejemi, kter\u00e9 kdysi vybojoval ten, po n\u011bm\u017e je n\u00e1\u0161 odd\u00edl pojmenov\u00e1n: Vlastimil MORAVEC. A mezi d\u00edvkami i mezi chlapci jsou po \u010dtvrtku &#8222;zbrusu&#8220; nov\u00ed laure\u00e1ti nejpresti\u017en\u011bj\u0161\u00ed odd\u00edlov\u00e9 ceny za r. 2017!<\/strong><\/span><\/p>\n<figure id=\"attachment_10822\" aria-describedby=\"caption-attachment-10822\" style=\"width: 986px\" class=\"wp-caption alignnone\"><a href=\"http:\/\/www.moravecteam.cz\/?attachment_id=10822\" rel=\"attachment wp-att-10822\"><img decoding=\"async\" loading=\"lazy\" class=\" wp-image-10822\" alt=\"OLYMPUS DIGITAL CAMERA\" src=\"http:\/\/www.moravecteam.cz\/wp-content\/uploads\/2017\/12\/PC280217.jpg\" width=\"986\" height=\"982\" srcset=\"https:\/\/www.moravecteam.cz\/wp-content\/uploads\/2017\/12\/PC280217.jpg 986w, https:\/\/www.moravecteam.cz\/wp-content\/uploads\/2017\/12\/PC280217-25x25.jpg 25w, https:\/\/www.moravecteam.cz\/wp-content\/uploads\/2017\/12\/PC280217-300x298.jpg 300w\" sizes=\"(max-width: 986px) 100vw, 986px\" \/><\/a><figcaption id=\"caption-attachment-10822\" class=\"wp-caption-text\">Jana &#8222;D\u017eejn&#8220; Tesa\u0159ov\u00e1 je \u010derstvou dr\u017eitelkou odd\u00edlov\u00e9 V\u00fdro\u010dn\u00ed ceny &#8222;Borec MORAVEC&#8220; v kategorii d\u00edvek.<\/figcaption><\/figure>\n<p style=\"text-align: justify;\">Bohu\u017eel letos sice nikdo z rodiny MORAVCOV\u00ddCH mezi n\u00e1s nezav\u00edtal, zato z Brna &#8211; Kohoutovic dorazily hned t\u0159i v\u00fdznamn\u00e9 osobnosti: <span style=\"color: #800000;\"><strong>Jarda Blaha, Va\u0161ek Kurd\u00edk a Rudla Labus<\/strong><\/span>! A pr\u00e1v\u011b oni dodali slavnostn\u00edmu ve\u010deru ten spr\u00e1vn\u00fd punc! Stejn\u011b jeko starosta obce Bene\u0161ova, pan <strong><span style=\"color: #800000;\">Anton\u00edn Rus<\/span><\/strong>, kter\u00fd se velmi zdatn\u011b ujal p\u0159ed\u00e1v\u00e1n\u00ed cen Mistr\u016fm Bene\u0161ova v z\u00e1vodech horsk\u00fdch kol za uplynul\u00fd rok. U\u017e l\u00e9ty dr\u017e\u00ed vysoko prapor v obci, kde se p\u0159ed patn\u00e1cti lety cyklistick\u00fd odd\u00edl MORAVEC Team zrodil, p\u0159edev\u0161\u00edm t\u0159i, ji\u017e zku\u0161en\u00ed bike\u0159i: Dv\u011b bikerky- <strong><span style=\"color: #800000;\">Anna Zem\u00e1nkov\u00e1<\/span><\/strong> a <strong><span style=\"color: #800000;\">Lucinka Koudelkov\u00e1<\/span><\/strong> a jeden biker &#8211; <strong><span style=\"color: #800000;\">Maty\u00e1\u0161 Koudelka<\/span><\/strong>. A ani v kon\u010d\u00edc\u00edm roce si toto osv\u011bd\u010den\u00e9 trio nevedlo na z\u00e1vodech v\u0161eho druhu &#8211; v\u016fbec \u0161patn\u011b!<\/p>\n<figure id=\"attachment_10821\" aria-describedby=\"caption-attachment-10821\" style=\"width: 913px\" class=\"wp-caption alignnone\"><a href=\"http:\/\/www.moravecteam.cz\/?attachment_id=10821\" rel=\"attachment wp-att-10821\"><img decoding=\"async\" loading=\"lazy\" class=\" wp-image-10821\" alt=\"PC280198a\" src=\"http:\/\/www.moravecteam.cz\/wp-content\/uploads\/2017\/12\/PC280198a.jpg\" width=\"913\" height=\"781\" srcset=\"https:\/\/www.moravecteam.cz\/wp-content\/uploads\/2017\/12\/PC280198a.jpg 913w, https:\/\/www.moravecteam.cz\/wp-content\/uploads\/2017\/12\/PC280198a-300x256.jpg 300w\" sizes=\"(max-width: 913px) 100vw, 913px\" \/><\/a><figcaption id=\"caption-attachment-10821\" class=\"wp-caption-text\">Mezi chlapci je dr\u017eitelem nejpresti\u017en\u011bj\u0161\u00ed odd\u00edlov\u00e9 ceny za r. 2017 Honza &#8222;D\u017eony&#8220; \u0160indel\u00e1\u0159!\u00a0 Blahop\u0159ejeme!<\/figcaption><\/figure>\n<p style=\"text-align: justify;\">Hlavn\u00ed \u010d\u00e1st ve\u010dera byla nejdel\u0161\u00ed, proto\u017ee nominovan\u00fdch na jednotlov\u00e9 ceny bylo skute\u010dn\u011b po\u010detn\u00e9 mno\u017estv\u00ed. Magnetem, jak u\u017e bylo v\u00fd\u0161e zm\u00edn\u011bno, bylo vyhl\u00e1\u0161en\u00ed nejlep\u0161\u00ed d\u00edvky a chlace v r\u00e1mci hlavn\u00edch cen <strong><span style=\"color: #800000;\">&#8222;Borec MORAVEC&#8220;<\/span><\/strong>. Leto\u0161n\u00ed \u0161ampionka v MTB XCE z M\u010cR v Brn\u011b,\u00a0<strong><span style=\"color: #800000;\">Jana &#8222;D\u017eejn&#8220; Tesa\u0159ov\u00e1<\/span><\/strong> po z\u00e1sluze dos\u00e1hla na nejvy\u0161\u0161\u00ed metu, stejn\u011b jako si tuto mezi chlapci ur\u010dit\u011b zalou\u017eil i dal\u0161\u00ed n\u00e1\u0161 spolehliv\u00fd reprezentant <strong><span style=\"color: #800000;\">Honza &#8222;D\u017eony&#8220; \u0160indel\u00e1\u0159.<\/span><\/strong><span style=\"color: #800000;\">\u00a0<span style=\"color: #000000;\">Titul &#8222;Dravce MORAVCE&#8220; putuje k <strong><span style=\"color: #800000;\">Jirkovi Zav\u0159elovi ml<\/span><\/strong>. a\u017e do dalek\u00e9 Austr\u00e1lie! To za v\u00edt\u011bzkou t\u00e9to ceny mezi d\u00edvkami nebude putov\u00e1n\u00ed nijak dlouh\u00e9: poprv\u00e9 se mezi nejlep\u0161\u00edmi bl\u00fdskla \u0161ikovn\u00e1 <span style=\"color: #800000;\"><strong>Just\u00fdnka Novotn\u00e1<\/strong><\/span> z Boskovic. Ve vyhla\u0161ov\u00e1n\u00ed cen se st\u0159\u00eddali t\u0159i sv\u011bdomit\u00ed &#8222;Koh\u00f3ti&#8220;, vyj\u00edmkou byla pouze hlavn\u00ed cena v kategorii chlapc\u016f. Tu Honzovi &#8222;D\u017eonymu&#8220; \u0160indel\u00e1\u0159ovi p\u0159edal symbolicky jej\u00ed dosavadn\u00ed dr\u017eitel Tom\u00e1\u0161 Tlamka &#8222;Contador&#8220;, n\u00e1\u0161 odchovanec, toho \u010dasu \u010dtvrt\u00fd v republice mezi cyklokrosa\u0159i &#8211; kadety-\u00a0 t\u00fdmov\u011b p\u0159\u00edslu\u0161n\u00fd v Nutrend Specialized.<\/span><\/span><span style=\"color: #800000;\"><span style=\"color: #000000;\"><br \/>\n<\/span><\/span><\/p>\n<figure id=\"attachment_10824\" aria-describedby=\"caption-attachment-10824\" style=\"width: 1262px\" class=\"wp-caption alignnone\"><a href=\"http:\/\/www.moravecteam.cz\/?attachment_id=10824\" rel=\"attachment wp-att-10824\"><img decoding=\"async\" loading=\"lazy\" class=\" wp-image-10824\" alt=\"OLYMPUS DIGITAL CAMERA\" src=\"http:\/\/www.moravecteam.cz\/wp-content\/uploads\/2017\/12\/PC280236.jpg\" width=\"1262\" height=\"1195\" srcset=\"https:\/\/www.moravecteam.cz\/wp-content\/uploads\/2017\/12\/PC280236.jpg 1262w, https:\/\/www.moravecteam.cz\/wp-content\/uploads\/2017\/12\/PC280236-25x25.jpg 25w, https:\/\/www.moravecteam.cz\/wp-content\/uploads\/2017\/12\/PC280236-300x284.jpg 300w, https:\/\/www.moravecteam.cz\/wp-content\/uploads\/2017\/12\/PC280236-1024x969.jpg 1024w\" sizes=\"(max-width: 1262px) 100vw, 1262px\" \/><\/a><figcaption id=\"caption-attachment-10824\" class=\"wp-caption-text\">Jarda Blaha pr\u00e1v\u011b p\u0159e\u010detl dr\u017eitelku CykloOskara: je to Maru\u0161ka Zouharov\u00e1!<\/figcaption><\/figure>\n<p style=\"text-align: justify;\">Skokany roku (nikoli zelen\u00fdmi) se zcela objektivn\u011b na z\u00e1klad\u011b propo\u010dtu stali <strong><span style=\"color: #800000;\">Lucinka Gottwaldov\u00e1<\/span><\/strong> s <strong><span style=\"color: #800000;\">Matou\u0161kem Lipensk\u00fdm<\/span><\/strong> a jako Objev\u016fm roku jsme zatleskali <strong><span style=\"color: #800000;\">Kl\u00e1rce V\u011brn\u00e9<\/span><\/strong> spolu s <span style=\"color: #800000;\"><strong>Filipem Eclerem<\/strong><\/span>. Po krat\u0161\u00ed pauzi\u010dce v pr\u016fb\u011bhu slavnostn\u00edho ve\u010dera p\u0159i\u0161la \u0159ada i na ceny pro dosp\u011bl\u00e9. Majiteli pomysln\u00e9ho CykloOskara (Cena &#8222;Velk\u00e9&#8220; Evy) jsou po \u010dtvrtku <strong><span style=\"color: #800000;\">Maru\u0161ka Zouharov\u00e1<\/span><\/strong> a <strong><span style=\"color: #800000;\">Karel V\u0161etula<\/span><\/strong>. Akademici v tomto p\u0159\u00edpad\u011b objektivn\u011b posoudili hlavn\u011b jejich velkou m\u00edru sv\u011bdomit\u00e9 pr\u00e1ce pro odd\u00edl, p\u0159edev\u0161\u00edm v r\u00e1mci 16. ro\u010dn\u00edku MTB Superior Poh\u00e1ru Drahansk\u00e9 vrchoviny. Mysl\u00edm &#8211; a snad mi d\u00e1te za pravdu, \u017ee trofeje jsou beze sporu ve spr\u00e1vn\u00fdch rukou&#8230; Stejn\u011b, jako ob\u011b ceny &#8222;Mal\u00e9 Evy&#8220;, kter\u00e9 jsou ud\u011blov\u00e1ny dosp\u011bl\u00fdm za jejich v\u00fdsledky v z\u00e1vodech. Zde se t\u011b\u0161\u00ed, tak\u00e9 ur\u010dit\u011b zcela\u00a0 po z\u00e1sluze, z v\u00edt\u011bzstv\u00ed <strong><span style=\"color: #800000;\">Michaela Hanouskov\u00e1<\/span><\/strong> a <strong><span style=\"color: #800000;\">Dominik Prudek<\/span><\/strong>.<\/p>\n<figure id=\"attachment_10825\" aria-describedby=\"caption-attachment-10825\" style=\"width: 1007px\" class=\"wp-caption alignnone\"><a href=\"http:\/\/www.moravecteam.cz\/?attachment_id=10825\" rel=\"attachment wp-att-10825\"><img decoding=\"async\" loading=\"lazy\" class=\" wp-image-10825\" alt=\"OLYMPUS DIGITAL CAMERA\" src=\"http:\/\/www.moravecteam.cz\/wp-content\/uploads\/2017\/12\/PC280300.jpg\" width=\"1007\" height=\"1248\" srcset=\"https:\/\/www.moravecteam.cz\/wp-content\/uploads\/2017\/12\/PC280300.jpg 1007w, https:\/\/www.moravecteam.cz\/wp-content\/uploads\/2017\/12\/PC280300-242x300.jpg 242w, https:\/\/www.moravecteam.cz\/wp-content\/uploads\/2017\/12\/PC280300-826x1024.jpg 826w\" sizes=\"(max-width: 1007px) 100vw, 1007px\" \/><\/a><figcaption id=\"caption-attachment-10825\" class=\"wp-caption-text\">Na\u0161im dosp\u011bl\u00fdm &#8222;bombar\u010f\u00e1k\u016fm&#8220; kraloval loni suver\u00e9nn\u011b Dominik Prudek!<\/figcaption><\/figure>\n<p style=\"text-align: justify;\">Neofici\u00e1ln\u011b byla ud\u011blena i cena Tren\u00e9r roku, kterou si odnesl\u00a0 \u00a0z iniciativy Vla\u010fky Tesa\u0159ov\u00e9 Honza \u0160indel\u00e1\u0159 st., zcela ofici\u00e1ln\u011b a legitim\u011b ale prob\u011bhly &#8222;pasova\u010dky&#8220;. By\u0165 z\u00e1stupce Svatov\u00e1clavsk\u00e9ho \u0161iku se i letos, boho\u017eel,\u00a0 omluvil. Petr pasov\u00e1n\u00ed zvl\u00e1dl a neu\u0165al nikomu ucho \u010di ou\u0161ko a ani nijak jinak nikoho -zapla\u0165 B\u016fh &#8211; nezranil. A tak jsme mohli je\u0161t\u011b v pohod\u011b b\u011b\u017e\u00edc\u00edho slavnostn\u00edho ve\u010dera piten\u011b zavzpom\u00ednat na na\u0161e letos zesnul\u00e9 kamar\u00e1dy &#8211; <strong><span style=\"color: #000000;\">Lojz\u00edka Krkavce<\/span> <\/strong>a <strong><span style=\"color: #000000;\">Karla Stloukala<\/span><\/strong>, a v \u00fapln\u00e9m z\u00e1v\u011bru p\u0159ip\u00edt na zdrav\u00ed MORAVEC\u00a0 Teamu, kter\u00fd letos oslavil &#8222;mal\u00e9 kulatiny&#8220; &#8211; (pro m\u011b neuv\u011b\u0159iteln\u00fdch) 15 let existence&#8230; &#8222;\u00dahlavn\u00ed&#8220; oslavy prob\u011bhnou, samoz\u0159ejm\u011b, na v\u00fdro\u010dn\u00edm plese cyklist\u016f 20.1.2018, kter\u00fd tentokr\u00e1t pohost\u00ed obec Such\u00fd.<\/p>\n<figure id=\"attachment_10826\" aria-describedby=\"caption-attachment-10826\" style=\"width: 1399px\" class=\"wp-caption alignnone\"><a href=\"http:\/\/www.moravecteam.cz\/?attachment_id=10826\" rel=\"attachment wp-att-10826\"><img decoding=\"async\" loading=\"lazy\" class=\" wp-image-10826\" alt=\"OLYMPUS DIGITAL CAMERA\" src=\"http:\/\/www.moravecteam.cz\/wp-content\/uploads\/2017\/12\/PC280349.jpg\" width=\"1399\" height=\"1429\" srcset=\"https:\/\/www.moravecteam.cz\/wp-content\/uploads\/2017\/12\/PC280349.jpg 1399w, https:\/\/www.moravecteam.cz\/wp-content\/uploads\/2017\/12\/PC280349-25x25.jpg 25w, https:\/\/www.moravecteam.cz\/wp-content\/uploads\/2017\/12\/PC280349-293x300.jpg 293w, https:\/\/www.moravecteam.cz\/wp-content\/uploads\/2017\/12\/PC280349-1002x1024.jpg 1002w\" sizes=\"(max-width: 1399px) 100vw, 1399px\" \/><\/a><figcaption id=\"caption-attachment-10826\" class=\"wp-caption-text\">Petr m\u011bl letos p\u0159i pasova\u010dk\u00e1ch pevnou ruku&#8230; Tak\u017ee po\u010det s\u0165at\u00fdch ou\u0161ek je i po \u010dtvrtku na st\u00e1le stejn\u00e9m \u010d\u00edsle&#8230; Vlast\u00edkovo lev\u00e9 k nim (na\u0161t\u011bst\u00ed) nep\u0159ibylo&#8230;<\/figcaption><\/figure>\n<p style=\"text-align: justify;\">Z v\u011bdomostn\u00ed sout\u011b\u017ee o Vlas\u00edkovi MORAVCOVI po \u010dtvrtku tak\u00e9 v\u00edme, kolik\u00e1t\u00fd dojel v silni\u010dn\u00edm z\u00e1vod\u011b jednotlicv\u016f s hromadn\u00fdm startem na LOH v Montrealu 1976, a ve kter\u00e9m roce vyhr\u00e1l presti\u017en\u00ed &#8222;etap\u00e1k&#8220; Okolo Slovenska&#8230; Ur\u010dili jsme v r\u00e1mci druh\u00e9 doprovodn\u00e9 sout\u011b\u017ee i foto roku (p\u0159ipomenu jen je\u0161t\u011b v\u00edt\u011bze obou typova\u010dek: <span style=\"color: #800000;\"><strong>Matou\u0161e Lipensk\u00e9ho<\/strong><\/span> a <strong><span style=\"color: #800000;\">Martina Gottwalda, <\/span><\/strong><span style=\"color: #800000;\"><span style=\"color: #000000;\">kter\u00e9<\/span><\/span> sv\u011bdomit\u011b vylosovala \u010derstv\u00e1 dr\u017eitelka CykloOskara Maru\u0161ka Zouharov\u00e1&#8230; \u017de jsme bene\u0161ovskou restauraci Morava &#8222;zav\u00edrali&#8220; nemus\u00edm nijak z\u00fdvl\u00e1\u0161\u0165\u00a0 zd\u016fraz\u0148ovat&#8230; Zde mrkn\u011bte na dv\u011b fotogalerie a i na seznamy nominovan\u00fdch, ve kter\u00fdcj jsou u\u017e i dopln\u011bni \u010derstv\u00ed laure\u00e1ti v\u00fdro\u010dn\u00edch cen MORAVEC Teamu za r. 2017:<\/p>\n<ul>\n<li><strong><a href=\"http:\/\/moravecteam.rajce.idnes.cz\/2017.12.28_Vyrocni_Ro_c_kovani_MORAVEC_Team\/\">fotogalerie \u010d.1<\/a><\/strong><\/li>\n<li><strong><a href=\"http:\/\/moravecteam.rajce.idnes.cz\/2017.12.28_Vyrocni_Ro_c_kovani_MORAVEC_Team_-_2\/\">fotogalerie \u010d.2<\/a><\/strong><\/li>\n<li><strong><a href=\"http:\/\/www.moravecteam.cz\/?attachment_id=10818\" rel=\"attachment wp-att-10818\">V\u00fdro\u010dn\u00ed ceny 2017 &#8211; MORAVEC Team &#8211; d\u011bti<\/a><\/strong><\/li>\n<li><strong><a href=\"http:\/\/www.moravecteam.cz\/?attachment_id=10819\" rel=\"attachment wp-att-10819\">V\u00fdro\u010dn\u00ed ceny 2017 &#8211; MORAVEC Team &#8211; dosp\u011bl\u00ed<\/a><\/strong><\/li>\n<\/ul>\n<figure id=\"attachment_10827\" aria-describedby=\"caption-attachment-10827\" style=\"width: 1658px\" class=\"wp-caption alignnone\"><a href=\"http:\/\/www.moravecteam.cz\/?attachment_id=10827\" rel=\"attachment wp-att-10827\"><img decoding=\"async\" loading=\"lazy\" class=\" wp-image-10827\" alt=\"OLYMPUS DIGITAL CAMERA\" src=\"http:\/\/www.moravecteam.cz\/wp-content\/uploads\/2017\/12\/PC280131.jpg\" width=\"1658\" height=\"1500\" srcset=\"https:\/\/www.moravecteam.cz\/wp-content\/uploads\/2017\/12\/PC280131.jpg 1658w, https:\/\/www.moravecteam.cz\/wp-content\/uploads\/2017\/12\/PC280131-300x271.jpg 300w, https:\/\/www.moravecteam.cz\/wp-content\/uploads\/2017\/12\/PC280131-1024x926.jpg 1024w\" sizes=\"(max-width: 1658px) 100vw, 1658px\" \/><\/a><figcaption id=\"caption-attachment-10827\" class=\"wp-caption-text\">Rudla Labus pr\u00e1v\u011b vyhl\u00e1sil &#8222;Skokanem roku&#8220; Matou\u0161ka Lipensk\u00e9ho!<\/figcaption><\/figure>\n<p style=\"text-align: justify;\">\n","protected":false},"excerpt":{"rendered":"<p>Podle ji\u017e tradi\u010dn\u00edho, osv\u011bd\u010den\u00e9ho sc\u00e9n\u00e1\u0159e a na tradi\u010dn\u00edm m\u00edst\u011b prob\u011bhlo minul\u00fd \u010dtvrtek slavnostn\u00ed odd\u00edlov\u00e9 v\u00fdro\u010dn\u00ed ro(c)kov\u00e1n\u00ed, jeho\u017e hlavn\u00edm bodem programu bylo ud\u011blen\u00ed v\u00fdro\u010dn\u00edch odd\u00edlov\u00fdch cen. Samoz\u0159ejm\u011b\u00a0 nejost\u0159eji sledovan\u00e9 byly v d\u011btsk\u00fdch kategori\u00edch ceny &#8222;Borec MORAVEC&#8220;, kter\u00e9 jsou l\u00e9ty honorov\u00e1ny trofejemi, kter\u00e9 kdysi vybojoval ten, po n\u011bm\u017e je n\u00e1\u0161 odd\u00edl pojmenov\u00e1n: Vlastimil MORAVEC. A mezi d\u00edvkami &hellip; <a href=\"https:\/\/www.moravecteam.cz\/?p=10814\" class=\"more-link\">Pokra\u010dov\u00e1n\u00ed textu <span class=\"screen-reader-text\">V\u00fdro\u010dn\u00ed ceny ud\u011bleny!-2<\/span> <span class=\"meta-nav\">&rarr;<\/span><\/a><\/p>\n","protected":false},"author":3,"featured_media":10820,"comment_status":"open","ping_status":"closed","sticky":false,"template":"","format":"standard","meta":[],"categories":[13],"tags":[],"_links":{"self":[{"href":"https:\/\/www.moravecteam.cz\/index.php?rest_route=\/wp\/v2\/posts\/10814"}],"collection":[{"href":"https:\/\/www.moravecteam.cz\/index.php?rest_route=\/wp\/v2\/posts"}],"about":[{"href":"https:\/\/www.moravecteam.cz\/index.php?rest_route=\/wp\/v2\/types\/post"}],"author":[{"embeddable":true,"href":"https:\/\/www.moravecteam.cz\/index.php?rest_route=\/wp\/v2\/users\/3"}],"replies":[{"embeddable":true,"href":"https:\/\/www.moravecteam.cz\/index.php?rest_route=%2Fwp%2Fv2%2Fcomments&post=10814"}],"version-history":[{"count":8,"href":"https:\/\/www.moravecteam.cz\/index.php?rest_route=\/wp\/v2\/posts\/10814\/revisions"}],"predecessor-version":[{"id":10830,"href":"https:\/\/www.moravecteam.cz\/index.php?rest_route=\/wp\/v2\/posts\/10814\/revisions\/10830"}],"wp:featuredmedia":[{"embeddable":true,"href":"https:\/\/www.moravecteam.cz\/index.php?rest_route=\/wp\/v2\/media\/10820"}],"wp:attachment":[{"href":"https:\/\/www.moravecteam.cz\/index.php?rest_route=%2Fwp%2Fv2%2Fmedia&parent=10814"}],"wp:term":[{"taxonomy":"category","embeddable":true,"href":"https:\/\/www.moravecteam.cz\/index.php?rest_route=%2Fwp%2Fv2%2Fcategories&post=10814"},{"taxonomy":"post_tag","embeddable":true,"href":"https:\/\/www.moravecteam.cz\/index.php?rest_route=%2Fwp%2Fv2%2Ftags&post=10814"}],"curies":[{"name":"wp","href":"https:\/\/api.w.org\/{rel}","templated":true}]}}