{"id":10832,"date":"2017-12-31T14:53:44","date_gmt":"2017-12-31T13:53:44","guid":{"rendered":"http:\/\/www.moravecteam.cz\/?p=10832"},"modified":"2017-12-31T23:46:49","modified_gmt":"2017-12-31T22:46:49","slug":"posledni-kilometry","status":"publish","type":"post","link":"https:\/\/www.moravecteam.cz\/?p=10832","title":{"rendered":"Posledn\u00ed kilometry&#8230;"},"content":{"rendered":"<p style=\"text-align: justify;\"><strong><span style=\"color: #800000;\">&#8230;odkroutili bike\u0159i a bikerky MORAVEC Teamu na, historicky druh\u00e9, (P\u0159ed) Silvestrovsk\u00e9 v\u00fdj\u00ed\u017e\u010fce. Zat\u00edmco loni byla akce pojata formou &#8222;odleh\u010den\u00e9ho&#8220; cyklo z\u00e1vodu s rize biathlonov\u00fdmi dopl\u0148ky, letos se jednalo o v\u00fdj\u00ed\u017e\u010fku v okol\u00ed Boskovic, kdy docela po\u010detn\u00e1 skupina state\u010dn\u00fdch &#8222;p\u0159edsilvestrovsk\u00fdch rajdr\u016f&#8220; m\u011bla j\u00edzdu zpest\u0159enou pln\u011bn\u00edm p\u011bti \u00fakol\u016f, p\u0159edev\u0161\u00edm znalostn\u00edch&#8230; \u017de n\u00e1m z\u00e1zem\u00ed &#8211; tak jako loni &#8211; poskytnula na\u0161e CFB (Cycling Force Base\u00a0 &#8211; z\u00e1kladna cyklistick\u00fdch sil) na boskovick\u00e9 st\u0159elnici, nemus\u00edm mysl\u00edm, nijak zvl\u00e1\u0161\u0165 zd\u016fraz\u0148ovat&#8230;<\/span><\/strong><\/p>\n<figure id=\"attachment_10839\" aria-describedby=\"caption-attachment-10839\" style=\"width: 2000px\" class=\"wp-caption alignnone\"><a href=\"http:\/\/www.moravecteam.cz\/?attachment_id=10839\" rel=\"attachment wp-att-10839\"><img decoding=\"async\" loading=\"lazy\" class=\" wp-image-10839\" alt=\"IMG_3645\" src=\"http:\/\/www.moravecteam.cz\/wp-content\/uploads\/2017\/12\/IMG_3645.jpg\" width=\"2000\" height=\"1500\" srcset=\"https:\/\/www.moravecteam.cz\/wp-content\/uploads\/2017\/12\/IMG_3645.jpg 2000w, https:\/\/www.moravecteam.cz\/wp-content\/uploads\/2017\/12\/IMG_3645-300x225.jpg 300w, https:\/\/www.moravecteam.cz\/wp-content\/uploads\/2017\/12\/IMG_3645-1024x768.jpg 1024w\" sizes=\"(max-width: 2000px) 100vw, 2000px\" \/><\/a><figcaption id=\"caption-attachment-10839\" class=\"wp-caption-text\">Velitel operace \u0161ikuje \u0161ik&#8230;<\/figcaption><\/figure>\n<p style=\"text-align: justify;\">Akci v\u00fdborn\u011b zabezpe\u010dili p\u0159edev\u0161\u00edm na\u0161i <strong><span style=\"color: #800000;\">&#8222;Vlast\u00edci&#8220;.<\/span><\/strong> Ten s p\u0159\u00edjmen\u00edm <span style=\"color: #800000;\"><strong>Sedl\u00e1k<\/strong><\/span> se postaral bezchybn\u011b o tepelnou pohodu v objektu St\u0159elnice, kter\u00fd n\u00e1m poskytl op\u011bt \u00fatuln\u00e9 z\u00e1zem\u00ed po n\u00e1vratu z vyj\u00ed\u017e\u010fky. Ten se &#8222;surename&#8220; <strong><span style=\"color: #800000;\">Odehnal<\/span> <\/strong>zase p\u0159ipravil tra\u0165, kterou jsme v r\u00e1mci v\u00fdj\u00ed\u017e\u010fky zdol\u00e1vali. Startovali jsme kr\u00e1tce po 11.00 hodin\u011b a v jenom \u0161iku jsme se &#8222;vy\u0161plhali&#8220; na letos \u010derstv\u011b otev\u0159en\u00e9 Boskovick\u00e9 stazky, z nich pak pokra\u010dovali d\u00e1le lesn\u00edm ter\u00e9nem ve sm\u011bru \u0160ebetov, Melkov&#8230;<\/p>\n<figure id=\"attachment_10841\" aria-describedby=\"caption-attachment-10841\" style=\"width: 1150px\" class=\"wp-caption alignnone\"><a href=\"http:\/\/www.moravecteam.cz\/?attachment_id=10841\" rel=\"attachment wp-att-10841\"><img decoding=\"async\" loading=\"lazy\" class=\" wp-image-10841\" alt=\"IMG_3656\" src=\"http:\/\/www.moravecteam.cz\/wp-content\/uploads\/2017\/12\/IMG_3656.jpg\" width=\"1150\" height=\"1127\" srcset=\"https:\/\/www.moravecteam.cz\/wp-content\/uploads\/2017\/12\/IMG_3656.jpg 1150w, https:\/\/www.moravecteam.cz\/wp-content\/uploads\/2017\/12\/IMG_3656-25x25.jpg 25w, https:\/\/www.moravecteam.cz\/wp-content\/uploads\/2017\/12\/IMG_3656-300x294.jpg 300w, https:\/\/www.moravecteam.cz\/wp-content\/uploads\/2017\/12\/IMG_3656-1024x1003.jpg 1024w\" sizes=\"(max-width: 1150px) 100vw, 1150px\" \/><\/a><figcaption id=\"caption-attachment-10841\" class=\"wp-caption-text\">Jeden z \u00fakol\u016f pr\u00e1v\u011b objevila Just\u00fdnka!<\/figcaption><\/figure>\n<p style=\"text-align: justify;\">Cestou p\u0159i\u0161lo na \u0159adu &#8211; podle pl\u00e1nu &#8211; pln\u011bn\u00ed p\u011bti stanoven\u00fdch \u00fakol\u016f. I p\u0159i tomto se Vlast\u00edk Odehnal projevil jako odborn\u00edk. P\u0159\u00edslu\u0161n\u00e9 m\u00edsto v ter\u00e9nu, kde byl \u00fakol v p\u00edsemn\u00e9, a proti vlhku dob\u0159e zabezpe\u010den\u00e9 form\u011b skryt, ozna\u010dil dob\u0159e viditelnou, plastickou \u010dervenou hv\u011bzdi\u010dkou. Pak u\u017e se z d\u011bt\u00ed cyklist\u016f, sataly d\u011bti p\u00e1tra\u010di,a kdy\u017e se poda\u0159ilo text \u00fakolu naj\u00edt, p\u0159i\u0161lo na \u0159adu jeho vy\u0159e\u0161en\u00ed. I toto se d\u011blo p\u00edsemnou formou, proto\u017ee jen vypln\u011bn\u00ed v\u0161ech p\u011bti ot\u00e1zek zaji\u0161\u0165ovalo po\u00a0 n\u00e1vratu na boskovickou st\u0159elnici biker\u016fm ob\u011bd&#8230;<\/p>\n<figure id=\"attachment_10842\" aria-describedby=\"caption-attachment-10842\" style=\"width: 1273px\" class=\"wp-caption alignnone\"><a href=\"http:\/\/www.moravecteam.cz\/?attachment_id=10842\" rel=\"attachment wp-att-10842\"><img decoding=\"async\" loading=\"lazy\" class=\" wp-image-10842\" alt=\"IMG_3657\" src=\"http:\/\/www.moravecteam.cz\/wp-content\/uploads\/2017\/12\/IMG_3657.jpg\" width=\"1273\" height=\"1278\" srcset=\"https:\/\/www.moravecteam.cz\/wp-content\/uploads\/2017\/12\/IMG_3657.jpg 1273w, https:\/\/www.moravecteam.cz\/wp-content\/uploads\/2017\/12\/IMG_3657-25x25.jpg 25w, https:\/\/www.moravecteam.cz\/wp-content\/uploads\/2017\/12\/IMG_3657-298x300.jpg 298w, https:\/\/www.moravecteam.cz\/wp-content\/uploads\/2017\/12\/IMG_3657-1019x1024.jpg 1019w\" sizes=\"(max-width: 1273px) 100vw, 1273px\" \/><\/a><figcaption id=\"caption-attachment-10842\" class=\"wp-caption-text\">Jo, jo&#8230; Toto je Nino,,,<\/figcaption><\/figure>\n<p style=\"text-align: justify;\">Kter\u00e9 \u00fakoly d\u011bti (i dosp\u011bl\u00ed) \u0159e\u0161ili, m\u016f\u017eete omrknout\u00a0<a href=\"http:\/\/www.moravecteam.cz\/?attachment_id=10836\" rel=\"attachment wp-att-10836\">\u00dakoly <strong>Silvestrovsk\u00e1 vyj\u00ed\u017e\u010fka &#8211; 2017<\/strong><\/a> a sami tak otestovat svoje znalosti. P\u00e1tra\u010dsk\u00fdm um\u011bn\u00edm vynikali p\u0159edev\u0161\u00ed <strong><span style=\"color: #800000;\">Filda Ecler,\u00a0<\/span> <span style=\"color: #800000;\">Just\u00fdnka Novotn\u00e1<\/span><\/strong> a sourozenci <strong><span style=\"color: #800000;\">Lucinka a Maty\u00e1\u0161 Koudelkovic<\/span><\/strong>, p\u0159i\u010dem\u017e \u0159e\u0161en\u00ed \u00fakol\u016f bylo vskrze teamovou prac\u00ed d\u011bt\u00ed i dosp\u011bl\u00fdch! A soudr\u017enost Teamu, kter\u00fd si v sobotu &#8222;st\u0159ihnul&#8220; sv\u011bdomit\u011b leto\u0161n\u00ed poslen\u00ed kilometry,\u00a0 to je na prahu nov\u00e9 sez\u00f3ny p\u0159edev\u0161\u00edm velmi pot\u011b\u0161uj\u00edc\u00ed zji\u0161t\u011bn\u00ed! P\u0159ed z\u00e1v\u011brem asi 12 km dlouh\u00e9 &#8222;race&#8220; se velitel skupiny Vlast\u00edk Odehnal se zdatn\u011bn\u0161\u00edmi z pelotonu opojil, aby si dali ve sm\u011bru vodn\u00ed n\u00e1d\u017e B\u011bl\u00e1, n\u011bjak\u00fd ten kilomet\u0159\u00edk nav\u00edc, zbytek grupy pod veden\u00edm tren\u00e9r\u016f Milana Tlamky a Franti\u0161ka Pad\u011bry se u\u017e po &#8222;voln\u00e9 dr\u00e1ze n\u00e1vratu&#8220; vr\u00e1til do tepla\u00a0 St\u0159elnice u\u017e bez jak\u00fdchkoli &#8222;prodlu\u017eova\u010dek&#8220;&#8230; A je\u0161t\u011b jedna pochvala: na docela n\u00e1ro\u010dn\u00e9 trati si vedla na zbrusu nov\u00e9m kole v\u00fdborn\u011b nejmlad\u0161\u00ed \u00fa\u010dastnice v\u00fdji\u017e\u010fky\u00a0<span style=\"color: #800000;\"><strong>Leonka Eclerov\u00e1!<\/strong><\/span> V\u00edm o \u010dem mluv\u00edm. Proto\u017ee v\u00fdkonnostn\u011b jsem si te\u010f s Leonkou zhruba na rove\u0148, m\u011bl jsem ji prakticky po celou dobu v\u00fdj\u00ed\u017e\u010fky na o\u010d\u00edch. Na t\u011b\u017ek\u00e9m ter\u00e9nu si vedla si fakt skv\u011ble&#8230;<\/p>\n<figure id=\"attachment_10845\" aria-describedby=\"caption-attachment-10845\" style=\"width: 476px\" class=\"wp-caption alignnone\"><a href=\"http:\/\/www.moravecteam.cz\/?attachment_id=10845\" rel=\"attachment wp-att-10845\"><img decoding=\"async\" loading=\"lazy\" class=\" wp-image-10845\" alt=\"IMG_3665\" src=\"http:\/\/www.moravecteam.cz\/wp-content\/uploads\/2017\/12\/IMG_3665.jpg\" width=\"476\" height=\"560\" srcset=\"https:\/\/www.moravecteam.cz\/wp-content\/uploads\/2017\/12\/IMG_3665.jpg 476w, https:\/\/www.moravecteam.cz\/wp-content\/uploads\/2017\/12\/IMG_3665-255x300.jpg 255w\" sizes=\"(max-width: 476px) 100vw, 476px\" \/><\/a><figcaption id=\"caption-attachment-10845\" class=\"wp-caption-text\">Nejmlad\u0161\u00ed \u00fa\u010dastnice Leonka si vedla na n\u00e1ro\u010dn\u00e9 trati v\u00fdborn\u011b!<\/figcaption><\/figure>\n<p style=\"text-align: justify;\">Vyh\u0159\u00e1t\u00fd hlavn\u00ed s\u00e1l st\u0159elnice p\u0159i\u0161el po n\u00e1vratu vhod, stejn\u011b jakov\u00fdborn\u00fd\u00a0 &#8222;bor\u0161\u010d&#8220; k ob\u011bdu, z d\u00edlny na\u0161eho proviantn\u00edho n\u00e1\u010deln\u00edka <strong><span style=\"color: #800000;\">Petra Kone\u010dn\u00e9ho<\/span><\/strong>, kter\u00fd si v\u0161ichi &#8211; po sv\u011bdomit\u00e9m spln\u011bn\u00ed p\u011bti tra\u0165ov\u00fdch \u00fakol\u016f &#8211; beze zbytku zaslou\u017eili. Moc r\u00e1di jsme pak mezi sebou\u00a0 p\u0159i fin\u00e1ln\u00edm posezen\u00ed a za\u017e\u00edv\u00e1n\u00ed tepl\u00fdch i studen\u00fdch n\u00e1poj\u016f, p\u0159iv\u00edtali p\u0159edsedkyni na\u0161eho FAN klubu a \u010derstvou dr\u017eitelku odd\u00edlov\u00e9 v\u00fdro\u010dn\u00ed ceny CykloOskar &#8211; <strong><span style=\"color: #800000;\">Maru\u0161ku Zouharovou<\/span><\/strong>, jako\u017e i na\u0161e kamar\u00e1dy, <strong><span style=\"color: #800000;\">man\u017eele Jur\u00e1nkovi<\/span><\/strong>, rodi\u010de Mistryn\u011b sv\u011bta ve sportovn\u00edm aerobiku, <strong><a href=\"http:\/\/www.moravecteam.cz\/?p=9889\">Sabinky Jur\u00e1nkov\u00e9<\/a><\/strong>, se kter\u00fdmi a se Zouharovic holkami ve spolek, ub\u00edhal ve\u010der neuv\u011b\u0159iteln\u011b rychle&#8230; Tak\u017ee jsem &#8211; oproti pl\u00e1nu &#8211; neopu\u0161t\u011bli St\u0159elnici za soumraku, ale a\u017e notn\u011b po setm\u011bn\u00ed&#8230; A za hust\u00e9ho sn\u011b\u017een\u00ed&#8230; Zde mrkn\u011bte na leto\u0161n\u00ed posledn\u00ed <strong><a href=\"http:\/\/moravecteam.rajce.idnes.cz\/2017.12.30_Pred_Silvestrovska_vyjizdka\/\">ak\u010dn\u00ed fotogalerii<\/a><\/strong>&#8230;\u00a0Zde mrkn\u011bte, jak se s p\u011bti \u00fakoly &#8222;poprali&#8220; v sobotu na\u0161i rajd\u0159i&#8230;\u00a0<strong><a href=\"http:\/\/www.moravecteam.cz\/?attachment_id=10848\" rel=\"attachment wp-att-10848\">Vy\u0159e\u0161en\u00e9 \u00fakoly -Silvestrovsk\u00e1 vyj\u00ed\u017e\u010fka &#8211; 2017<\/a>.\u00a0<\/strong>Jen je\u0161t\u011b up\u0159esn\u00edm drobn\u00e9 nep\u0159esnosti: Na LOH 2008 v Pekingu dojel Jarda Kulhav\u00fd na 18. m\u00edst\u011b a jeho ofici\u00e1ln\u00ed z\u00e1kladn\u00ed somatick\u00e9 parametry jsou: v\u00e1ha 77kg, v\u00fd\u0161ka 187 cm. Jinak &#8211; v\u0161e OK! Bravo MORAVEC!<\/p>\n<figure id=\"attachment_10843\" aria-describedby=\"caption-attachment-10843\" style=\"width: 2000px\" class=\"wp-caption alignnone\"><a href=\"http:\/\/www.moravecteam.cz\/?attachment_id=10843\" rel=\"attachment wp-att-10843\"><img decoding=\"async\" loading=\"lazy\" class=\" wp-image-10843\" alt=\"IMG_3660\" src=\"http:\/\/www.moravecteam.cz\/wp-content\/uploads\/2017\/12\/IMG_3660.jpg\" width=\"2000\" height=\"1500\" srcset=\"https:\/\/www.moravecteam.cz\/wp-content\/uploads\/2017\/12\/IMG_3660.jpg 2000w, https:\/\/www.moravecteam.cz\/wp-content\/uploads\/2017\/12\/IMG_3660-300x225.jpg 300w, https:\/\/www.moravecteam.cz\/wp-content\/uploads\/2017\/12\/IMG_3660-1024x768.jpg 1024w\" sizes=\"(max-width: 2000px) 100vw, 2000px\" \/><\/a><figcaption id=\"caption-attachment-10843\" class=\"wp-caption-text\">Kdy\u017e p\u0159ijde na v\u011bc, neni nad to d\u00e1t &#8222;hlavy do hromady&#8220;&#8230;<\/figcaption><\/figure>\n","protected":false},"excerpt":{"rendered":"<p>&#8230;odkroutili bike\u0159i a bikerky MORAVEC Teamu na, historicky druh\u00e9, (P\u0159ed) Silvestrovsk\u00e9 v\u00fdj\u00ed\u017e\u010fce. Zat\u00edmco loni byla akce pojata formou &#8222;odleh\u010den\u00e9ho&#8220; cyklo z\u00e1vodu s rize biathlonov\u00fdmi dopl\u0148ky, letos se jednalo o v\u00fdj\u00ed\u017e\u010fku v okol\u00ed Boskovic, kdy docela po\u010detn\u00e1 skupina state\u010dn\u00fdch &#8222;p\u0159edsilvestrovsk\u00fdch rajdr\u016f&#8220; m\u011bla j\u00edzdu zpest\u0159enou pln\u011bn\u00edm p\u011bti \u00fakol\u016f, p\u0159edev\u0161\u00edm znalostn\u00edch&#8230; \u017de n\u00e1m z\u00e1zem\u00ed &#8211; tak jako loni &hellip; <a href=\"https:\/\/www.moravecteam.cz\/?p=10832\" class=\"more-link\">Pokra\u010dov\u00e1n\u00ed textu <span class=\"screen-reader-text\">Posledn\u00ed kilometry&#8230;<\/span> <span class=\"meta-nav\">&rarr;<\/span><\/a><\/p>\n","protected":false},"author":3,"featured_media":10844,"comment_status":"open","ping_status":"closed","sticky":false,"template":"","format":"standard","meta":[],"categories":[13],"tags":[],"_links":{"self":[{"href":"https:\/\/www.moravecteam.cz\/index.php?rest_route=\/wp\/v2\/posts\/10832"}],"collection":[{"href":"https:\/\/www.moravecteam.cz\/index.php?rest_route=\/wp\/v2\/posts"}],"about":[{"href":"https:\/\/www.moravecteam.cz\/index.php?rest_route=\/wp\/v2\/types\/post"}],"author":[{"embeddable":true,"href":"https:\/\/www.moravecteam.cz\/index.php?rest_route=\/wp\/v2\/users\/3"}],"replies":[{"embeddable":true,"href":"https:\/\/www.moravecteam.cz\/index.php?rest_route=%2Fwp%2Fv2%2Fcomments&post=10832"}],"version-history":[{"count":14,"href":"https:\/\/www.moravecteam.cz\/index.php?rest_route=\/wp\/v2\/posts\/10832\/revisions"}],"predecessor-version":[{"id":10901,"href":"https:\/\/www.moravecteam.cz\/index.php?rest_route=\/wp\/v2\/posts\/10832\/revisions\/10901"}],"wp:featuredmedia":[{"embeddable":true,"href":"https:\/\/www.moravecteam.cz\/index.php?rest_route=\/wp\/v2\/media\/10844"}],"wp:attachment":[{"href":"https:\/\/www.moravecteam.cz\/index.php?rest_route=%2Fwp%2Fv2%2Fmedia&parent=10832"}],"wp:term":[{"taxonomy":"category","embeddable":true,"href":"https:\/\/www.moravecteam.cz\/index.php?rest_route=%2Fwp%2Fv2%2Fcategories&post=10832"},{"taxonomy":"post_tag","embeddable":true,"href":"https:\/\/www.moravecteam.cz\/index.php?rest_route=%2Fwp%2Fv2%2Ftags&post=10832"}],"curies":[{"name":"wp","href":"https:\/\/api.w.org\/{rel}","templated":true}]}}