{"id":10855,"date":"2018-01-06T17:14:31","date_gmt":"2018-01-06T16:14:31","guid":{"rendered":"http:\/\/www.moravecteam.cz\/?p=10855"},"modified":"2018-01-06T17:34:54","modified_gmt":"2018-01-06T16:34:54","slug":"co-se-bude-dit-st01-3","status":"publish","type":"post","link":"https:\/\/www.moravecteam.cz\/?p=10855","title":{"rendered":"Co se bude d\u00edt? (ST01)-3"},"content":{"rendered":"<h5><span style=\"color: #800000;\">Pond\u011bl\u00ed 1.1. 2018<\/span><\/h5>\n<p style=\"text-align: justify;\">Novoro\u010dn\u00ed v\u00fdji\u017e\u010fka na tradi\u010dn\u00ed m\u00edsto &#8211; <span style=\"color: #800000;\"><strong>pension Lada v Repech\u00e1ch<\/strong><\/span>. Odjezd odv\u00e1\u017en\u00fdch prvn\u00edch rajdr\u016f MORAVEC Teamu r. 2018 je ve 13.30\u00a0od restaurace Morava Bene\u0161ov.<\/p>\n<h5><span style=\"color: #800000;\">St\u0159eda 3.1. 2018<\/span><\/h5>\n<p>Cvi\u010den\u00ed\u00a0 v bene\u0161ovsk\u00e9 t\u011blocvi\u010dn\u011b v\u00a0r\u00e1mci zimn\u00ed p\u0159\u00edpravy.\u00a0 Cvi\u010den\u00ed prob\u011bhne\u00a0 v obvykl\u00e9m \u010dase, od 16.30 do 18.30.<\/p>\n<h5><strong><span style=\"color: #800000;\">P\u00e1tek 5.1. 2018<\/span><\/strong><\/h5>\n<p style=\"text-align: justify;\">Dal\u0161\u00ed cvi\u010den\u00ed v bene\u0161ovsk\u00e9 t\u011blocvi\u010dn\u011b r\u00e1mci zimn\u00ed p\u0159\u00edpravy.\u00a0 Cvi\u010dit budeme od 18.00 do 20.00 hod. POZOR! <strong><a href=\"http:\/\/www.moravecteam.cz\/?p=10952\">Vezm\u011bte si s sebou fitbaly!<\/a><\/strong><\/p>\n<h5><strong><span style=\"color: #800000;\">Sobota 6.1.2018<\/span><\/strong><\/h5>\n<p style=\"text-align: justify;\">Dal\u0161\u00ed z\u00e1vod Brn\u011bnsk\u00e9ho b\u011b\u017eeck\u00e9ho poh\u00e1ru &#8211; Ku\u0159imsk\u00fd kros &#8211; v Ku\u0159imi. Zde mrkn\u011bte na <strong><a href=\"http:\/\/www.atletikauni.cz\/cz\/s1522\/Kalendar-akci\/Seznam-akci\/c2130-Detail-akce\/ata475-BBP-5-Kurimsky-kros\">propozice<\/a><\/strong>, \u00fa\u010dast a dopravu si ka\u017ed\u00fd zaji\u0161\u0165uje s\u00e1m.<\/p>\n<h5><span style=\"color: #800000;\">Akce t\u011bsn\u011b za horizontem<\/span><\/h5>\n<ul>\n<li style=\"text-align: justify;\">20.1. 2018\u00a0&#8211; ples cyklist\u016f 20.1. 2018 (sobota) &#8211; kulturn\u00ed d\u016fm Such\u00fd<\/li>\n<li style=\"text-align: justify;\">4.2. 2018 &#8211; odjezd MORAVEC Teamu na t\u00fddenn\u00ed zimn\u00ed soust\u0159ed\u011bn\u00ed do Jesen\u00edk\u016f, lokalita Star\u00e9 m\u011bsto &#8211; St\u0159\u00edbrnice.\u00a0<a href=\"http:\/\/www.moravecteam.cz\/?p=10736\"><br \/>\n<\/a><\/li>\n<\/ul>\n","protected":false},"excerpt":{"rendered":"<p>Pond\u011bl\u00ed 1.1. 2018 Novoro\u010dn\u00ed v\u00fdji\u017e\u010fka na tradi\u010dn\u00ed m\u00edsto &#8211; pension Lada v Repech\u00e1ch. Odjezd odv\u00e1\u017en\u00fdch prvn\u00edch rajdr\u016f MORAVEC Teamu r. 2018 je ve 13.30\u00a0od restaurace Morava Bene\u0161ov. St\u0159eda 3.1. 2018 Cvi\u010den\u00ed\u00a0 v bene\u0161ovsk\u00e9 t\u011blocvi\u010dn\u011b v\u00a0r\u00e1mci zimn\u00ed p\u0159\u00edpravy.\u00a0 Cvi\u010den\u00ed prob\u011bhne\u00a0 v obvykl\u00e9m \u010dase, od 16.30 do 18.30. P\u00e1tek 5.1. 2018 Dal\u0161\u00ed cvi\u010den\u00ed v bene\u0161ovsk\u00e9 t\u011blocvi\u010dn\u011b r\u00e1mci &hellip; <a href=\"https:\/\/www.moravecteam.cz\/?p=10855\" class=\"more-link\">Pokra\u010dov\u00e1n\u00ed textu <span class=\"screen-reader-text\">Co se bude d\u00edt? (ST01)-3<\/span> <span class=\"meta-nav\">&rarr;<\/span><\/a><\/p>\n","protected":false},"author":3,"featured_media":10867,"comment_status":"open","ping_status":"closed","sticky":false,"template":"","format":"standard","meta":[],"categories":[11],"tags":[],"_links":{"self":[{"href":"https:\/\/www.moravecteam.cz\/index.php?rest_route=\/wp\/v2\/posts\/10855"}],"collection":[{"href":"https:\/\/www.moravecteam.cz\/index.php?rest_route=\/wp\/v2\/posts"}],"about":[{"href":"https:\/\/www.moravecteam.cz\/index.php?rest_route=\/wp\/v2\/types\/post"}],"author":[{"embeddable":true,"href":"https:\/\/www.moravecteam.cz\/index.php?rest_route=\/wp\/v2\/users\/3"}],"replies":[{"embeddable":true,"href":"https:\/\/www.moravecteam.cz\/index.php?rest_route=%2Fwp%2Fv2%2Fcomments&post=10855"}],"version-history":[{"count":13,"href":"https:\/\/www.moravecteam.cz\/index.php?rest_route=\/wp\/v2\/posts\/10855\/revisions"}],"predecessor-version":[{"id":10964,"href":"https:\/\/www.moravecteam.cz\/index.php?rest_route=\/wp\/v2\/posts\/10855\/revisions\/10964"}],"wp:featuredmedia":[{"embeddable":true,"href":"https:\/\/www.moravecteam.cz\/index.php?rest_route=\/wp\/v2\/media\/10867"}],"wp:attachment":[{"href":"https:\/\/www.moravecteam.cz\/index.php?rest_route=%2Fwp%2Fv2%2Fmedia&parent=10855"}],"wp:term":[{"taxonomy":"category","embeddable":true,"href":"https:\/\/www.moravecteam.cz\/index.php?rest_route=%2Fwp%2Fv2%2Fcategories&post=10855"},{"taxonomy":"post_tag","embeddable":true,"href":"https:\/\/www.moravecteam.cz\/index.php?rest_route=%2Fwp%2Fv2%2Ftags&post=10855"}],"curies":[{"name":"wp","href":"https:\/\/api.w.org\/{rel}","templated":true}]}}