{"id":1086,"date":"2015-07-31T16:20:10","date_gmt":"2015-07-31T14:20:10","guid":{"rendered":"http:\/\/www.moravecteam.cz\/?p=1086"},"modified":"2015-07-31T18:59:09","modified_gmt":"2015-07-31T16:59:09","slug":"vrchovina-po-sedme","status":"publish","type":"post","link":"https:\/\/www.moravecteam.cz\/?p=1086","title":{"rendered":"&#8222;Vrchovina&#8220; po sedm\u00e9&#8230;"},"content":{"rendered":"<p style=\"text-align: justify;\"><span style=\"color: #800000;\"><strong>&#8230;se jela posledn\u00ed \u010dervencovou sobotu ve Velenov\u011b a p\u0159ehoupla se tak do sv\u00e9 druh\u00e9 poloviny. To znamen\u00e1, \u017ee v boji o presti\u017en\u00ed poh\u00e1ry za\u010d\u00edn\u00e1 p\u0159ituhovat. Velenovem za\u010dala s\u00e9rie p\u011bti z\u00e1vod\u016f, kter\u00e9 p\u016fjdou za sebou v rychl\u00e9m sledu po t\u00fddnu a je tedy z\u0159ejm\u00e9, \u00a0\u017ee v srpnov\u00e9 z\u00e1vody ve Valchov\u011b, Bene\u0161ov\u011b, Ko\u0159enci a Bukov\u00e9 mnoh\u00e9 napov\u00ed o celkov\u00fdch v\u00edt\u011bzech leto\u0161n\u00edho 14. ro\u010dn\u00edku. \u00a0<\/strong><\/span><\/p>\n<figure id=\"attachment_1096\" aria-describedby=\"caption-attachment-1096\" style=\"width: 1305px\" class=\"wp-caption alignnone\"><a href=\"http:\/\/www.moravecteam.cz\/?attachment_id=1096\" rel=\"attachment wp-att-1096\"><img decoding=\"async\" loading=\"lazy\" class=\" wp-image-1096\" alt=\"01\" src=\"http:\/\/www.moravecteam.cz\/wp-content\/uploads\/2015\/07\/011.jpg\" width=\"1305\" height=\"742\" srcset=\"https:\/\/www.moravecteam.cz\/wp-content\/uploads\/2015\/07\/011.jpg 1305w, https:\/\/www.moravecteam.cz\/wp-content\/uploads\/2015\/07\/011-300x170.jpg 300w, https:\/\/www.moravecteam.cz\/wp-content\/uploads\/2015\/07\/011-1024x582.jpg 1024w\" sizes=\"(max-width: 1305px) 100vw, 1305px\" \/><\/a><figcaption id=\"caption-attachment-1096\" class=\"wp-caption-text\">Star\u0161\u00ed \u017e\u00e1kyn\u011b Ani\u010dka Zem\u00e1nkov\u00e1 s Anetkou Fritzovou vybojovali pro MORAVEC Cenn\u00e9 &#8222;double&#8220;. Karty v tomto duchu byly rozd\u00e1ny hned po startu&#8230;<\/figcaption><\/figure>\n<p style=\"text-align: justify;\"><span style=\"color: #000000;\">Moravci byli samoz\u0159ejm\u011b p\u0159i tom by\u0165 v pon\u011bkud v redukovan\u00e9 sestav\u011b, \u010deho\u017e p\u0159\u00ed\u010dinou bylo p\u0159edev\u0161\u00edm na plno prob\u00edhaj\u00edc\u00ed obdob\u00ed dovolen\u00fdch. P\u0159esto \u0161est zlat\u00fdch, p\u011bt st\u00edbrn\u00fdch a \u010dty\u0159i bronzov\u00e9 medaile, kter\u00e9 na\u0161i ve velenovsk\u00e9m lese a na p\u0159ilehl\u00e9 str\u00e1ni vybojovali, je chv\u00e1lihodn\u00fd po\u010din. U\u017e ve startu odr\u00e1\u017eedel d\u00edvek se bl\u00fdskla st\u0159\u00edbrem \u0161ikovn\u00e1 <span style=\"color: #800000;\"><strong>Terezka Fritzov\u00e1<\/strong><\/span>, kter\u00e1 m\u00e1 i velmi dobr\u00e9 vyhl\u00eddky na medailov\u00e9 um\u00edst\u011bn\u00ed v celkov\u00e9m po\u0159ad\u00ed. Um\u00edst\u011bn\u00edm ji napodobila v kategorii d\u011bv\u010dat 7-8 let <span style=\"color: #800000;\"><strong>Barborka Tlamkov\u00e1,<\/strong><\/span> kterou od nejvy\u0161\u0161\u00ed p\u0159\u00ed\u010dky d\u011blily pouh\u00e9 dv\u011b vte\u0159inky&#8230; Po drav\u00e9m v\u00fdkonu si dal\u0161\u00ed &#8222;bednov\u00e9&#8220; um\u00edst\u011bn\u00ed vybojoval ziskem bronzu v kategorii chlapc\u016f 9-10 let i <span style=\"color: #800000;\"><strong>Maty\u00e1\u0161ek Koudelka.<\/strong><\/span><\/span><\/p>\n<figure id=\"attachment_1095\" aria-describedby=\"caption-attachment-1095\" style=\"width: 909px\" class=\"wp-caption alignnone\"><a href=\"http:\/\/www.moravecteam.cz\/?attachment_id=1095\" rel=\"attachment wp-att-1095\"><img decoding=\"async\" loading=\"lazy\" class=\" wp-image-1095\" alt=\"02\" src=\"http:\/\/www.moravecteam.cz\/wp-content\/uploads\/2015\/07\/021.jpg\" width=\"909\" height=\"832\" srcset=\"https:\/\/www.moravecteam.cz\/wp-content\/uploads\/2015\/07\/021.jpg 909w, https:\/\/www.moravecteam.cz\/wp-content\/uploads\/2015\/07\/021-300x274.jpg 300w\" sizes=\"(max-width: 909px) 100vw, 909px\" \/><\/a><figcaption id=\"caption-attachment-1095\" class=\"wp-caption-text\">Mlad\u0161\u00ed \u017e\u00e1kyn\u011b Ani\u010dka Smtn\u00e1 \u0161lape tvrd\u011bdo ped\u00e1l\u016f. Odm\u011bnou j\u00ed bylo zaslou\u017een\u00e9 v\u00edt\u011bzstv\u00ed.<\/figcaption><\/figure>\n<p style=\"text-align: justify;\">Starty mlad\u0161\u00edch \u017e\u00e1k\u016f a \u017e\u00e1ky\u0148 m\u011bly favority v na\u0161ich jezdc\u00edch se zku\u0161enostmi za z\u00e1vod\u016f \u010cesk\u00e9ho poh\u00e1ru. A Ti &#8211; jmenovit\u011b <span style=\"color: #800000;\"><strong>Jakub Tesa\u0159<\/strong><\/span> mezi chlapci a <strong><span style=\"color: #800000;\">Anna Smutn\u00e1<\/span><\/strong> mezi d\u00edvkami splnili svoji \u00falohu stoprocentn\u011b a p\u0159ipsali si dal\u0161\u00ed cenn\u00e1 prvenstv\u00ed. Obdobn\u011b jsme tleskali na\u0161im barv\u00e1m p\u0159i startech kategori\u00ed star\u0161\u00edch \u017e\u00e1k\u016f a \u017e\u00e1ky\u0148. <strong><span style=\"color: #800000;\">Tom\u00e1\u0161 Tlamka &#8222;Contador&#8220;<\/span><\/strong> potvrdil jist\u00fdm v\u00edt\u011bzstv\u00edm svoji leto\u0161n\u00ed dominanci, kdy\u017e ho na stupn\u011b v\u00edt\u011bz\u016f doprovodil jeho t\u00fdmov\u00fd par\u0165\u00e1k, v c\u00edli t\u0159et\u00ed <span style=\"color: #800000;\"><strong>V\u00ed\u0165a Such\u00e1nek.<\/strong><\/span> Stejnou &#8222;v\u00e1hovou&#8220; kategorii d\u00edvek ovl\u00e1dla s p\u0159ehledem <strong><span style=\"color: #800000;\">Anna Zem\u00e1nkov\u00e1 <\/span><\/strong><span style=\"color: #800000;\"><span style=\"color: #000000;\">a<\/span><\/span>\u00a0v c\u00edli druh\u00e1 jej\u00ed t\u00fdmov\u00e1 kolegyn\u011b <span style=\"color: #800000;\"><strong>Aneta Fritzov\u00e1<\/strong><\/span> za\u0159\u00eddila, \u017ee i z Velenova si MORAVEC odvezl cenn\u00e9 &#8222;double&#8220;. Pro &#8222;Contadora&#8220; a Ani\u010dku Zem\u00e1nkovou byla velenovsk\u00e1 race posledn\u00ed ostrou zkou\u0161kou p\u0159ed silni\u010dn\u00edm Mistrovstv\u00ed \u010cR \u017e\u00e1k\u016f a kadet\u016f v Litom\u011b\u0159ic\u00edch, kde je z MORAVC\u016e dopln\u00ed je\u0161t\u011b Michal \u0160m\u00edda, Terka Obo\u0159ilov\u00e1, Jana Tesa\u0159ov\u00e1, Dominik Prudek a Honza \u0160m\u00edda.<\/p>\n<figure id=\"attachment_1094\" aria-describedby=\"caption-attachment-1094\" style=\"width: 1162px\" class=\"wp-caption alignnone\"><a href=\"http:\/\/www.moravecteam.cz\/?attachment_id=1094\" rel=\"attachment wp-att-1094\"><img decoding=\"async\" loading=\"lazy\" class=\" wp-image-1094\" alt=\"03\" src=\"http:\/\/www.moravecteam.cz\/wp-content\/uploads\/2015\/07\/031.jpg\" width=\"1162\" height=\"974\" srcset=\"https:\/\/www.moravecteam.cz\/wp-content\/uploads\/2015\/07\/031.jpg 1162w, https:\/\/www.moravecteam.cz\/wp-content\/uploads\/2015\/07\/031-300x251.jpg 300w, https:\/\/www.moravecteam.cz\/wp-content\/uploads\/2015\/07\/031-1024x858.jpg 1024w\" sizes=\"(max-width: 1162px) 100vw, 1162px\" \/><\/a><figcaption id=\"caption-attachment-1094\" class=\"wp-caption-text\">Osv\u011bd\u010den\u00e1 bojovnice Monika Kone\u010dn\u00e1 si na n\u00e1ro\u010dn\u00e9 velenovsk\u00e9 trati dojela pro cenn\u00e9 st\u0159\u00edbro!<\/figcaption><\/figure>\n<p style=\"text-align: justify;\">Ani v z\u00e1v\u011bre\u010dn\u00fdch popoledn\u00edch startech jsme nevy\u0161li na pr\u00e1zdno. Spole\u010dn\u00fd z\u00e1vod junior\u016f a kadet\u016f uvl\u00e1dl suver\u00e9nn\u011b t\u0159et\u00ed borec z ned\u00e1vn\u00e9ho MTB M\u010cR v Kutn\u00e9 Ho\u0159e &#8211; <strong><span style=\"color: #800000;\">Dominik Prudek.<\/span><\/strong> V z\u00e1vod\u011b juniorek a kadetek po sm\u016fle a odstoupen\u00ed <span style=\"color: #000000;\">Jany Tesa\u0159ov\u00e9 <\/span>podr\u017eela n\u00e1\u0161 prapor vysoko v c\u00edli nakonec druh\u00e1, <strong><span style=\"color: #800000;\">Monika Kone\u010dn\u00e1<\/span><\/strong>. V elitn\u00edm startu mu\u017e\u016f vybojoval v neb\u00fdval\u00e9 konkurenci 22 jezdc\u016f cen\u00fd bronz <span style=\"color: #800000;\"><strong>Radim Kov\u00e1\u0159<\/strong><\/span> a medaile n\u00e1m zacinkali i v obou startech mu\u017e\u016f Masters. Ve &#8222;dvojk\u00e1ch&#8220; bral zlato pro MORAVEC <span style=\"color: #800000;\"><strong>Martin Gottwald<\/strong><\/span> a bronz <span style=\"color: #800000;\"><strong>Leo\u0161 Bal\u00e1k<\/strong><\/span>, ve &#8222;trojk\u00e1ch&#8220; si pohl\u00eddal zku\u0161en\u011b st\u0159\u00edbrnou medaili zase <strong><span style=\"color: #800000;\">V\u00ed\u0165a Prudek.<\/span><\/strong> V\u0161em nedailist\u016fm z Velenova let\u00ed blahop\u0159\u00e1n\u00ed k dosa\u017een\u00fdm v\u00fdsledk\u016fm, v\u0161em ostatn\u00edm pak velk\u00fd d\u00edk za bojovn\u00e9 v\u00fdkony s v\u00edrou, \u017ee p\u0159\u00ed\u0161t\u011b to t\u0159eba na tu vysn\u011bnou &#8222;bednu&#8220; u\u017e vyjde taky&#8230; Kompletn\u00ed v\u00fdsledkov\u00fd servis najdete na:\u00a0<strong><a href=\"http:\/\/www.pohardrahanskevrchoviny.cz\/\">http:\/\/www.pohardrahanskevrchoviny.cz\/<\/a>\u00a0<\/strong>a\u00a0foto tu\u0165:<br \/>\n<strong><a href=\"http:\/\/moravecteam.rajce.idnes.cz\/2015.07.25._PDV_Velenov\/\">http:\/\/moravecteam.rajce.idnes.cz\/2015.07.25._PDV_Velenov\/<\/a><\/strong><\/p>\n<p style=\"text-align: justify;\">\n","protected":false},"excerpt":{"rendered":"<p>&#8230;se jela posledn\u00ed \u010dervencovou sobotu ve Velenov\u011b a p\u0159ehoupla se tak do sv\u00e9 druh\u00e9 poloviny. To znamen\u00e1, \u017ee v boji o presti\u017en\u00ed poh\u00e1ry za\u010d\u00edn\u00e1 p\u0159ituhovat. Velenovem za\u010dala s\u00e9rie p\u011bti z\u00e1vod\u016f, kter\u00e9 p\u016fjdou za sebou v rychl\u00e9m sledu po t\u00fddnu a je tedy z\u0159ejm\u00e9, \u00a0\u017ee v srpnov\u00e9 z\u00e1vody ve Valchov\u011b, Bene\u0161ov\u011b, Ko\u0159enci a Bukov\u00e9 mnoh\u00e9 napov\u00ed &hellip; <a href=\"https:\/\/www.moravecteam.cz\/?p=1086\" class=\"more-link\">Pokra\u010dov\u00e1n\u00ed textu <span class=\"screen-reader-text\">&#8222;Vrchovina&#8220; po sedm\u00e9&#8230;<\/span> <span class=\"meta-nav\">&rarr;<\/span><\/a><\/p>\n","protected":false},"author":3,"featured_media":1092,"comment_status":"closed","ping_status":"closed","sticky":false,"template":"","format":"standard","meta":[],"categories":[1],"tags":[],"_links":{"self":[{"href":"https:\/\/www.moravecteam.cz\/index.php?rest_route=\/wp\/v2\/posts\/1086"}],"collection":[{"href":"https:\/\/www.moravecteam.cz\/index.php?rest_route=\/wp\/v2\/posts"}],"about":[{"href":"https:\/\/www.moravecteam.cz\/index.php?rest_route=\/wp\/v2\/types\/post"}],"author":[{"embeddable":true,"href":"https:\/\/www.moravecteam.cz\/index.php?rest_route=\/wp\/v2\/users\/3"}],"replies":[{"embeddable":true,"href":"https:\/\/www.moravecteam.cz\/index.php?rest_route=%2Fwp%2Fv2%2Fcomments&post=1086"}],"version-history":[{"count":9,"href":"https:\/\/www.moravecteam.cz\/index.php?rest_route=\/wp\/v2\/posts\/1086\/revisions"}],"predecessor-version":[{"id":1088,"href":"https:\/\/www.moravecteam.cz\/index.php?rest_route=\/wp\/v2\/posts\/1086\/revisions\/1088"}],"wp:featuredmedia":[{"embeddable":true,"href":"https:\/\/www.moravecteam.cz\/index.php?rest_route=\/wp\/v2\/media\/1092"}],"wp:attachment":[{"href":"https:\/\/www.moravecteam.cz\/index.php?rest_route=%2Fwp%2Fv2%2Fmedia&parent=1086"}],"wp:term":[{"taxonomy":"category","embeddable":true,"href":"https:\/\/www.moravecteam.cz\/index.php?rest_route=%2Fwp%2Fv2%2Fcategories&post=1086"},{"taxonomy":"post_tag","embeddable":true,"href":"https:\/\/www.moravecteam.cz\/index.php?rest_route=%2Fwp%2Fv2%2Ftags&post=1086"}],"curies":[{"name":"wp","href":"https:\/\/api.w.org\/{rel}","templated":true}]}}