{"id":10988,"date":"2018-01-08T19:24:27","date_gmt":"2018-01-08T18:24:27","guid":{"rendered":"http:\/\/www.moravecteam.cz\/?p=10988"},"modified":"2018-01-08T19:24:27","modified_gmt":"2018-01-08T18:24:27","slug":"co-se-bude-dit-st02-3","status":"publish","type":"post","link":"https:\/\/www.moravecteam.cz\/?p=10988","title":{"rendered":"Co se bude d\u00edt? (ST02)"},"content":{"rendered":"<h5><span style=\"color: #800000;\">St\u0159eda 10.1. 2018<\/span><\/h5>\n<p>Cvi\u010den\u00ed\u00a0 v bene\u0161ovsk\u00e9 t\u011blocvi\u010dn\u011b v\u00a0r\u00e1mci zimn\u00ed p\u0159\u00edpravy.\u00a0 Cvi\u010den\u00ed prob\u011bhne\u00a0 v obvykl\u00e9m \u010dase, od 16.30 do 18.30.<\/p>\n<h5><span style=\"color: #800000;\"><strong>P\u00e1tek 12.1. 2018<\/strong><\/span><\/h5>\n<ul>\n<li style=\"text-align: justify;\"><span style=\"text-decoration: underline;\"><strong><span style=\"color: #800000; text-decoration: underline;\">Od 16.30 v restauraci Morava Bene\u0161ov sch\u016fzka rodi\u010d\u016f s veden\u00edm odd\u00edlu. Probereme hlavn\u011b koncepci\u00a0odd\u00edlu v r. 2018, zimn\u00ed \/ jarn\u00ed soust\u0159ed\u011bn\u00ed, rozd\u011bl\u00edme si pr\u00e1ci na zaji\u0161t\u011bn\u00ed Plesu cyklist\u016f&#8230;<\/span><\/strong><\/span><\/li>\n<li style=\"text-align: justify;\">Na 18.00 se p\u0159esuneme\u00a0 do bene\u0161ovsk\u00e9 t\u011blocvi\u010dny, kde prob\u011bhne dal\u0161\u00ed cvi\u010den\u00ed v\u00a0r\u00e1mci zimn\u00ed p\u0159\u00edpravy.\u00a0 Cvi\u010dit budeme od 18.00 do 20.00 hod. POZOR! Op\u011bt si s sebou v<strong><a href=\"http:\/\/www.moravecteam.cz\/?p=10952\">ezm\u011bte\u00a0 fitbaly!<\/a><\/strong><\/li>\n<\/ul>\n<h5><span style=\"color: #800000;\">Akce t\u011bsn\u011b za horizontem<\/span><\/h5>\n<ul>\n<li><span style=\"color: #800000;\"><strong>Ples cyklist\u016f<\/strong><\/span>\u00a0 &#8211; 20.1. 2018 (sobota) &#8211; kulturn\u00ed d\u016fm Such\u00fd, zde je prvn\u00ed verze ofici\u00e1ln\u00ed pozv\u00e1nky,\u00a0<a href=\"http:\/\/www.moravecteam.cz\/?attachment_id=10995\" rel=\"attachment wp-att-10995\"><img decoding=\"async\" loading=\"lazy\" class=\"alignnone size-full wp-image-10995\" alt=\"sta\u017een\u00fd soubor (1)\" src=\"http:\/\/www.moravecteam.cz\/wp-content\/uploads\/2018\/01\/sta\u017een\u00fd-soubor-1.jpg\" width=\"1000\" height=\"472\" srcset=\"https:\/\/www.moravecteam.cz\/wp-content\/uploads\/2018\/01\/sta\u017een\u00fd-soubor-1.jpg 1000w, https:\/\/www.moravecteam.cz\/wp-content\/uploads\/2018\/01\/sta\u017een\u00fd-soubor-1-300x141.jpg 300w\" sizes=\"(max-width: 1000px) 100vw, 1000px\" \/><\/a>m\u00edstenky si ji\u017e nyn\u00ed m\u016f\u017eete rezervovat na telefonu <strong><span style=\"color: #800000;\">605 0J\u00e1gr 0Nagano<\/span><\/strong>:<\/li>\n<li style=\"text-align: justify;\">4.2. 2018 &#8211; odjezd MORAVEC Teamu na t\u00fddenn\u00ed <span style=\"color: #800000;\"><strong>zimn\u00ed soust\u0159ed\u011bn\u00ed<\/strong><\/span> do Jesen\u00edk\u016f, lokalita St\u0159\u00edbrnice, Hotel N\u00e1vr\u0161\u00ed. Seznam je uzav\u0159en, je V\u00e1s 34, z toho 22 d\u011bt\u00ed a ml\u00e1de\u017ee do 18-ti let a 12 dosp\u011bl\u00fdch. Poda\u0159ilo se dohodnout n\u00e1sleduj\u00edc\u00ed cenov\u00e9 podm\u00ednky: ml\u00e1de\u017e: 450.- K\u010d \/ den &#8211; pln\u00e1 penze, dosp\u011bl\u00ed &#8211; 490.- K\u010d \/ den &#8211; pln\u00e1 penze. Pobyt je po\u010d\u00edt\u00e1n na 6 dn\u016f (noc\u00ed), tzn. ml\u00e1de\u017en\u00edka to vyjde na 2.700.- K\u010d, dosp\u011bl\u00e9ho na 2.940.-. N\u00e1vrat v sobotu, 10.2. 2018. Dal\u0161\u00ed podrobnosti probereme na sch\u016fzce v p\u00e1tek.<\/li>\n<li style=\"text-align: justify;\">9.3. &#8211; 18.3. 2018 &#8211; odjezd na <span style=\"color: #800000;\"><strong>jarn\u00ed soust\u0159ed\u011bn\u00ed<\/strong><\/span> &#8211; c\u00edlov\u00e1 destinace &#8211;\u00a0 m\u011bsto Pula v Chorvatsku. P\u0159edpokl\u00e1dan\u00e1 cena za pobyt &#8211; do 6.000.- K\u010d na osobu. Pop\u0159em\u00fd\u0161lejte, v p\u00e1tek na sch\u016fzce s rodi\u010di budu znamenat z\u00e1vazn\u00e9 p\u0159ihl\u00e1\u0161ky a budeme se domlouvat ji\u017e konkr\u00e9tn\u011bji.<\/li>\n<\/ul>\n","protected":false},"excerpt":{"rendered":"<p>St\u0159eda 10.1. 2018 Cvi\u010den\u00ed\u00a0 v bene\u0161ovsk\u00e9 t\u011blocvi\u010dn\u011b v\u00a0r\u00e1mci zimn\u00ed p\u0159\u00edpravy.\u00a0 Cvi\u010den\u00ed prob\u011bhne\u00a0 v obvykl\u00e9m \u010dase, od 16.30 do 18.30. P\u00e1tek 12.1. 2018 Od 16.30 v restauraci Morava Bene\u0161ov sch\u016fzka rodi\u010d\u016f s veden\u00edm odd\u00edlu. Probereme hlavn\u011b koncepci\u00a0odd\u00edlu v r. 2018, zimn\u00ed \/ jarn\u00ed soust\u0159ed\u011bn\u00ed, rozd\u011bl\u00edme si pr\u00e1ci na zaji\u0161t\u011bn\u00ed Plesu cyklist\u016f&#8230; Na 18.00 se p\u0159esuneme\u00a0 do &hellip; <a href=\"https:\/\/www.moravecteam.cz\/?p=10988\" class=\"more-link\">Pokra\u010dov\u00e1n\u00ed textu <span class=\"screen-reader-text\">Co se bude d\u00edt? (ST02)<\/span> <span class=\"meta-nav\">&rarr;<\/span><\/a><\/p>\n","protected":false},"author":3,"featured_media":10993,"comment_status":"open","ping_status":"closed","sticky":false,"template":"","format":"standard","meta":[],"categories":[11],"tags":[],"_links":{"self":[{"href":"https:\/\/www.moravecteam.cz\/index.php?rest_route=\/wp\/v2\/posts\/10988"}],"collection":[{"href":"https:\/\/www.moravecteam.cz\/index.php?rest_route=\/wp\/v2\/posts"}],"about":[{"href":"https:\/\/www.moravecteam.cz\/index.php?rest_route=\/wp\/v2\/types\/post"}],"author":[{"embeddable":true,"href":"https:\/\/www.moravecteam.cz\/index.php?rest_route=\/wp\/v2\/users\/3"}],"replies":[{"embeddable":true,"href":"https:\/\/www.moravecteam.cz\/index.php?rest_route=%2Fwp%2Fv2%2Fcomments&post=10988"}],"version-history":[{"count":5,"href":"https:\/\/www.moravecteam.cz\/index.php?rest_route=\/wp\/v2\/posts\/10988\/revisions"}],"predecessor-version":[{"id":10996,"href":"https:\/\/www.moravecteam.cz\/index.php?rest_route=\/wp\/v2\/posts\/10988\/revisions\/10996"}],"wp:featuredmedia":[{"embeddable":true,"href":"https:\/\/www.moravecteam.cz\/index.php?rest_route=\/wp\/v2\/media\/10993"}],"wp:attachment":[{"href":"https:\/\/www.moravecteam.cz\/index.php?rest_route=%2Fwp%2Fv2%2Fmedia&parent=10988"}],"wp:term":[{"taxonomy":"category","embeddable":true,"href":"https:\/\/www.moravecteam.cz\/index.php?rest_route=%2Fwp%2Fv2%2Fcategories&post=10988"},{"taxonomy":"post_tag","embeddable":true,"href":"https:\/\/www.moravecteam.cz\/index.php?rest_route=%2Fwp%2Fv2%2Ftags&post=10988"}],"curies":[{"name":"wp","href":"https:\/\/api.w.org\/{rel}","templated":true}]}}