{"id":1100,"date":"2015-07-31T19:16:58","date_gmt":"2015-07-31T17:16:58","guid":{"rendered":"http:\/\/www.moravecteam.cz\/?p=1100"},"modified":"2015-08-01T22:52:55","modified_gmt":"2015-08-01T20:52:55","slug":"madaile-z-zidovic","status":"publish","type":"post","link":"https:\/\/www.moravecteam.cz\/?p=1100","title":{"rendered":"Madaile z \u017didovic!"},"content":{"rendered":"<p style=\"text-align: justify;\"><span style=\"color: #800000;\"><strong>Posledn\u00ed \u010dervencov\u00fd v\u00edkend byl nejen ve znamen\u00ed odd\u00edlov\u00e9ho cyklistick\u00e9ho putov\u00e1n\u00ed po stop\u00e1ch v rodi\u0161ti Vlastimila MORAVCE, ale prob\u00edhalo v n\u011bm Mistrovstv\u00ed \u010cR v silni\u010dn\u00ed cyklistice kategori\u00ed \u017e\u00e1k\u016f, kadet\u016f a junior\u016f. Akci, kterou v r. 2010 pod hlavi\u010dkou MORAVCE uspo\u0159\u00e1dala obec Bene\u0161ov u Boskovic, tentokr\u00e1t pohostila obdobn\u00e1 v\u00edska s n\u00e1zvem \u017didovice, kter\u00e1 se nach\u00edz\u00ed nedaleko Litom\u011b\u0159ic. V koordinaci s SCM p\u0159i Favoritu Brno do boj\u016f tentokr\u00e1t zas\u00e1hl rekodn\u00ed po\u010det \u0161esti MORAVC\u016e: \u017e\u00e1kyn\u011b Obo\u0159ilov\u00e1, Zem\u00e1nkov\u00e1, \u017e\u00e1ci Michal \u0160m\u00edda a Tom\u00e1\u0161 Tlamka &#8222;Contador&#8220;, kadetka Jana Tesa\u0159ov\u00e1 a junior, n\u00e1\u0161 odhovanec Dominik Prudek, p\u0159i\u010dem\u017e p\u0159edev\u0161\u00edm Terezka Obo\u0159ilv\u00e1 pat\u0159ila k favoritk\u00e1m na cenn\u00e9 kovy ve sv\u00e9 kategorii.<\/strong><\/span><\/p>\n<figure id=\"attachment_1105\" aria-describedby=\"caption-attachment-1105\" style=\"width: 705px\" class=\"wp-caption alignnone\"><a href=\"http:\/\/www.moravecteam.cz\/?attachment_id=1105\" rel=\"attachment wp-att-1105\"><img decoding=\"async\" loading=\"lazy\" class=\" wp-image-1105\" alt=\"KONICA MINOLTA DIGITAL CAMERA\" src=\"http:\/\/www.moravecteam.cz\/wp-content\/uploads\/2015\/07\/10.jpg\" width=\"705\" height=\"901\" srcset=\"https:\/\/www.moravecteam.cz\/wp-content\/uploads\/2015\/07\/10.jpg 705w, https:\/\/www.moravecteam.cz\/wp-content\/uploads\/2015\/07\/10-234x300.jpg 234w\" sizes=\"(max-width: 705px) 100vw, 705px\" \/><\/a><figcaption id=\"caption-attachment-1105\" class=\"wp-caption-text\">Tereza Obo\u0159ilov\u00e1 v \u017didovic\u00edch potvrdila ziskem t\u0159\u00ed medail\u00ed svoji vyj\u00edme\u010dnou cyklistickou univerz\u00e1lnost a talent z\u00e1rove\u0148.<\/figcaption><\/figure>\n<h5><span style=\"line-height: 1.3333333333;\">\u00dater\u00fd 28.7. &#8211; \u010dasovky jednotlivc\u016f &#8211; bronzov\u00e1 Tereza!<\/span><\/h5>\n<p style=\"text-align: justify;\"><span style=\"line-height: 1.5;\">A <\/span><span style=\"color: #800000;\"><strong>Terka Obo\u0159ilov\u00e1<\/strong><\/span><span style=\"line-height: 1.5;\"> potvrdila svoje ambice hned v prvn\u00ed silni\u010d\u00e1\u0159sk\u00e9 discipl\u00edn\u011b &#8211; \u010dasovce jednotlivc\u016f. Po v\u00fdborn\u00e9m, vyv\u00e1\u017een\u00e9m v\u00fdkonu vybojovala velmi cennou bronzovou medaili, p\u0159i\u010dem\u017e mus\u00edme br\u00e1t v potaz, \u017ee jej\u00ed soupe\u0159ky byly vesm\u011bs o rok star\u0161\u00ed! Blahop\u0159ejeme a d\u00edky za vzorn\u00e9 repre odd\u00edlu! Jej\u00ed t\u00fdmov\u00e1 kolegyn\u011b <\/span><strong style=\"line-height: 1.5;\"><span style=\"color: #800000;\">Ani\u010dka Zem\u00e1nkov\u00e1<\/span><\/strong><span style=\"line-height: 1.5;\"> tak\u00e9 zajela v\u00fdborn\u011b a neb\u00fdt organiza\u010dn\u00edch zmatk\u016f po\u0159adatel\u016f na obr\u00e1tce v polovin\u011b jeden\u00e1ctikilometrov\u00e9 trati, mohla pom\u00fd\u0161let na um\u00edst\u011bn\u00ed v elitn\u00ed &#8222;p\u011btce&#8220;. Da\u0159ilo se i na\u0161im star\u0161\u00edm \u017e\u00e1k\u016fm, i kdy\u017e Ti na medailov\u00e1 um\u00edst\u011bn\u00ed, vzhledem k daleko tvrd\u0161\u00ed a po\u010detn\u011bj\u0161\u00ed konkurenci, pom\u00fd\u0161let nemohli. P\u0159esto 21. m\u00edsto <\/span><strong style=\"line-height: 1.5;\"><span style=\"color: #800000;\">Michala \u0160m\u00eddy<\/span><\/strong><span style=\"line-height: 1.5;\"> a 34. <\/span><span style=\"color: #800000;\"><strong>Tom\u00e1\u0161e Tlamky &#8222;Contadora&#8220;<\/strong><\/span><span style=\"line-height: 1.5;\"> maj\u00ed svoji cenu. Velmi dob\u0159e se s n\u00e1ro\u010dnou trat\u00ed \u010dasovky porvala i kadetka <\/span><strong style=\"line-height: 1.5;\"><span style=\"color: #800000;\">Jana Tesa\u0159ov\u00e1<\/span><\/strong><span style=\"line-height: 1.5;\">, kter\u00e9 moc nechyb\u011blo, aby se v kl\u00ednila mezi des\u00edtku nejlep\u0161\u00edch (v c\u00edli nakonec klasifikov\u00e1na na 12. m\u00edst\u011b). D\u00edky v\u0161em na\u0161im za vzorn\u00e9 repre MORAVCE, palce budeme dr\u017eet i do dal\u0161\u00edch dvou discipl\u00edn, kter\u00e9 na\u0161e \u010dekaj\u00ed (\u010dtvrtek \u010dasovka dru\u017estev a sobota z\u00e1vody jednotlivc\u016f s hromadn\u00fdm startem). Dominik Prudek jako junior, bude startovat ve \u010dtvrtek v \u010dasovce dru\u017estev. Zde je v\u00fdsledkov\u00fd servis z prvn\u00edho z\u00e1vodu silni\u010dn\u00edho M\u010cR:\u00a0<\/span><strong style=\"line-height: 1.5;\"><a href=\"http:\/\/vysledky.cyklovysledky.cz\/vysledky\/mr-mldee-asovka-jednotlivc-2015-07-28-844\/\">http:\/\/vysledky.cyklovysledky.cz\/vysledky\/mr-mldee-asovka-jednotlivc-2015-07-28-844\/<\/a><\/strong><\/p>\n<h5>\u010ctvrtek 30.7. &#8211; \u010dasovky dru\u017estev &#8211; zlat\u00e1 Tereza!<\/h5>\n<p style=\"text-align: justify;\">Po bronzu z \u010dasovky potvrdila\u00a0Tereza Obo\u0159ilov\u00e1\u00a0i ve \u010dtvrtek excelentn\u00ed formu, kdy\u017e se svoj\u00ed kolegyn\u00ed Veronikou Jandovou vybojovala \u017e\u00e1kovsk\u00fd mistrovsk\u00fd titul v silni\u010dn\u00ed \u010dasovce dru\u017estev! Blahop\u0159ejeme as d\u00edky za vzorn\u00e9 repre MORAVCE! Holky dojeli do c\u00edle s luxusn\u00edm n\u00e1skokem a ob\u011b plat\u00ed za favoritky i pro sobotn\u00ed z\u00e1vod jednotlivky\u0148 s hromadn\u00fdm startem. Da\u0159ilo se i ostan\u00edm na\u0161im z\u00e1vo\u010f\u00e1k\u016fm:\u00a0Anna Zem\u00e1nkov\u00e1\u00a0ve dvojici se Sabinou D\u017eerengovou sahali ve stejn\u00e9 kategorii \u017e\u00e1ky\u0148 po bronzu, kvartet junior\u016f ve slo\u017een\u00ed Dvo\u0159\u00e1k &#8211;\u00a0Dominik\u00a0Prudek\u00a0&#8211; Kotou\u010dek &#8211; Vost\u0159ej\u017e tak\u00e9 po\u0161ilh\u00e1val po &#8222;bedn\u011b&#8220; (v c\u00edli 5. m\u00edsto), kadetky\u00a0Jana Tesa\u0159ov\u00e1\u00a0&#8211; Ane\u017eka Nov\u00e1kov\u00e1 fini\u0161ovali na velmi dobr\u00e9m, 6. m\u00edst\u011b a do elitn\u00ed des\u00edtky v\u00fdsledkov\u00fdch listin se prosadila i \u017e\u00e1kovsk\u00e1 dvoji\u010dka Jakub Michal &#8211;\u00a0Michal \u0160m\u00edda\u00a0(v c\u00edli 9. m\u00edsto). Zb\u00fdv\u00e1 doplnit i kvalitn\u00ed um\u00edst\u011bn\u00ed kvarteta kadet\u016f\u00a0Honza \u0160m\u00edda\u00a0&#8211; Marek Doln\u00ed\u010dek &#8211; Jakub Bern\u00e1t &#8211; Ji\u0159\u00ed Du\u0161ek (v c\u00edli 11. m\u00edsto) a \u017e\u00e1kovsk\u00e9ho dua Adam K\u0159enek &#8211;\u00a0Tom\u00e1\u0161 Tlamka &#8222;Contador&#8220;, kter\u00fd c\u00edlov\u00fd \u010das vynesl 12. m\u00edsto. Z v\u00fdsledk\u016f je z\u0159ejm\u00e9, \u017ee na\u0161i z\u00e1vo\u010f\u00e1ci op\u011bt potvrdili svoji univerz\u00e1lnost a ur\u010dit\u011b Favoritu Brno ostudu nikterak neud\u011blali. Nav\u00edc si m\u016f\u017eeme &#8211; jako odd\u00edl d\u00edk Terce Obo\u0159ilov\u00e9 \u00a0&#8211; i k r. 2015 p\u0159ipojit p\u0159\u00edvlastek &#8222;mistrovsk\u00fd&#8220;!\u00a0Zde najdete je v\u00fdsledkov\u00fd servis z druh\u00e9ho z\u00e1vodu silni\u010dn\u00edho M\u010cR:\u00a0<strong><a href=\"http:\/\/vysledky.cyklovysledky.cz\/vysledky\/mr-mldee-asovka-drustev-2015-07-30-221\/ \">http:\/\/vysledky.cyklovysledky.cz\/vysledky\/mr-mldee-asovka-drustev-2015-07-30-221\/\u00a0<\/a><\/strong><\/p>\n<h5 style=\"text-align: justify;\">Sobota 1.8. &#8211; hromadn\u00e9 starty &#8211; st\u0159\u00edbrn\u00e1 Tereza!<\/h5>\n<p style=\"text-align: justify;\">Svoji spanilou medailovou j\u00edzdu leto\u0161n\u00edm ml\u00e1de\u017enick\u00fdm silni\u010dn\u00edm M\u010cR na trat\u00edch v okol\u00ed \u017didovic zakon\u010dila \u017e\u00e1kyn\u011b <span style=\"color: #800000;\"><strong>Tereza Obo\u0159ilov\u00e1<\/strong> <\/span>ziskem st\u0159\u00edbra v presti\u017en\u00edm sobotn\u00edm z\u00e1vod\u011b s hromadn\u00fd startem. Zkompletovala tal svoji medailovou sb\u00edrku stejn\u011b jako loni Ad\u00e9le \u0160af\u00e1\u0159ov\u00e1, kter\u00e1 to dok\u00e1zala co by kadetka. K Terce let\u00ed i po t\u0159et\u00ed gratulace a pod\u011bkov\u00e1n\u00ed za repre MORAVCE! Ve stejn\u00e9 kategorii \u017e\u00e1ky\u0148 zajela kvalitn\u00ed z\u00e1vod i v c\u00edli dvan\u00e1ct\u00e1 <span style=\"color: #800000;\"><strong>Ani\u010dka Zem\u00e1nkov\u00e1.<\/strong> <span style=\"color: #000000;\">V po\u010detn\u00e9 a kvalitn\u00ed konkurenci \u017e\u00e1k\u016f se pochlapili i oba na\u0161i borci, kdy\u017e <span style=\"color: #800000;\"><strong>Michal \u0160m\u00edda<\/strong><\/span> dojel z\u00e1vod na 18. m\u00edst\u011b a <strong><span style=\"color: #800000;\">Tom\u00e1\u0161 Tlamka &#8222;Contador&#8220;<\/span><\/strong> fini\u0161oval jako 31. Kadetka <span style=\"color: #800000;\"><strong>Jana Tesa\u0159ov\u00e1<\/strong><\/span> se dokonce 9. m\u00edstem dok\u00e1zala prosadit do elitn\u00ed des\u00edtky a na\u0161e \u00fa\u010dinkov\u00e1n\u00ed na silnic\u00edch v okol Litom\u011b\u0159ic uzav\u0159el 53. m\u00edstem <strong><span style=\"color: #800000;\">Honza \u0160m\u00edda.<\/span><\/strong> D\u00edky v\u0161em na\u0161im za v\u00fdkony na doraz a vzorn\u00e9 repre MORAVCE! V\u00fdsledky ze sobotn\u00edch z\u00e1v\u011bre\u010dn\u00fdch start\u016f jsou zde:<\/span><strong>\u00a0<a href=\"http:\/\/vysledky.cyklovysledky.cz\/vysledky\/mr-mldee-silnice-2015-08-01-702\/\">http:\/\/vysledky.cyklovysledky.cz\/vysledky\/mr-mldee-silnice-2015-08-01-702\/<\/a><\/strong><\/span><span style=\"color: #800000;\"><br \/>\n<\/span><\/p>\n","protected":false},"excerpt":{"rendered":"<p>Posledn\u00ed \u010dervencov\u00fd v\u00edkend byl nejen ve znamen\u00ed odd\u00edlov\u00e9ho cyklistick\u00e9ho putov\u00e1n\u00ed po stop\u00e1ch v rodi\u0161ti Vlastimila MORAVCE, ale prob\u00edhalo v n\u011bm Mistrovstv\u00ed \u010cR v silni\u010dn\u00ed cyklistice kategori\u00ed \u017e\u00e1k\u016f, kadet\u016f a junior\u016f. Akci, kterou v r. 2010 pod hlavi\u010dkou MORAVCE uspo\u0159\u00e1dala obec Bene\u0161ov u Boskovic, tentokr\u00e1t pohostila obdobn\u00e1 v\u00edska s n\u00e1zvem \u017didovice, kter\u00e1 se nach\u00edz\u00ed nedaleko Litom\u011b\u0159ic. &hellip; <a href=\"https:\/\/www.moravecteam.cz\/?p=1100\" class=\"more-link\">Pokra\u010dov\u00e1n\u00ed textu <span class=\"screen-reader-text\">Madaile z \u017didovic!<\/span> <span class=\"meta-nav\">&rarr;<\/span><\/a><\/p>\n","protected":false},"author":3,"featured_media":1104,"comment_status":"closed","ping_status":"closed","sticky":false,"template":"","format":"standard","meta":[],"categories":[1],"tags":[],"_links":{"self":[{"href":"https:\/\/www.moravecteam.cz\/index.php?rest_route=\/wp\/v2\/posts\/1100"}],"collection":[{"href":"https:\/\/www.moravecteam.cz\/index.php?rest_route=\/wp\/v2\/posts"}],"about":[{"href":"https:\/\/www.moravecteam.cz\/index.php?rest_route=\/wp\/v2\/types\/post"}],"author":[{"embeddable":true,"href":"https:\/\/www.moravecteam.cz\/index.php?rest_route=\/wp\/v2\/users\/3"}],"replies":[{"embeddable":true,"href":"https:\/\/www.moravecteam.cz\/index.php?rest_route=%2Fwp%2Fv2%2Fcomments&post=1100"}],"version-history":[{"count":11,"href":"https:\/\/www.moravecteam.cz\/index.php?rest_route=\/wp\/v2\/posts\/1100\/revisions"}],"predecessor-version":[{"id":1113,"href":"https:\/\/www.moravecteam.cz\/index.php?rest_route=\/wp\/v2\/posts\/1100\/revisions\/1113"}],"wp:featuredmedia":[{"embeddable":true,"href":"https:\/\/www.moravecteam.cz\/index.php?rest_route=\/wp\/v2\/media\/1104"}],"wp:attachment":[{"href":"https:\/\/www.moravecteam.cz\/index.php?rest_route=%2Fwp%2Fv2%2Fmedia&parent=1100"}],"wp:term":[{"taxonomy":"category","embeddable":true,"href":"https:\/\/www.moravecteam.cz\/index.php?rest_route=%2Fwp%2Fv2%2Fcategories&post=1100"},{"taxonomy":"post_tag","embeddable":true,"href":"https:\/\/www.moravecteam.cz\/index.php?rest_route=%2Fwp%2Fv2%2Ftags&post=1100"}],"curies":[{"name":"wp","href":"https:\/\/api.w.org\/{rel}","templated":true}]}}