{"id":11010,"date":"2018-01-14T13:31:59","date_gmt":"2018-01-14T12:31:59","guid":{"rendered":"http:\/\/www.moravecteam.cz\/?p=11010"},"modified":"2018-01-14T13:43:51","modified_gmt":"2018-01-14T12:43:51","slug":"safarova-vicemistryni","status":"publish","type":"post","link":"https:\/\/www.moravecteam.cz\/?p=11010","title":{"rendered":"\u0160af\u00e1\u0159ov\u00e1 vicemistryn\u00ed!"},"content":{"rendered":"<p style=\"text-align: justify;\"><strong><span style=\"color: #800000;\">By\u0165 jsme p\u00e1te\u010dn\u00ed &#8222;Vojtovy kapky&#8220; dokumenta\u010dn\u011b z d\u016fvod\u016f nad pl\u00e1n prodlou\u017een\u00e9 sch\u016fzky veden\u00ed odd\u00edlu s rodi\u010di &#8222;pro\u0161vihli&#8220;, p\u0159esto o v\u00edkendovou aktualitu nep\u0159ijdete. T\u0159in\u00e1ct\u00fd den r. 2018 pohostila Mlad\u00e1 Boleslav n\u00e1rodn\u00ed \u0161ampion\u00e1t v cyklokrosu a MORAVCI byli op\u011bt ve st\u0159ehu: do boj\u016f na tradi\u010dn\u00ed cyklokrosa\u0159sk\u00e9 trati zas\u00e1hli hned dva na\u0161i odchovanci &#8211; Ad\u00e9la \u0160af\u00e1\u0159ov\u00e1 startovala v z\u00e1vod\u011b \u017een a od 12.45 hodin jsme dokonce mohli na tuzemsk\u00e9m sportovn\u00edm kan\u00e1le \u010cT4 Sport, by\u0165 letmo, ale p\u0159esto zcela z\u0159eteln\u011b, zahl\u00e9dnout v televizn\u00edm p\u0159enosu Tom\u00e1\u0161e Tlamku &#8222;Conrtadora&#8220;, kter\u00fd se poprv\u00e9 postavil na start mistrovsk\u00e9ho z\u00e1vodu mu\u017esk\u00e9 elity.<\/span><\/strong><\/p>\n<figure id=\"attachment_11014\" aria-describedby=\"caption-attachment-11014\" style=\"width: 957px\" class=\"wp-caption alignnone\"><a href=\"http:\/\/www.moravecteam.cz\/?attachment_id=11014\" rel=\"attachment wp-att-11014\"><img decoding=\"async\" loading=\"lazy\" class=\" wp-image-11014\" alt=\"01c-1375\" src=\"http:\/\/www.moravecteam.cz\/wp-content\/uploads\/2018\/01\/01c-1375.jpg\" width=\"957\" height=\"736\" srcset=\"https:\/\/www.moravecteam.cz\/wp-content\/uploads\/2018\/01\/01c-1375.jpg 957w, https:\/\/www.moravecteam.cz\/wp-content\/uploads\/2018\/01\/01c-1375-300x230.jpg 300w\" sizes=\"(max-width: 957px) 100vw, 957px\" \/><\/a><figcaption id=\"caption-attachment-11014\" class=\"wp-caption-text\">P\u0159e\u0161\u0165astn\u00e1 Pavla Havl\u00edkov\u00e1 v c\u00edli cyklokrosov\u00e9ho &#8222;mistr\u00e1ku v Mlad\u00e9 Boleslavi&#8230; Asi v\u016fbec netu\u0161ila, \u017ee to s Ad\u00e9lou \u0160af\u00e1\u0159ovou bude takov\u00e1 &#8222;rachota&#8220;&#8230;<\/figcaption><\/figure>\n<p style=\"text-align: justify;\">\u017deny startovaly p\u016fl hodinu p\u0159ed polednem a bohu\u017eel a z m\u00e9ho pohledu zcela nepochopiteln\u011b, tento z\u00e1vod \u010cT4 Sport nep\u0159en\u00e1\u0161ela. V tu dobu vrcholil na tomto kan\u00e1lu n\u011bjak\u00fd ultramaratonsk\u00fd ly\u017ea\u0159sko &#8211; b\u011b\u017eeck\u00fd z\u00e1vod&#8230; Je-li pro vys\u00edlac\u00ed kan\u00e1ly hlavn\u00edm parametrem jejich \u00fasp\u011b\u0161nosti sledovanost, tak si dovoluji odhadnout, \u017ee cyklokros z Mlad\u00e9 Boleslavi by ji m\u011bl ur\u010dit\u011b vy\u0161\u0161\u00ed, ne\u017e zmi\u0148ovan\u00fd ly\u017ea\u0159sko-b\u011b\u017eeck\u00fd ultramaraton, kter\u00fd byl veskrze nudn\u00fd (d\u00edval jsem se s v\u00edrou, \u017ee se najde na \u010cT 4 Sport n\u011bkdo soudn\u00fd a &#8222;pust\u00ed&#8220; z\u00e1vod \u017een z MB). Bohu\u017eel se tak &#8211; z\u00a0 m\u00e9ho pohledu ostudn\u011b &#8211;\u00a0 nestalo&#8230;<\/p>\n<figure id=\"attachment_11019\" aria-describedby=\"caption-attachment-11019\" style=\"width: 605px\" class=\"wp-caption alignnone\"><a href=\"http:\/\/www.moravecteam.cz\/?attachment_id=11019\" rel=\"attachment wp-att-11019\"><img decoding=\"async\" loading=\"lazy\" class=\" wp-image-11019\" alt=\"CER_0231\" src=\"http:\/\/www.moravecteam.cz\/wp-content\/uploads\/2018\/01\/CER_0231.jpg\" width=\"605\" height=\"647\" srcset=\"https:\/\/www.moravecteam.cz\/wp-content\/uploads\/2018\/01\/CER_0231.jpg 605w, https:\/\/www.moravecteam.cz\/wp-content\/uploads\/2018\/01\/CER_0231-280x300.jpg 280w\" sizes=\"(max-width: 605px) 100vw, 605px\" \/><\/a><figcaption id=\"caption-attachment-11019\" class=\"wp-caption-text\">Skute\u010dn\u011b par\u00e1dn\u00ed \u010d\u00edslo p\u0159evedla Ad\u00e9la \u0160af\u00e1\u0159ov\u00e1 na \u017eensk\u00e9m &#8222;mistr\u00e1ku&#8220; v Mlad\u00e9 Boleslavi!<\/figcaption><\/figure>\n<p style=\"text-align: justify;\">Mrzet to m\u016f\u017ee n\u00e1s, i cyklistickou komunitu dvojn\u00e1sob z toho d\u016fvodu, \u017ee na\u0161e odchovankyn\u011b, <span style=\"color: #800000;\"><strong>Ad\u00e9la \u0160af\u00e1\u0159ov\u00e1<\/strong><\/span> (Nutrend Specialized Racing) byla tou, d\u00edky kter\u00e9 nebyl leto\u0161n\u00ed &#8222;Mistr\u00e1k&#8220; \u017een v\u016fbec nudn\u00fd! Jak se \u0159\u00edk\u00e1 &#8222;ud\u011blala z\u00e1vod&#8220; po dobu kter\u00e9ho se dok\u00e1zala udr\u017eet nejv\u011bt\u0161\u00ed favoritky &#8211; Pavly Havl\u00edkov\u00e9 (KC Kooperativa) a v z\u00e1v\u011bru dokonce sahala na titul mistryn\u011b! Souboj generac\u00ed nakonec ovl\u00e1dla sice zku\u0161enost, ale srd\u00ed\u010dka v\u0161ech Ad\u00e9le p\u0159ej\u00edcn\u00fdch MORAVC\u016e a nejen MORAVC\u016e, ur\u010dit\u011b v sobotu zaplesala! Bravo Adys, bravo MORAVEC!<\/p>\n<p style=\"text-align: justify;\">Ani druh\u00fd z l\u00edhn\u011b MORAVEC Teamu, <span style=\"color: #800000;\"><strong>Tom\u00e1\u0161 Tlamka &#8222;Contador&#8220;<\/strong><\/span> se za sv\u016fj v\u00fdkon v MB nemus\u00ed v\u016fbec styd\u011bt. V pozici &#8222;hon\u00edc\u00edho psa&#8220; je jako ryba ve vod\u011b a z\u00e1vod ve m\u011bst\u011b aut mu tento &#8222;palpost &#8220; bohat\u011b poskytnul. Po\u0159adatel\u00e9 nakonec &#8222;el\u00e9vy&#8220; (juniory, kadety) za\u0159adili do &#8222;spe\u0161l&#8220; v\u00fdsledkov\u00e9 listiny, kter\u00e1 potvrdila, \u017ee po MB se na Tom\u00e1\u0161ov\u011b pomysln\u00e9m opasku houpaj\u00ed stejn\u011b pomyslen\u00e9\u00a0 cenn\u00e9 &#8222;skalpy&#8220; jak Honzy Zatloukala, tak i Kuby \u0158\u00edmana (junior). A z tohoto faktu mus\u00ed m\u00edt radost nejen &#8222;Contador&#8220;, ale op\u011bt i v\u0161ichni jemu p\u0159ej\u00edcn\u00ed MORAVCI&#8230; Zde mrkn\u011bte na <a href=\"http:\/\/www.cyklokros.cz\/cz\/toi-toi-cup\/toi-toi-cup-2017\/mlada-boleslav\/vysledky\"><strong>v\u00fdsledkov\u00e9 listiny<\/strong>.<\/a> Zde je hlavn\u00ed <strong><a href=\"http:\/\/www.cyklokros.cz\/cz\/cyklokros-cz\/aktuality\/857-mlada-boleslav-hosti-po-dvanacte-domaci-sampionat\">report\u00e1\u017e z mladoboleslavsk\u00e9ho &#8222;Mistr\u00e1ku&#8220;<\/a><\/strong>. Samoz\u0159ejm\u011b, \u017ee n\u00e1rodn\u00edho cyklokrosov\u00e9ho mistrovstv\u00ed si v\u0161imnul i <strong><a href=\"https:\/\/mtbs.cz\/clanek\/havlikova-ma-paty-titul-boros-si-neuveritelnou-stihackou-vyjel-druhy\/kategorie\/cesky-pohar-cyklokros#.WltOtajia00\">server MTBS&#8230;<\/a><\/strong><\/p>\n<p style=\"text-align: justify;\">\n","protected":false},"excerpt":{"rendered":"<p>By\u0165 jsme p\u00e1te\u010dn\u00ed &#8222;Vojtovy kapky&#8220; dokumenta\u010dn\u011b z d\u016fvod\u016f nad pl\u00e1n prodlou\u017een\u00e9 sch\u016fzky veden\u00ed odd\u00edlu s rodi\u010di &#8222;pro\u0161vihli&#8220;, p\u0159esto o v\u00edkendovou aktualitu nep\u0159ijdete. T\u0159in\u00e1ct\u00fd den r. 2018 pohostila Mlad\u00e1 Boleslav n\u00e1rodn\u00ed \u0161ampion\u00e1t v cyklokrosu a MORAVCI byli op\u011bt ve st\u0159ehu: do boj\u016f na tradi\u010dn\u00ed cyklokrosa\u0159sk\u00e9 trati zas\u00e1hli hned dva na\u0161i odchovanci &#8211; Ad\u00e9la \u0160af\u00e1\u0159ov\u00e1 startovala v &hellip; <a href=\"https:\/\/www.moravecteam.cz\/?p=11010\" class=\"more-link\">Pokra\u010dov\u00e1n\u00ed textu <span class=\"screen-reader-text\">\u0160af\u00e1\u0159ov\u00e1 vicemistryn\u00ed!<\/span> <span class=\"meta-nav\">&rarr;<\/span><\/a><\/p>\n","protected":false},"author":3,"featured_media":11013,"comment_status":"open","ping_status":"closed","sticky":false,"template":"","format":"standard","meta":[],"categories":[1],"tags":[],"_links":{"self":[{"href":"https:\/\/www.moravecteam.cz\/index.php?rest_route=\/wp\/v2\/posts\/11010"}],"collection":[{"href":"https:\/\/www.moravecteam.cz\/index.php?rest_route=\/wp\/v2\/posts"}],"about":[{"href":"https:\/\/www.moravecteam.cz\/index.php?rest_route=\/wp\/v2\/types\/post"}],"author":[{"embeddable":true,"href":"https:\/\/www.moravecteam.cz\/index.php?rest_route=\/wp\/v2\/users\/3"}],"replies":[{"embeddable":true,"href":"https:\/\/www.moravecteam.cz\/index.php?rest_route=%2Fwp%2Fv2%2Fcomments&post=11010"}],"version-history":[{"count":8,"href":"https:\/\/www.moravecteam.cz\/index.php?rest_route=\/wp\/v2\/posts\/11010\/revisions"}],"predecessor-version":[{"id":11022,"href":"https:\/\/www.moravecteam.cz\/index.php?rest_route=\/wp\/v2\/posts\/11010\/revisions\/11022"}],"wp:featuredmedia":[{"embeddable":true,"href":"https:\/\/www.moravecteam.cz\/index.php?rest_route=\/wp\/v2\/media\/11013"}],"wp:attachment":[{"href":"https:\/\/www.moravecteam.cz\/index.php?rest_route=%2Fwp%2Fv2%2Fmedia&parent=11010"}],"wp:term":[{"taxonomy":"category","embeddable":true,"href":"https:\/\/www.moravecteam.cz\/index.php?rest_route=%2Fwp%2Fv2%2Fcategories&post=11010"},{"taxonomy":"post_tag","embeddable":true,"href":"https:\/\/www.moravecteam.cz\/index.php?rest_route=%2Fwp%2Fv2%2Ftags&post=11010"}],"curies":[{"name":"wp","href":"https:\/\/api.w.org\/{rel}","templated":true}]}}