{"id":11024,"date":"2018-01-15T21:52:46","date_gmt":"2018-01-15T20:52:46","guid":{"rendered":"http:\/\/www.moravecteam.cz\/?p=11024"},"modified":"2018-01-19T07:16:13","modified_gmt":"2018-01-19T06:16:13","slug":"co-se-bude-dit-st03-3","status":"publish","type":"post","link":"https:\/\/www.moravecteam.cz\/?p=11024","title":{"rendered":"Co se bude d\u00edt? (ST03)"},"content":{"rendered":"<h5><span style=\"color: #800000;\">St\u0159eda 17.1. 2018<\/span><\/h5>\n<p style=\"text-align: justify;\">Cvi\u010den\u00ed\u00a0 v bene\u0161ovsk\u00e9 t\u011blocvi\u010dn\u011b v\u00a0r\u00e1mci zimn\u00ed p\u0159\u00edpravy.\u00a0 Cvi\u010den\u00ed prob\u011bhne\u00a0 v obvykl\u00e9m \u010dase, od 16.30 do 18.30. V r\u00e1mci cvi\u010den\u00ed si up\u0159esn\u00edme \u00fakoly na bl\u00ed\u017e\u00edc\u00ed se Ples cyklist\u016f.<\/p>\n<h5><span style=\"color: #800000;\">P\u00e1tek 19.1. 2018<\/span><\/h5>\n<ul>\n<li style=\"text-align: justify;\">Od\u00a017.00 v kulturn\u00edm dom\u011b obce Such\u00fd, sraz p\u0159\u00edpravn\u00e9ho Teamu na Ples cyklist\u016f a budeme v\u0161e p\u0159ipravovat na sobotn\u00ed akci.<\/li>\n<li style=\"text-align: justify;\">Od 18.00 prob\u011bhne\u00a0 v bene\u0161ovsk\u00e9 t\u011blocvi\u010dn\u011b prob\u011bhne dal\u0161\u00ed cvi\u010den\u00ed v\u00a0r\u00e1mci zimn\u00ed p\u0159\u00edpravy.\u00a0 Cvi\u010dit budeme\u00a0 do 20.00 hod. POZOR! Op\u011bt si s sebou v<a href=\"http:\/\/www.moravecteam.cz\/?p=10952\">ezm\u011bte\u00a0 fitbaly!<\/a><\/li>\n<\/ul>\n<h5><span style=\"color: #800000;\">Sobota 20.1. 2018<\/span><\/h5>\n<ul>\n<li style=\"text-align: justify;\">Ples cyklist\u016f\u00a0 &#8211; 20.1. 2018\u00a0 &#8211; kulturn\u00ed d\u016fm obce Such\u00fd: <a href=\"http:\/\/www.moravecteam.cz\/?attachment_id=10995\" rel=\"attachment wp-att-10995\"><img decoding=\"async\" loading=\"lazy\" alt=\"sta\u017een\u00fd soubor (1)\" src=\"http:\/\/www.moravecteam.cz\/wp-content\/uploads\/2018\/01\/sta\u017een\u00fd-soubor-1.jpg\" width=\"1000\" height=\"472\" \/><\/a>M\u00edstenky si st\u00e1le m\u016f\u017eete rezervovat na m\u00e9m telefonu\u00a0<strong><span style=\"color: #800000;\">605 0J\u00e1gr 0Nagano&#8230;<\/span><\/strong><\/li>\n<\/ul>\n<h5><span style=\"color: #800000;\">Akce t\u011bsn\u011b za horizontem<\/span><\/h5>\n<ul>\n<li style=\"text-align: justify;\">4.2. 2018 &#8211; odjezd MORAVEC Teamu na t\u00fddenn\u00ed\u00a0<strong><span style=\"color: #800000;\">zimn\u00ed soust\u0159ed\u011bn\u00ed<\/span><\/strong>\u00a0do Jesen\u00edk\u016f, lokalita St\u0159\u00edbrnice, Hotel N\u00e1vr\u0161\u00ed. Seznam je uzav\u0159en, je V\u00e1s 34, z toho 22 d\u011bt\u00ed a ml\u00e1de\u017ee do 18-ti let a 12 dosp\u011bl\u00fdch. Poda\u0159ilo se dohodnout n\u00e1sleduj\u00edc\u00ed cenov\u00e9 podm\u00ednky: ml\u00e1de\u017e: 450.- K\u010d \/ den &#8211; pln\u00e1 penze, dosp\u011bl\u00ed &#8211; 490.- K\u010d \/ den &#8211; pln\u00e1 penze. Pobyt je po\u010d\u00edt\u00e1n na 6 dn\u016f (noc\u00ed), tzn. ml\u00e1de\u017en\u00edka to vyjde na 2.700.- K\u010d, dosp\u011bl\u00e9ho na 2.940.-. N\u00e1vrat v sobotu, 10.2. 2018. Co si s sebou vz\u00edt?\u00a0<strong><a href=\"http:\/\/www.moravecteam.cz\/?attachment_id=11027\" rel=\"attachment wp-att-11027\">co s sebou na b\u011b\u017eky<\/a><\/strong><\/li>\n<li style=\"text-align: justify;\">4.3. 2018 (ned\u011ble) &#8211; Putov\u00e1n\u00ed <strong><span style=\"color: #800000;\">po stop\u00e1ch YETTI.<\/span><\/strong> Sraz p\u00e1tra\u010d\u016f ve 13.00 hodin u restaurace Morava Bene\u0161ov.<\/li>\n<li style=\"text-align: justify;\">9.3. &#8211; 18.3. 2018 &#8211; odjezd na\u00a0<strong><span style=\"color: #800000;\">jarn\u00ed soust\u0159ed\u011bn\u00ed\u00a0<\/span><\/strong>&#8211; c\u00edlov\u00e1 destinace &#8211;\u00a0 m\u011bsto Pula v Chorvatsku. P\u0159edpokl\u00e1dan\u00e1 cena za pobyt &#8211; cca 5.000.- K\u010d na osobu. Seznam \u00fa\u010dastn\u00edk\u016f je po p\u00e1te\u010dn\u00ed sch\u016fzce prakticky uzav\u0159en, d\u00edky za V\u00e1\u0161 aktivn\u00ed p\u0159\u00edstup!<\/li>\n<\/ul>\n","protected":false},"excerpt":{"rendered":"<p>St\u0159eda 17.1. 2018 Cvi\u010den\u00ed\u00a0 v bene\u0161ovsk\u00e9 t\u011blocvi\u010dn\u011b v\u00a0r\u00e1mci zimn\u00ed p\u0159\u00edpravy.\u00a0 Cvi\u010den\u00ed prob\u011bhne\u00a0 v obvykl\u00e9m \u010dase, od 16.30 do 18.30. V r\u00e1mci cvi\u010den\u00ed si up\u0159esn\u00edme \u00fakoly na bl\u00ed\u017e\u00edc\u00ed se Ples cyklist\u016f. P\u00e1tek 19.1. 2018 Od\u00a017.00 v kulturn\u00edm dom\u011b obce Such\u00fd, sraz p\u0159\u00edpravn\u00e9ho Teamu na Ples cyklist\u016f a budeme v\u0161e p\u0159ipravovat na sobotn\u00ed akci. Od 18.00 prob\u011bhne\u00a0 &hellip; <a href=\"https:\/\/www.moravecteam.cz\/?p=11024\" class=\"more-link\">Pokra\u010dov\u00e1n\u00ed textu <span class=\"screen-reader-text\">Co se bude d\u00edt? (ST03)<\/span> <span class=\"meta-nav\">&rarr;<\/span><\/a><\/p>\n","protected":false},"author":3,"featured_media":11029,"comment_status":"open","ping_status":"closed","sticky":false,"template":"","format":"standard","meta":[],"categories":[11],"tags":[],"_links":{"self":[{"href":"https:\/\/www.moravecteam.cz\/index.php?rest_route=\/wp\/v2\/posts\/11024"}],"collection":[{"href":"https:\/\/www.moravecteam.cz\/index.php?rest_route=\/wp\/v2\/posts"}],"about":[{"href":"https:\/\/www.moravecteam.cz\/index.php?rest_route=\/wp\/v2\/types\/post"}],"author":[{"embeddable":true,"href":"https:\/\/www.moravecteam.cz\/index.php?rest_route=\/wp\/v2\/users\/3"}],"replies":[{"embeddable":true,"href":"https:\/\/www.moravecteam.cz\/index.php?rest_route=%2Fwp%2Fv2%2Fcomments&post=11024"}],"version-history":[{"count":8,"href":"https:\/\/www.moravecteam.cz\/index.php?rest_route=\/wp\/v2\/posts\/11024\/revisions"}],"predecessor-version":[{"id":11057,"href":"https:\/\/www.moravecteam.cz\/index.php?rest_route=\/wp\/v2\/posts\/11024\/revisions\/11057"}],"wp:featuredmedia":[{"embeddable":true,"href":"https:\/\/www.moravecteam.cz\/index.php?rest_route=\/wp\/v2\/media\/11029"}],"wp:attachment":[{"href":"https:\/\/www.moravecteam.cz\/index.php?rest_route=%2Fwp%2Fv2%2Fmedia&parent=11024"}],"wp:term":[{"taxonomy":"category","embeddable":true,"href":"https:\/\/www.moravecteam.cz\/index.php?rest_route=%2Fwp%2Fv2%2Fcategories&post=11024"},{"taxonomy":"post_tag","embeddable":true,"href":"https:\/\/www.moravecteam.cz\/index.php?rest_route=%2Fwp%2Fv2%2Ftags&post=11024"}],"curies":[{"name":"wp","href":"https:\/\/api.w.org\/{rel}","templated":true}]}}