{"id":11067,"date":"2018-01-22T23:44:05","date_gmt":"2018-01-22T22:44:05","guid":{"rendered":"http:\/\/www.moravecteam.cz\/?p=11067"},"modified":"2018-01-27T22:37:56","modified_gmt":"2018-01-27T21:37:56","slug":"suchy-poctiva-skocna","status":"publish","type":"post","link":"https:\/\/www.moravecteam.cz\/?p=11067","title":{"rendered":"Such\u00fd? Poctiv\u00e1 sko\u010dn\u00e1!"},"content":{"rendered":"<p style=\"text-align: justify;\"><strong><span style=\"color: #800000;\">U\u017e po \u0161est\u00e9, tak trochu anachronicky &#8211; k 15. v\u00fdro\u010d\u00ed zalo\u017een\u00ed MORAVEC Teamu &#8211; jsme si p\u0159edposledn\u00ed lednovou sobotu Nov\u00e9ho roku u\u017eili malou v\u00fdro\u010dn\u00ed odd\u00edlovou oslavu na plese cyklist\u016f&#8230; Po trojn\u00e1sobn\u00e9 tane\u010dn\u00ed &#8222;race&#8220; na Bene\u0161ov\u011b a s\u00f3lo \u010d\u00edslech na Valchov\u011b a ve Velenov\u011b, p\u0159i\u0161la na \u0159adu dal\u0161\u00ed z obc\u00ed, v minulosti &#8222;zata\u017een\u00e1&#8220; do MTB &#8222;Vrchovinov\u00e9&#8220; m\u00e1nie\u00a0 obec Such\u00fd, aktu\u00e1ln\u011b v \u010dele se sv\u00fdm piln\u00fdm a\u00a0 charismatick\u00fdm starostou, Jakubem Hlubinkou.\u00a0<\/span><\/strong><\/p>\n<figure id=\"attachment_11071\" aria-describedby=\"caption-attachment-11071\" style=\"width: 4203px\" class=\"wp-caption alignnone\"><a href=\"http:\/\/www.moravecteam.cz\/?attachment_id=11071\" rel=\"attachment wp-att-11071\"><img decoding=\"async\" loading=\"lazy\" class=\" wp-image-11071\" alt=\"DSCN0195\" src=\"http:\/\/www.moravecteam.cz\/wp-content\/uploads\/2018\/01\/DSCN0195.jpg\" width=\"4203\" height=\"3223\" srcset=\"https:\/\/www.moravecteam.cz\/wp-content\/uploads\/2018\/01\/DSCN0195.jpg 4203w, https:\/\/www.moravecteam.cz\/wp-content\/uploads\/2018\/01\/DSCN0195-300x230.jpg 300w, https:\/\/www.moravecteam.cz\/wp-content\/uploads\/2018\/01\/DSCN0195-1024x785.jpg 1024w\" sizes=\"(max-width: 4203px) 100vw, 4203px\" \/><\/a><figcaption id=\"caption-attachment-11071\" class=\"wp-caption-text\">Laure\u00e1ty MTB Superior PDV 2017 v po\u0159ad\u00ed Obce dekorovali Mistryn\u011b sv\u011bta v aerobiku Sabina Jur\u00e1nkov\u00e1 a Mistr sv\u011bta v biketrialu &#8211; V\u00e1clav Kol\u00e1\u0159.<\/figcaption><\/figure>\n<p style=\"text-align: justify;\">Mnoz\u00ed z V\u00e1s ani ur\u010dit\u011b netu\u0161ili, \u017ee kultur\u00e1k v t\u00e9to mal\u00e9 obci je op\u011bt pln\u011b funk\u010dn\u00ed&#8230; \u017de jo? A pr\u00e1v\u011b d\u00edky Jakubovi se tato obec po dob\u011b p\u0159e\u0161lapov\u00e1n\u00ed vydala vp\u0159ed a bez diskuze, \u017ee spr\u00e1vn\u00fdm sm\u011brem! No a n\u00e1m se minulou sobotu soub\u011b\u017en\u011b po\u0161t\u011bstilo, \u017ee jsme na na\u0161em Cyklistick\u00e9m plese mohli &#8211; co by hosty ve\u010dera &#8211; p\u0159iv\u00edtat hned dva mistry sv\u011bta: kadetku <span style=\"color: #339966;\"><a href=\"http:\/\/www.moravecteam.cz\/?p=9889\"><span style=\"color: #339966;\"><strong>Sabinu Jur\u00e1nkovou<\/strong><\/span><\/a><\/span>, trojn\u00e1sobnou &#8222;World&#8220; \u0161ampionku ve sportovn\u00edm aerobiku a <strong><a href=\"https:\/\/sport.idnes.cz\/vaclav-kolar-biketrial-0bv-\/cyklistika.aspx?c=A170911_085907_cyklistika_par\">V\u00e1clava Kol\u00e1\u0159e<\/a><\/strong><span style=\"color: #000000;\">,<\/span> dev\u00edtin\u00e1sobn\u00e9ho \u0161ampiona v biketrialu! Va\u0161ka jsme m\u011bli tu \u010dest p\u0159iv\u00edtat na t\u0159et\u00edm Plese cyklist\u016f v r. 2015 na Bene\u0161ov\u011b a byl to pr\u00e1v\u011b on,\u00a0kter\u00fd v p\u011bti p\u0159ede\u0161l\u00fdch plesech z pozice host\u016f\u00a0zaznamenal nejv\u011bt\u0161\u00ed ohlas a \u00fasp\u011bch!<\/p>\n<figure id=\"attachment_11072\" aria-describedby=\"caption-attachment-11072\" style=\"width: 1854px\" class=\"wp-caption alignnone\"><a href=\"http:\/\/www.moravecteam.cz\/?attachment_id=11072\" rel=\"attachment wp-att-11072\"><img decoding=\"async\" loading=\"lazy\" class=\" wp-image-11072\" alt=\"DSCN0212\" src=\"http:\/\/www.moravecteam.cz\/wp-content\/uploads\/2018\/01\/DSCN0212.jpg\" width=\"1854\" height=\"1339\" srcset=\"https:\/\/www.moravecteam.cz\/wp-content\/uploads\/2018\/01\/DSCN0212.jpg 1854w, https:\/\/www.moravecteam.cz\/wp-content\/uploads\/2018\/01\/DSCN0212-300x216.jpg 300w, https:\/\/www.moravecteam.cz\/wp-content\/uploads\/2018\/01\/DSCN0212-1024x739.jpg 1024w\" sizes=\"(max-width: 1854px) 100vw, 1854px\" \/><\/a><figcaption id=\"caption-attachment-11072\" class=\"wp-caption-text\">Na\u0161im holk\u00e1m to v sobotu fakt moc slu\u0161elo&#8230;<\/figcaption><\/figure>\n<p style=\"text-align: justify;\">Snad nezpychne a vyrovn\u00e1 se se skute\u010dnost\u00ed, \u017ee to byl pr\u00e1v\u011b on, jako prvn\u00ed, kter\u00e9ho jsme na n\u00e1\u0161 ples,\u00a0 pozvali opakovan\u011b&#8230; Oba mlad\u00ed \u0161ampioni minulou sobotu v \u00fatuln\u00e9m z\u00e1zem\u00ed kutrurn\u00edho domu obce Such\u00fd potvrdili, \u017ee jsou ve sv\u00e9m oboru skute\u010dn\u00fdmi Mistry! Oba pot\u011b\u0161ili p\u0159\u00edtomn\u00e9 jak v d\u011btsk\u00e9 \u010d\u00e1sti plesu, tak na sklonku dne v \u010d\u00e1sti plesu, ur\u010den\u00e9 u\u017e v\u00edce pro ty dosp\u011bl\u00e9, a \u017ee to museli b\u00fdt pr\u00e1v\u011b oni, kdo dekorovali nejlep\u0161\u00ed radry v MTB Superior PDV v po\u0159ad\u00ed OBCE, bylo nad slunce jasn\u00e9&#8230; Kdo jin\u00fd? \u017de d\u011bti v jejich plesov\u00e9 &#8222;seqenci&#8220; pobavila <strong><span style=\"color: #800000;\">Monika Kone\u010dn\u00e1<\/span><\/strong>, tak\u00e9 nemohlo b\u00fdt jinak&#8230; \u017de pak p\u0159evzali ot\u011b\u017ee &#8222;bavi\u010dsk\u00e9&#8220; iniciativy &#8222;Ken\u0165\u00e1ci&#8220; neboli\u00a0 hudebn\u00ed rodinn\u00e9 uskupen\u00ed z Petrovic <strong><span style=\"color: #800000;\">TRIO KENT<\/span><\/strong>, taky nemohlo b\u00fdt jinak&#8230; \u017de hlavn\u00ed tombolu ovl\u00e1dla <span style=\"color: #800000;\"><strong>rodina Kamila Koudelky<\/strong><\/span> z Bene\u0161ova, to jinak b\u00fdt mohlo&#8230; Ale \u0161t\u011bst\u00ed je vratkav\u00e9&#8230;. Ale hlavn\u011b: p\u0159eje v\u017edy t\u011bm p\u0159ipraven\u00fdm! Na\u0161im opor\u00e1m, Koudelkov\u00fdm jejich plesov\u00fd &#8222;lauf&#8220; &#8211; jak jinak &#8211; moc, moc, p\u0159ejeme!<\/p>\n<figure id=\"attachment_11074\" aria-describedby=\"caption-attachment-11074\" style=\"width: 4067px\" class=\"wp-caption alignnone\"><a href=\"http:\/\/www.moravecteam.cz\/?attachment_id=11074\" rel=\"attachment wp-att-11074\"><img decoding=\"async\" loading=\"lazy\" class=\" wp-image-11074\" alt=\"DSCN0369\" src=\"http:\/\/www.moravecteam.cz\/wp-content\/uploads\/2018\/01\/DSCN0369.jpg\" width=\"4067\" height=\"2921\" srcset=\"https:\/\/www.moravecteam.cz\/wp-content\/uploads\/2018\/01\/DSCN0369.jpg 4067w, https:\/\/www.moravecteam.cz\/wp-content\/uploads\/2018\/01\/DSCN0369-300x215.jpg 300w, https:\/\/www.moravecteam.cz\/wp-content\/uploads\/2018\/01\/DSCN0369-1024x735.jpg 1024w\" sizes=\"(max-width: 4067px) 100vw, 4067px\" \/><\/a><figcaption id=\"caption-attachment-11074\" class=\"wp-caption-text\">Ten spr\u00e1vnn\u00fd \u0159\u00edz dodali slavnostn\u00edmu ve\u010deru petrovi\u010dt\u00ed &#8222;Ken\u0165\u00e1ci&#8220;!<\/figcaption><\/figure>\n<p style=\"text-align: justify;\">\u017de se na plese v\u0161ichni dob\u0159e bavili, v\u010detn\u011b p\u0159edsedkyn\u011b na\u0161eho FAN-Klubu <span style=\"color: #800000;\"><strong>Maru\u0161ky Zouharov\u00e9<\/strong><\/span>, taky nemohlo b\u00fdt jinak. A nebylo jnak ani to, \u017ee jsme se rozch\u00e1zeli za akustick\u00e9ho projevu m\u00edstn\u00edch kohout\u016f, kte\u0159\u00ed nad r\u00e1nem velice zdatn\u011b &#8222;Ken\u0165\u00e1ky&#8220; vyst\u0159\u00eddali&#8230; Tak\u017ee leto\u0161n\u00ed Such\u00fd &#8211; to byla vskutku poctiv\u00e1 sko\u010dn\u00e1&#8230; a nejen d\u00edky skv\u011bl\u00fdm skokansk\u00fdm v\u00fdkon\u016fm dvou mistr\u016f sv\u011bta&#8230;Z pohodov\u00e9ho ve\u010dera \/ noci \/r\u00e1na jsou u\u017e k m\u00e1n\u00ed hned \u010dty\u0159i fotogalerie:<\/p>\n<ul>\n<li><strong><a href=\"http:\/\/moravecteam.rajce.idnes.cz\/2018.01.20_Ples_cyklistu\/\">Fotogalerie \u010d.1 (d\u00edky Karle!)<\/a><\/strong><\/li>\n<li><strong><a href=\"http:\/\/moravecteam.rajce.idnes.cz\/2018.01.20_Ples_cyklistu_-_2\/\">Fotogalerie \u010d.2 (d\u00edky Tery, Lenko, Veru!)<\/a><\/strong><\/li>\n<li><strong><a href=\"http:\/\/moravecteam.rajce.idnes.cz\/2018.01.20_Ples_cyklistu_-_3\/\">Fotogalerie \u010d.3\u00a0(d\u00edky L\u00eddo)<\/a><\/strong><\/li>\n<li><strong><a href=\"http:\/\/moravecteam.rajce.idnes.cz\/2018.01.20_Ples_cyklistu_-_4\/\">Fotogalerie \u010d.4 (d\u00edky Karle je\u0161t\u011b jednou!)<\/a><\/strong><\/li>\n<\/ul>\n<p style=\"text-align: justify;\">A \u00fapln\u011b na z\u00e1v\u011br: velk\u00fd d\u00edk v\u0161em, kdo k vyda\u0159en\u00e9mu Plesu cyklist\u016f s po\u0159adov\u00fdm \u010d\u00edslem 6 jakkoli p\u0159isp\u011bl&#8230;<\/p>\n<p>&nbsp;<\/p>\n","protected":false},"excerpt":{"rendered":"<p>U\u017e po \u0161est\u00e9, tak trochu anachronicky &#8211; k 15. v\u00fdro\u010d\u00ed zalo\u017een\u00ed MORAVEC Teamu &#8211; jsme si p\u0159edposledn\u00ed lednovou sobotu Nov\u00e9ho roku u\u017eili malou v\u00fdro\u010dn\u00ed odd\u00edlovou oslavu na plese cyklist\u016f&#8230; Po trojn\u00e1sobn\u00e9 tane\u010dn\u00ed &#8222;race&#8220; na Bene\u0161ov\u011b a s\u00f3lo \u010d\u00edslech na Valchov\u011b a ve Velenov\u011b, p\u0159i\u0161la na \u0159adu dal\u0161\u00ed z obc\u00ed, v minulosti &#8222;zata\u017een\u00e1&#8220; do MTB &#8222;Vrchovinov\u00e9&#8220; &hellip; <a href=\"https:\/\/www.moravecteam.cz\/?p=11067\" class=\"more-link\">Pokra\u010dov\u00e1n\u00ed textu <span class=\"screen-reader-text\">Such\u00fd? Poctiv\u00e1 sko\u010dn\u00e1!<\/span> <span class=\"meta-nav\">&rarr;<\/span><\/a><\/p>\n","protected":false},"author":3,"featured_media":11073,"comment_status":"open","ping_status":"closed","sticky":false,"template":"","format":"standard","meta":[],"categories":[13],"tags":[],"_links":{"self":[{"href":"https:\/\/www.moravecteam.cz\/index.php?rest_route=\/wp\/v2\/posts\/11067"}],"collection":[{"href":"https:\/\/www.moravecteam.cz\/index.php?rest_route=\/wp\/v2\/posts"}],"about":[{"href":"https:\/\/www.moravecteam.cz\/index.php?rest_route=\/wp\/v2\/types\/post"}],"author":[{"embeddable":true,"href":"https:\/\/www.moravecteam.cz\/index.php?rest_route=\/wp\/v2\/users\/3"}],"replies":[{"embeddable":true,"href":"https:\/\/www.moravecteam.cz\/index.php?rest_route=%2Fwp%2Fv2%2Fcomments&post=11067"}],"version-history":[{"count":13,"href":"https:\/\/www.moravecteam.cz\/index.php?rest_route=\/wp\/v2\/posts\/11067\/revisions"}],"predecessor-version":[{"id":11127,"href":"https:\/\/www.moravecteam.cz\/index.php?rest_route=\/wp\/v2\/posts\/11067\/revisions\/11127"}],"wp:featuredmedia":[{"embeddable":true,"href":"https:\/\/www.moravecteam.cz\/index.php?rest_route=\/wp\/v2\/media\/11073"}],"wp:attachment":[{"href":"https:\/\/www.moravecteam.cz\/index.php?rest_route=%2Fwp%2Fv2%2Fmedia&parent=11067"}],"wp:term":[{"taxonomy":"category","embeddable":true,"href":"https:\/\/www.moravecteam.cz\/index.php?rest_route=%2Fwp%2Fv2%2Fcategories&post=11067"},{"taxonomy":"post_tag","embeddable":true,"href":"https:\/\/www.moravecteam.cz\/index.php?rest_route=%2Fwp%2Fv2%2Ftags&post=11067"}],"curies":[{"name":"wp","href":"https:\/\/api.w.org\/{rel}","templated":true}]}}