{"id":1115,"date":"2015-08-02T14:14:57","date_gmt":"2015-08-02T12:14:57","guid":{"rendered":"http:\/\/www.moravecteam.cz\/?p=1115"},"modified":"2015-08-06T14:30:00","modified_gmt":"2015-08-06T12:30:00","slug":"po-stopach-vlastikovych","status":"publish","type":"post","link":"https:\/\/www.moravecteam.cz\/?p=1115","title":{"rendered":"Po stop\u00e1ch MORAVCE"},"content":{"rendered":"<p style=\"text-align: justify;\"><span style=\"color: #800000;\"><strong>Skl\u00e1da\u010dka do sebe zapadla.\u00a0Fin\u00e1ln\u00ed dlouhodob\u00fd dluh, kter\u00fd n\u00e1\u0161 odd\u00edl m\u011bl v\u016f\u010di Vlastimilu MORAVCOVI, a to ten, \u017ee jsme po celou dobu trv\u00e1n\u00ed na\u0161eho odd\u00edlu nezav\u00edtali do jeho rodn\u00e9ho kraje, je po posledn\u00edm \u010dervencov\u00e9m t\u00fddnu 2015 bezezbytku vypln\u011bn. Des\u00edtka state\u010dn\u00fdch MORAVC\u016e v r\u00e1mci riskantn\u00ed mise s kryc\u00edm n\u00e1zvem &#8222;Franti\u0161ek Ladislav&#8220;, kter\u00e1 nem\u00e1 po technick\u00e9 str\u00e1nce p\u0159epravy v historii odd\u00edlu obdoby, dorazila nejen do rodn\u00e9 v\u00edsky a rodn\u00e9ho domu Vlasty MORAVCE, ale nav\u00edc vyhledala a bl\u00edzce se zkontaktovala se dv\u011bma jeho nejv\u011bt\u0161\u00edmi kamar\u00e1dy! Za\u017eili jsme\u00a0\u010dty\u0159i dny p\u00e1tr\u00e1n\u00ed (nejen) po stop\u00e1ch Vlast\u00edkov\u00fdch, ale p\u0159edev\u0161\u00edm \u010dty\u0159i pohodov\u00e9 dny pln\u00e9 srandy a sm\u00edchu a i t\u011bch najet\u00fdch 200km ukazuje, \u017ee jsme byli i na kolech ak\u010dn\u00ed nad pr\u016fm\u011br! A nov\u00e1 p\u0159\u00e1telstv\u00ed s nejbli\u017e\u0161\u00edmi kamar\u00e1dy Vlastimila MORAVCE jsou t\u0159e\u0161ni\u010dkou na dortu pr\u00e1v\u011b skon\u010den\u00e9, \u00fasp\u011b\u0161n\u00e9 mise!<\/strong><\/span><\/p>\n<figure id=\"attachment_1151\" aria-describedby=\"caption-attachment-1151\" style=\"width: 4608px\" class=\"wp-caption alignnone\"><a href=\"http:\/\/www.moravecteam.cz\/?attachment_id=1151\" rel=\"attachment wp-att-1151\"><img decoding=\"async\" loading=\"lazy\" class=\" wp-image-1151\" alt=\"01\" src=\"http:\/\/www.moravecteam.cz\/wp-content\/uploads\/2015\/08\/012.jpg\" width=\"4608\" height=\"2108\" srcset=\"https:\/\/www.moravecteam.cz\/wp-content\/uploads\/2015\/08\/012.jpg 4608w, https:\/\/www.moravecteam.cz\/wp-content\/uploads\/2015\/08\/012-300x137.jpg 300w, https:\/\/www.moravecteam.cz\/wp-content\/uploads\/2015\/08\/012-1024x468.jpg 1024w\" sizes=\"(max-width: 4608px) 100vw, 4608px\" \/><\/a><figcaption id=\"caption-attachment-1151\" class=\"wp-caption-text\">Opo\u010densk\u00e9 koupali\u0161t\u011b Rangers p\u0159i pr\u016fzkumu prov\u011b\u0159ili, p\u0159i vlastn\u00ed akci v\u0161ak z d\u016fvodu hor\u0161\u00edch klimatick\u00fdch podm\u00ednek z\u00fastalo nevyu\u017eito&#8230;<\/figcaption><\/figure>\n<h5 style=\"text-align: justify;\">25.7.2015 &#8211; pr\u016fzkum<\/h5>\n<p style=\"text-align: justify;\">Proto\u017ee rodn\u00e1 MORAVCOVA obec se zvl\u00e1\u0161tn\u00edm n\u00e1zvem Spy je od n\u00e1s vzd\u00e1lena cca 130 km, vol\u00ed Petr do c\u00edlov\u00e9 lokality kombiovanou p\u0159epravu, poprv\u00e9 v historii v\u0161ak za pomoci rychl\u00edkov\u00e9 vlakov\u00e9 soupravy. Ta n\u00e1s m\u00e1 p\u0159epravit i s bycikly ze Skalice nad Svitavou do Chocn\u011b, odkud dojedeme na na\u0161i do\u010dasnou z\u00e1kladnu, pro kterou Petr vyb\u00edr\u00e1 \u00fatuln\u00fd penzion Jord\u00e1nek v malebn\u00e9m podorlick\u00e9m m\u011bste\u010dku Opo\u010dn\u011b &#8211;\u00a0samoz\u0159ejm\u011b na kolech. Distanc je to 40km, a proto\u017ee se jedn\u00e1 pro n\u00e1s o zcela nezn\u00e1m\u00fd ter\u00e9n, ob\u011btuje Petr z\u00e1vod PDV ve Velenov\u011b a v po\u010dtu mu\u017e\u016f 1+1 trasu osobn\u011b prov\u011b\u0159uje. Pr\u016fzkum nen\u00ed bez komplikac\u00ed, \u0159edev\u0161\u00edm z d\u016fvodu \u0161patn\u00e9ho po\u010das\u00ed. I kdy\u017e dva na\u0161i Rangers vyr\u00e1\u017e\u00ed po napl\u00e1novan\u00e9 trase z Chocn\u011b v 9.15 hodin, do Opo\u010dna dor\u00e1\u017e\u00ed a\u017e ve 14.45. Dvakr\u00e1t se mus\u00ed schovat \u0159ed siln\u00fdm de\u0161t\u011bm. Nejd\u0159\u00edve je ukr\u00fdv\u00e1 nezn\u00e1m\u00fd vesni\u010dan v obci Such\u00e1 Rybn\u00e1 a pozd\u011bji majitel p\u016fj\u010dovny lod\u011bk ve sv\u00e9 nemovitosti ve m\u011bte\u010dku Kostelec nad Orlic\u00ed. Po ov\u011b\u0159en\u00ed kvality slu\u017eeb v penzionu Jord\u00e1nek v Opo\u010dn\u011b vyr\u00e1\u017e\u00ed dva na\u0161i Rangers v 16.00 zp\u011bt po trase pon\u011bkud odli\u0161n\u00e9 a ji\u017e bez pr\u016ftah\u016f\u00a0vlivem de\u0161tiv\u00e9ho po\u010das\u00ed\u00a0brzd\u00ed \u0161\u0165astn\u011b v 18.00 zp\u011bt v Chocni. Do na\u0161eho regionu jde od dvou na\u0161ich pr\u016fzkum\u00e1k\u016f stroh\u00e9 hl\u00e1\u0161en\u00ed: cesta na kemp 27.7.2015 je voln\u00e1, nejvy\u0161\u0161\u00ed bod na trase &#8211; rozhledna Vrbice (450 m.n.m), slu\u017eby penzionu Jord\u00e1nek na vysok\u00e9 \u00farovni.<\/p>\n<figure id=\"attachment_1150\" aria-describedby=\"caption-attachment-1150\" style=\"width: 3321px\" class=\"wp-caption alignnone\"><a href=\"http:\/\/www.moravecteam.cz\/?attachment_id=1150\" rel=\"attachment wp-att-1150\"><img decoding=\"async\" loading=\"lazy\" class=\" wp-image-1150\" alt=\"02\" src=\"http:\/\/www.moravecteam.cz\/wp-content\/uploads\/2015\/08\/021.jpg\" width=\"3321\" height=\"2304\" srcset=\"https:\/\/www.moravecteam.cz\/wp-content\/uploads\/2015\/08\/021.jpg 3321w, https:\/\/www.moravecteam.cz\/wp-content\/uploads\/2015\/08\/021-300x208.jpg 300w, https:\/\/www.moravecteam.cz\/wp-content\/uploads\/2015\/08\/021-1024x710.jpg 1024w\" sizes=\"(max-width: 3321px) 100vw, 3321px\" \/><\/a><figcaption id=\"caption-attachment-1150\" class=\"wp-caption-text\">MORAVCI zdol\u00e1vaj\u00ed na \u00favod nejvy\u0161\u0161\u00ed bod mise: rozhledna u obce Vrbice je v nadmo\u0159sk\u00e9 v\u00fd\u0161ce 450 m.n.m.<\/figcaption><\/figure>\n<h5 style=\"text-align: justify;\">27.7.2015 &#8211; prvn\u00ed den mise<\/h5>\n<p style=\"text-align: justify;\">Na startu op\u011bt do kempov\u00e9ho sc\u00e9n\u00e1\u0159e prohovo\u0159uje po\u010das\u00ed. Rann\u00ed d\u00e9\u0161\u0165 nut\u00ed Petra pou\u017e\u00edt k p\u0159esunu do Chocn\u011b a\u017e rychl\u00edku 11.30 ze Skalice nad Svitavou, m\u00edsto p\u016fvodn\u011b pl\u00e1novan\u00e9ho spoje v 9.30. Zdr\u017een\u00ed nehraje ale podstatnou roli. \u0160est cestuj\u00edc\u00edch MORAVC\u016e (Petr, Leopold, Lenka, Eva, Milan &#8222;Drso\u0148&#8220;, Ivana) si zab\u00edr\u00e1 pro sebe kup\u00e9 a cesta ut\u00edk\u00e1 svi\u017en\u011b i d\u00edk klasick\u00e9 ob\u010derstvova\u010dce, kterou Petr a Lenka v pr\u016fb\u011bhu j\u00edzdy rajdr\u016fm ordinuje. Kr\u00e1tce po p\u016fl jedn\u00e9 ladn\u00fdmi parakotouli opou\u0161t\u00edme v Chocni za j\u00edzdy \u00a0rychl\u00edkovou soupravu a setk\u00e1v\u00e1me se na n\u00e1dra\u017e\u00ed podle pl\u00e1nu s doprovodn\u00fdm a podp\u016frn\u00fdm vozidlem z\u00e1rove\u0148, jeho\u017e velitelem je Karel Carlos zvan\u00fd &#8222;Val\u00edc\u00ed se k\u00e1men&#8220;. A proto\u017ee Petr v\u00ed, kudy jet, bez ot\u00e1len\u00ed za\u010d\u00edn\u00e1me ukrajovat z distance 4 kr\u00e1t deset kilometr\u016f, kter\u00e1 n\u00e1s dnes je\u0161t\u011b na kolech \u010dek\u00e1. Nevy\u0161\u0161\u00ed bod na trase &#8211; rozhledu Vrbici, zdol\u00e1v\u00e1me v pravd\u011b &#8222;levou zadn\u00ed&#8220;&#8230; A proto\u017ee je zde \u00fatuln\u00e9 z\u00e1zem\u00ed (z v\u00fd\u010depu proud\u00ed\u00a0 Bernard), setrv\u00e1v\u00e1me trochu d\u00e9le. A nejen proto. Zdr\u017e\u00ed n\u00e1s zde i de\u0161\u0165ov\u00e1 p\u0159eh\u00e1\u0148ka. Provizorn\u011b tedy poob\u011bdbv\u00e1me u rozhledny pe\u010den\u00e9 precl\u00ed\u010dky (m\u00edstn\u00edmu prodejci jsme skoupili ve\u0161ker\u00e9 z\u00e1soby) a po stabilizaci meteorologick\u00e9 situace bez jak\u00fdchkoli dal\u0161\u00edch pr\u016ftah\u016f m\u00ed\u0159\u00edme a posl\u00e9ze neomyln\u011b dor\u00e1\u017e\u00edme do Opo\u010dna, na na\u0161i do\u010dasnou z\u00e1kladnu v penzionu Jord\u00e1nek. Zde u\u017e na n\u00e1s \u010dek\u00e1 Vla\u010fka s Liborem a des\u00edtku state\u010dn\u00fdch MORAVC\u016e k ve\u010de\u0159i dopl\u0148uje pl\u00e1novan\u011b po autoose i Milan. U\u017e\u00edv\u00e1me si kl\u00eddku ve\u010dera, Petr porou\u010d\u00ed v\u00ednko a decentn\u011b slav\u00edme dodate\u010dn\u011b jeho narozky. V r\u00e1mci bojov\u00e9 porady je rozhodnuto, \u017ee z\u00edt\u0159ej\u0161\u00ed cesta povede do Ratibo\u0159ic, kde chceme zav\u00edtat do legend\u00e1rn\u00edho Babi\u010d\u010dina \u00fadol\u00ed. Ve\u010derka ve 24.00 je v z\u00e1sad\u011b dodr\u017eena, p\u0159i\u010dem\u017e &#8222;mejdlo&#8220; po uzav\u0159en\u00ed hotelov\u00e9 restaurace ve 22.00 hodin se kon\u00e1 v p\u00e1nsk\u00e9m pokoji \u010d.6 (Petr, Drso\u0148, Karel, Milan, Polda). A jak se uk\u00e1\u017ee, stane se toto v pr\u016fb\u011bhu na\u0161eho pobytu &#8211; tradic\u00ed&#8230;<\/p>\n<figure id=\"attachment_1149\" aria-describedby=\"caption-attachment-1149\" style=\"width: 2988px\" class=\"wp-caption alignnone\"><a href=\"http:\/\/www.moravecteam.cz\/?attachment_id=1149\" rel=\"attachment wp-att-1149\"><img decoding=\"async\" loading=\"lazy\" class=\" wp-image-1149\" alt=\"03\" src=\"http:\/\/www.moravecteam.cz\/wp-content\/uploads\/2015\/08\/031.jpg\" width=\"2988\" height=\"1871\" srcset=\"https:\/\/www.moravecteam.cz\/wp-content\/uploads\/2015\/08\/031.jpg 2988w, https:\/\/www.moravecteam.cz\/wp-content\/uploads\/2015\/08\/031-300x187.jpg 300w, https:\/\/www.moravecteam.cz\/wp-content\/uploads\/2015\/08\/031-1024x641.jpg 1024w\" sizes=\"(max-width: 2988px) 100vw, 2988px\" \/><\/a><figcaption id=\"caption-attachment-1149\" class=\"wp-caption-text\">Vodn\u00ed n\u00e1dr\u017e Rozko\u0161 je m\u00edstn\u00edm &#8222;mal\u00fdm mo\u0159em&#8220;. Fascinoval n\u00e1s odtud hlavn\u011b v\u00fdhled na Sn\u011b\u017eku&#8230;<\/figcaption><\/figure>\n<h5 style=\"text-align: justify;\"><strong>28.7.2015 &#8211; druh\u00fd den mise<\/strong><\/h5>\n<p style=\"text-align: justify;\">Po\u010das\u00ed se stabilizovalo, nen\u00ed horko, pro cestov\u00e1n\u00ed na kole je tak\u0159ka ide\u00e1ln\u00ed. Bud\u00ed\u010dek, tradi\u010dn\u00ed oblig\u00e1tn\u00ed rann\u00ed \u010di\u0161t\u011bn\u00ed zub\u016f, sn\u00eddan\u011b v 8.30, v\u0161e klape hladce, tak\u017ee v 9.30 vyr\u00e1\u017e\u00edme sm\u011br Ratibo\u0159ice \u00a0a s minim\u00e1ln\u00edmi zast\u00e1vkami v okoln\u00edch depech jsme z\u00e1hy bez probl\u00e9m\u016f u c\u00edle. Jedeme u\u017e v pln\u00e9 s\u00edle deseti rajdr\u016f, do sedla sv\u00e9ho biku se vy\u0161vihl i Carlos. Zdej\u0161\u00ed z\u00e1mek, jeho\u017e n\u00e1v\u0161t\u011bvu jsme neopomenuli, je prvn\u00edm ze t\u0159\u00ed historick\u00fdch klenot\u016f, kter\u00e9 jsme mohli v r\u00e1mci mise spat\u0159it. V ob\u010dersven\u00ed u z\u00e1mku lehce ob\u011bdv\u00e1me a za\u017e\u00edv\u00e1me zde dal\u0161\u00ed vrtoch o\u010das\u00ed: p\u0159ich\u00e1z\u00ed de\u0161\u0165ov\u00e1 p\u0159eh\u00e1\u0148ka umocn\u011bn\u00e1 siln\u00fdm v\u011btrem. Netrv\u00e1 na\u0161t\u011bst\u00ed dlouho a po kr\u00e1tk\u00e9 porad\u011b rozhodujeme, \u017ee se nebudeme vracet stejnou cestou, ale del\u0161\u00ed. Kolem vodn\u00ed n\u00e1dr\u017ee Rozko\u0161 se pokus\u00edme strefit obec \u0160estajovice, kam n\u00e1s pouta\u010de zvou do motomuzea a muzea hra\u010dek. Na pob\u0159e\u017e\u00ed Rozko\u0161e jsme se dostali bez pot\u00ed\u017e\u00ed. P\u0159ekvapuj\u00ed n\u00e1s po cel\u00fd den dv\u011b v\u011bci: \u00fa\u017easn\u011b rovinat\u00fd ter\u00e9n, kter\u00fd v t\u00e9to \u010d\u00e1sti podorlicka je a nezepamatovateln\u00e9 n\u00e1zvy zdej\u0161\u00edch obc\u00ed (\u0160estajovice, Karchleby, P\u0159estavlky, Spy, B\u011bstviny, Chleny&#8230;). Rovinat\u00fd ter\u00e9n je ale z\u00e1ludn\u00fd v tom, \u017ee si to svi\u0161t\u00edte a m\u016f\u017ee se V\u00e1m poda\u0159it minout odbo\u010dku, p\u0159ejet rozcestn\u00edk&#8230; O to p\u0159esn\u011b se stalo Petrovi, kdy\u017e p\u0159i cest\u011b od Rozko\u0161e minul v\u011btvemi zakryt\u00fd rozcestn\u00edk na Velkou Jesenici a \u0160estajovice. Zaj\u00ed\u017e\u010fka cca 4km&#8230; Pet\u0159e, to n\u00e1m ned\u011blej a polep\u0161i se! Bloud\u011bn\u00ed ale z\u00e1hy pokra\u010duje neb \u0160estajovice jsou pro n\u00e1s dlouho utajenou obc\u00ed&#8230; Bodej\u0165 ne, kdy\u017e cyklotrasa \u010d.4058 vede na jednom z rozcest\u00ed, bez jak\u00e9koli textov\u00e9 informace doprava i doleva&#8230; MORAVCE ale nic nezastav\u00ed a t\u011bsn\u011b p\u0159ed uzav\u0159en\u00edm expozice (v 18.00 hodin) jsme kone\u010dn\u011b v \u0160estajovick\u00e9m\u00a0muzeu. Je zde na co koukat, p\u0159edev\u0161\u00edm kluci si mlaskaj\u00ed, 73 historick\u00fdch motorek se hned tak nevid\u00ed&#8230; Po prohl\u00eddce, m\u00ed\u0159\u00edme zp\u011bt na z\u00e1kladnu, kde hrdinou dne vyhla\u0161ujeme Karla Carlose V\u0161etulu, zvan\u00e9ho &#8222;Val\u00edc\u00ed se k\u00e1men&#8220;. By\u0165 je zdravotn\u011b limitov\u00e1n, odvedl v pr\u016fb\u011bhu dne heroick\u00fd v\u00fdkon a spolu s n\u00e1mi najel na sv\u00e9m t\u011b\u017ekoton\u00e1\u017en\u00edm Domin\u00e1toru \u00factyhodn\u00fdch 70 km&#8230;. Bravo Karle! A op\u011bt pohodi\u010dka kempov\u00e9ho ve\u010dera&#8230; Piv\u00ednko, kaf\u00ed\u010dko, po 22.00 na velitelsk\u00e9 &#8222;\u0161estce&#8220; &#8222;mejdl\u00ed\u010dko&#8220;. Petr zahaluje n\u00e1sledn\u00fd kl\u00ed\u010dov\u00fd den mise tajemstv\u00edm&#8230; Slibuje t\u0159i stopy, ale nechce nic nikomu vyzradit, jenom po\u0159\u00e1d n\u011bkam telefonuje, je fakt tajemn\u00fd, jak onen pov\u011bstn\u00fd karpatsk\u00fd hrad&#8230; Jist\u00e9 je ale jedno: z\u00edtra nejedeme zhruba polovic toho, co dnes&#8230; Nebude-li se ov\u0161em Petrovi da\u0159it op\u011bt &#8222;kufrovat&#8220;&#8230;<\/p>\n<figure id=\"attachment_1148\" aria-describedby=\"caption-attachment-1148\" style=\"width: 4608px\" class=\"wp-caption alignnone\"><a href=\"http:\/\/www.moravecteam.cz\/?attachment_id=1148\" rel=\"attachment wp-att-1148\"><img decoding=\"async\" loading=\"lazy\" class=\" wp-image-1148\" alt=\"04\" src=\"http:\/\/www.moravecteam.cz\/wp-content\/uploads\/2015\/08\/04.jpg\" width=\"4608\" height=\"2592\" srcset=\"https:\/\/www.moravecteam.cz\/wp-content\/uploads\/2015\/08\/04.jpg 4608w, https:\/\/www.moravecteam.cz\/wp-content\/uploads\/2015\/08\/04-300x168.jpg 300w, https:\/\/www.moravecteam.cz\/wp-content\/uploads\/2015\/08\/04-1024x576.jpg 1024w\" sizes=\"(max-width: 4608px) 100vw, 4608px\" \/><\/a><figcaption id=\"caption-attachment-1148\" class=\"wp-caption-text\">C\u00edl mise spln\u011bn! S man\u017eeli Voborn\u00edkov\u00fdmi spole\u010dn\u00e1 fotka u rodn\u00e9ho domu Vlastimila MORAVCE v obci Spy.<\/figcaption><\/figure>\n<h5 style=\"text-align: justify;\">29.7.2015 &#8211; t\u0159et\u00ed den mise<\/h5>\n<p style=\"text-align: justify;\">Rann\u00ed procedury beze zm\u011bn (hlavn\u011b \u010di\u0161t\u011bn\u00ed zub\u016f nezanedb\u00e1v\u00e1me), ztr\u00e1ty minim\u00e1ln\u00ed, sem &#8211; tam bolest no\u017ei\u010dek, \u010di je\u0161t\u011b sedlem neoma\u010dkan\u00e9ho zade\u010dku, technick\u00e9 robl\u00e9my nehl\u00e1s\u00ed nikdo. To v\u0161e je p\u0159ed spln\u011bn\u00edm hlavn\u00edho c\u00edle mise pro Petra povzbudiv\u00e9&#8230; I Carlos je u\u017e OK a zregenerov\u00e1n, dnes n\u00e1m bude d\u011blat &#8222;garde&#8220; op\u011bt co by \u0159idi\u010d doprovodn\u00e9ho vozidla. V 9.30 vede Petr skupinu sm\u011br Dobru\u0161ka, kde na zast\u00e1vce na n\u00e1m\u011bst\u00ed ostatn\u00ed informuje, \u017ee prvn\u00ed stopu po Vlastimilu MORAVCOVI dnes naleznem ve v\u00edsce B\u011bstviny, kter\u00e1 se nach\u00e1z\u00ed severn\u011b nedaleko Dobru\u0161ky, v dom\u011b popisn\u00e9m \u010d.18. Za nedlouho zde n\u00e1\u0161 konvoj brzd\u00ed u kr\u00e1sn\u00e9 chalupy pod lesem a Petr n\u00e1m p\u0159edstavuje pana <strong><span style=\"color: #800000;\">Jaroslava Michla<\/span><\/strong>, jednoho ze dvou nejlep\u0161\u00edch kamar\u00e1d\u016f na\u0161eho Vlast\u00edka&#8230; Jarda n\u00e1s v\u00edt\u00e1 s man\u017eelkou Danou a okam\u017eit\u011b k na\u0161\u00ed velk\u00e9 radosti zji\u0161\u0165ujeme, \u017ee jsou oba &#8222;na\u0161\u00ed krevn\u00ed skupiny&#8220;. Na kr\u00e1tk\u00fd rozhovor o Vlastovi navazuje del\u0161\u00ed prohl\u00eddka hospod\u00e1\u0159stv\u00ed man\u017eel\u016f Michlov\u00fdch, kter\u00e9 je \u00factyhodn\u00e9&#8230; Ovce, ka\u010deny, husy, dr\u016fbe\u017e&#8230; To v\u0161e v kr\u00e1sn\u00e9m prost\u0159ed\u00ed chalupy\u00a0pod lesem&#8230; Jsme okouzleni prost\u0159ed\u00edm a pohostinnost\u00ed Michlov\u00fdch a zdr\u017eujeme se zde i proto d\u00e9le, ne\u017e bylo v pl\u00e1nu&#8230; Michlovy p\u0159i lou\u010den\u00ed zveme k ve\u010dern\u00edmu t\u00e1bor\u00e1ku a oni &#8211; k na\u0161\u00ed velk\u00e9 radosti &#8211; souhlas\u00ed! Petr je spokojen, prvn\u00ed stopa byla nalezena. Pokra\u010dujeme z B\u011bstvin ji\u017e do pro n\u00e1s kultovn\u00ed v\u00edsky Spy. Zde nal\u00e9z\u00e1me druhou stopu: rodn\u00fd d\u016fm Vlastimila MORAVCE. Fotem se st\u00e1vaj\u00edc\u00edmi obyvateli b\u00fdval\u00e9 \u0161koly &#8211; man\u017eely Voborn\u00edkov\u00fdmi &#8211; p\u0159ed rodn\u00fdm domem Vlasimila MORAVCE, je v cca 12.30 spln\u011bn c\u00edl mise &#8222;Franti\u0161ek Ladislav&#8220;. Stopujeme ale d\u00e1l. Ani ne za p\u016fl hodiny nal\u00e9z\u00e1me pl\u00e1novan\u011b t\u0159et\u00ed Petrem avizovanou stopu. Je j\u00ed pan Ladislav V\u00e1vra, v\u016fbec nejbli\u017e\u0161\u00ed kamar\u00e1d Vlastimila MORAVCE. I on p\u0159ij\u00edm\u00e1 pozv\u00e1n\u00ed k ve\u010dern\u00edmu t\u00e1bor\u00e1ku, i on je povahou veskrze na\u0161\u00ed krevn\u00ed skupiny&#8230; Spokojen\u00fd Petr vel\u00ed po rozlou\u010den\u00ed s L\u00e1\u010fou popojet do nedalek\u00e9ho Nov\u00e9ho M\u011bsta nad Metuj\u00ed, kde poob\u011bdv\u00e1me a omrkneme zdej\u0161\u00ed z\u00e1mek. Cestu vylad\u00ed Libor zkratkou neb p\u0159\u00edjezdov\u00e1 hlavn\u00ed silnice do m\u011bsta je v rekonstrukci. V dosavadn\u00edm pr\u016fb\u011bhu mise se Libor d\u00edky v\u00e9mu chytr\u00e9mu telofonu osv\u011bd\u010duje jako neoceniteln\u00fd zdroj p\u0159esn\u00fdch informac\u00ed (trasov\u00fdch, meteeorologick\u00fdch) v kl\u00ed\u010dov\u00e9m okam\u017eiku. Samotn\u00e9 m\u011bsto je taky &#8222;par\u00e1dn\u00edm \u010d\u00edslem&#8220;, jeho\u017e\u00a0dominantou je m\u00edstn\u00ed z\u00e1mek. Po cest\u011b zp\u011bt je\u0161t\u011b Petr z povzd\u00e1l\u00ed fot\u00ed ve Sp\u00e1ch MORAVC\u016eV d\u016fm i s cedulemi, kter\u00e9 zan\u010d\u00ed ulici Vlastimila MORAVCE, spojuj\u00edc\u00ed Spy s Nov\u00fdm M\u011bstem nad Metuj\u00ed. V\u010das a bez pot\u00ed\u017e\u00ed se v\u0161ichni st\u00edha\u010di vrac\u00ed v podve\u010der na z\u00e1kladnu a po ve\u010de\u0159i z\u00e1hy v\u00edt\u00e1me t\u0159i na\u0161e mil\u00e9 hosty&#8230;\u00a0Supr s nimi\u00a0pokec, p\u0159edev\u0161\u00edm o Vlas\u00edkovi, p\u0159i\u010dem\u017e Ivana d\u011bl\u00e1 pan\u00ed Dan\u011b &#8222;k\u0161eft&#8220;, kdy\u017e od n\u00ed kupuje obratem dv\u011b ka\u010denky &#8211; \u00a0druh zn\u00e1m\u00fd pod n\u00e1zvem &#8222;b\u011b\u017eci&#8220;&#8230; Zkr\u00e1tka v kr\u00e1tk\u00e9m \u00a0\u010dase vzniklo siln\u00e9 p\u0159\u00e1telsk\u00e9 pouto a v\u011b\u0159\u00edm, \u017ee na dlouho&#8230; Host\u00e9 n\u00e1m p\u0159ivezli dary (nap\u0159. vi\u0161\u0148ov\u00e9 v\u00edno, kter\u00e9 v\u017edy pil p. V\u00e1vra s Vlast\u00edkem za mlada\u00a0a pozd\u011bji,\u00a0kdy\u017e p\u0159ijel Vlasta ze sv\u011bta do rodn\u00e9 v\u00edsky), my jsme je na opl\u00e1tku pohostili a jenom n\u00e1s mrzelo, \u017ee s n\u00e1mi necht\u011bli ji\u017e j\u00edt po 22.00 na na\u0161e tradi\u010dn\u00ed &#8222;mejdlo&#8220; na &#8222;\u0161estce&#8220;&#8230; Ale nevid\u011bli jsme se s Jardou, La\u010fou a Danou v tu posledn\u00ed \u010dervencovou st\u0159edu r. 2015 ur\u010do na posled&#8230;<\/p>\n<figure id=\"attachment_1147\" aria-describedby=\"caption-attachment-1147\" style=\"width: 2979px\" class=\"wp-caption alignnone\"><a href=\"http:\/\/www.moravecteam.cz\/?attachment_id=1147\" rel=\"attachment wp-att-1147\"><img decoding=\"async\" loading=\"lazy\" class=\" wp-image-1147\" alt=\"05\" src=\"http:\/\/www.moravecteam.cz\/wp-content\/uploads\/2015\/08\/05.jpg\" width=\"2979\" height=\"2579\" srcset=\"https:\/\/www.moravecteam.cz\/wp-content\/uploads\/2015\/08\/05.jpg 2979w, https:\/\/www.moravecteam.cz\/wp-content\/uploads\/2015\/08\/05-300x259.jpg 300w, https:\/\/www.moravecteam.cz\/wp-content\/uploads\/2015\/08\/05-1024x886.jpg 1024w\" sizes=\"(max-width: 2979px) 100vw, 2979px\" \/><\/a><figcaption id=\"caption-attachment-1147\" class=\"wp-caption-text\">\u017de by st\u00e1tn\u00ed z\u00e1mek Opo\u010dno okukovali jeho nov\u00e9 majitelky?<\/figcaption><\/figure>\n<h5 style=\"text-align: justify;\">30.7.2015 &#8211; \u010dtvrt\u00fd den mise<\/h5>\n<p style=\"text-align: justify;\">Po rann\u00edch\u00a0rutinn\u00edch \u00fakonech\u00a0a sn\u00eddani bal\u00edme a nast\u00e1v\u00e1 lou\u010den\u00ed s pozorn\u00fdm perzon\u00e1lem, kter\u00fd se o n\u00e1s cel\u00e9 \u010dty\u0159i dny v\u00fdborn\u011b staral! P\u0159esouv\u00e1me se je\u0161t\u011b k m\u00edstn\u00edm z\u00e1mku a do t\u0159etice si u\u017e\u00edv\u00e1me v jeho kr\u00e1sn\u00fdch interi\u00e9rech &#8222;dechu d\u011bjin&#8220;. Okolo jeden\u00e1ct\u00e9 hodiny vyr\u00e1\u017e\u00ed na\u0161e skupina op\u011bt sm\u011br Drahansk\u00e1 vrchovina. Na kolech n\u00e1s jede\u00a0nezm\u011bn\u011bn\u00fd sextet (jako p\u0159i cest\u011b sem). Milan veze Ivan\u011b krom\u011b zavazadel dv\u011b ka\u010deny &#8211; b\u011b\u017ece, Tesa\u0159ovi odj\u00ed\u017ed\u00ed tak\u00e9 vozem a Karel n\u00e1s op\u011bt bude po trase jistit sv\u00fdm doprovodn\u00fdm vozidlem zna\u010dky Favorit. Tempo na\u0161\u00ed skupiny je chv\u00e1lihodn\u00e9. Petr n\u00e1s vede jinudy, mimo nejvy\u0161\u0161\u00ed bod, kter\u00fdm byla v pond\u011bl\u00ed rozhledna Vrbice, ale ne oklikou.\u00a0Po\u010das\u00ed je slune\u010dn\u00e9, tro\u0161ku n\u00e1s akor\u00e1t \u0161tve docela siln\u00fd v\u00edtr, ale na\u0161t\u011bst\u00ed ho nem\u00e1me &#8222;v \u010denichu&#8220;. Chlad\u00ed n\u00e1s sp\u00ed\u0161e z prav\u00e9ho boku, a m\u00edsty n\u00e1m i pom\u00e1h\u00e1 do zad. Ne\u017e se nad\u011bjeme, ob\u011bdv\u00e1me v \u010castolovic\u00edch a je dobr\u00fd p\u0159edpoklad, \u017ee budeme v Chocni na rychl\u00edk v 15.25 hodin. I po ob\u011bd\u011b se Petrovi da\u0159\u00ed nekufrovat a neomyln\u011b vede skupinu p\u0159es Kostelec nad Orlic\u00ed, Karchleby &#8211; sm\u011br Choce\u0148. L\u00eddrem je s n\u00edm ne\u00fanavn\u00e1 Ivana, na t\u0159et\u00ed m\u00edsto minipelotonku se tla\u010d\u00ed p\u0159ekvapiv\u011b Lenka, vysloven\u011b zodpov\u011bdn\u011b, svi\u017en\u011b a na t\u00fdm jedou Eva, Drso\u0148 i Polda. Tak\u017ee Choce\u0148 City je z\u00e1hy dosa\u017eena, by\u0165 odtud nakonec odj\u00ed\u017ed\u00edme rychl\u00edkem a\u017e v 17.25. Pohodi\u010dka posledn\u00edch dn\u016f pokra\u010due i ve vlaku a\u00a0ze Skalice n\u00e1s k n\u00e1m nahoru evakuuje Milan Tlamka &#8222;Contador&#8220;, kter\u00fd beze ztr\u00e1t p\u0159ed t\u00edm vylo\u017eil v Lysic\u00edch dva Ivaniny ka\u010den\u00ed b\u011b\u017ece&#8230; S podve\u010derem na Okrouhl\u00e9 \u00a0u &#8222;Contador\u016f&#8220; Petr tradi\u010dn\u00edm povelem pravou rukou kon\u010d\u00ed definitivn\u011b vele\u00fasp\u011b\u0161nou misi &#8222;Franti\u0161ek Ladislav&#8220;&#8230;<\/p>\n<p style=\"text-align: justify;\">Na to nejcenn\u011bj\u0161\u00ed, co jsme si z podorlicka p\u0159ivezli, mrkn\u011bte tu\u0165:\u00a0<strong><a href=\"http:\/\/www.ceskatelevize.cz\/porady\/10123383458-pribehy-slavnych\/402223100031013-mrkvuv-pad-do-nebe\/\">http:\/\/www.ceskatelevize.cz\/porady\/10123383458-pribehy-slavnych\/402223100031013-mrkvuv-pad-do-nebe\/<\/a><\/strong><\/p>\n<p style=\"text-align: justify;\">Salva fotodokumentace z kempu MORAVCE je u\u017e taky zde:\u00a0<strong><a href=\"http:\/\/moravecteam.rajce.idnes.cz\/2015.07.30._Kemp_Opocno\/\">http:\/\/moravecteam.rajce.idnes.cz\/2015.07.30._Kemp_Opocno\/<\/a><\/strong><\/p>\n<p style=\"text-align: justify;\">\n","protected":false},"excerpt":{"rendered":"<p>Skl\u00e1da\u010dka do sebe zapadla.\u00a0Fin\u00e1ln\u00ed dlouhodob\u00fd dluh, kter\u00fd n\u00e1\u0161 odd\u00edl m\u011bl v\u016f\u010di Vlastimilu MORAVCOVI, a to ten, \u017ee jsme po celou dobu trv\u00e1n\u00ed na\u0161eho odd\u00edlu nezav\u00edtali do jeho rodn\u00e9ho kraje, je po posledn\u00edm \u010dervencov\u00e9m t\u00fddnu 2015 bezezbytku vypln\u011bn. Des\u00edtka state\u010dn\u00fdch MORAVC\u016e v r\u00e1mci riskantn\u00ed mise s kryc\u00edm n\u00e1zvem &#8222;Franti\u0161ek Ladislav&#8220;, kter\u00e1 nem\u00e1 po technick\u00e9 str\u00e1nce p\u0159epravy &hellip; <a href=\"https:\/\/www.moravecteam.cz\/?p=1115\" class=\"more-link\">Pokra\u010dov\u00e1n\u00ed textu <span class=\"screen-reader-text\">Po stop\u00e1ch MORAVCE<\/span> <span class=\"meta-nav\">&rarr;<\/span><\/a><\/p>\n","protected":false},"author":3,"featured_media":1129,"comment_status":"closed","ping_status":"closed","sticky":false,"template":"","format":"standard","meta":[],"categories":[13],"tags":[],"_links":{"self":[{"href":"https:\/\/www.moravecteam.cz\/index.php?rest_route=\/wp\/v2\/posts\/1115"}],"collection":[{"href":"https:\/\/www.moravecteam.cz\/index.php?rest_route=\/wp\/v2\/posts"}],"about":[{"href":"https:\/\/www.moravecteam.cz\/index.php?rest_route=\/wp\/v2\/types\/post"}],"author":[{"embeddable":true,"href":"https:\/\/www.moravecteam.cz\/index.php?rest_route=\/wp\/v2\/users\/3"}],"replies":[{"embeddable":true,"href":"https:\/\/www.moravecteam.cz\/index.php?rest_route=%2Fwp%2Fv2%2Fcomments&post=1115"}],"version-history":[{"count":16,"href":"https:\/\/www.moravecteam.cz\/index.php?rest_route=\/wp\/v2\/posts\/1115\/revisions"}],"predecessor-version":[{"id":1156,"href":"https:\/\/www.moravecteam.cz\/index.php?rest_route=\/wp\/v2\/posts\/1115\/revisions\/1156"}],"wp:featuredmedia":[{"embeddable":true,"href":"https:\/\/www.moravecteam.cz\/index.php?rest_route=\/wp\/v2\/media\/1129"}],"wp:attachment":[{"href":"https:\/\/www.moravecteam.cz\/index.php?rest_route=%2Fwp%2Fv2%2Fmedia&parent=1115"}],"wp:term":[{"taxonomy":"category","embeddable":true,"href":"https:\/\/www.moravecteam.cz\/index.php?rest_route=%2Fwp%2Fv2%2Fcategories&post=1115"},{"taxonomy":"post_tag","embeddable":true,"href":"https:\/\/www.moravecteam.cz\/index.php?rest_route=%2Fwp%2Fv2%2Ftags&post=1115"}],"curies":[{"name":"wp","href":"https:\/\/api.w.org\/{rel}","templated":true}]}}